{"id":1000,"date":"2016-07-09T17:28:52","date_gmt":"2016-07-09T17:28:52","guid":{"rendered":"https:\/\/filmfestivaldorf.com\/hr\/?p=1000"},"modified":"2020-05-23T17:31:58","modified_gmt":"2020-05-23T17:31:58","slug":"dorf-na-cresu-treci-dan","status":"publish","type":"post","link":"https:\/\/filmfestivaldorf.com\/hr\/2016\/07\/09\/dorf-na-cresu-treci-dan\/","title":{"rendered":"DORF NA CRESU \u2013 tre\u0107i dan"},"content":{"rendered":"<p>9.July<\/p>\n<p>Zavr\u0161etak programa na Cresu donosi odli\u010dan film, poslasticu za sve ljubitelje pustinjskog bluesa i na samom kraju DJ Sme\u0111i \u0160e\u0107er<\/p>\n<p>9.7. (SUBOTA)<br \/>\n21:30<br \/>\nNe padam na koljeno, 51\u2032 \/You wont bring me to my knees (Slovenia)\/<br \/>\nKi\u0161a plave boje s malo crvene, 75\u2032 \/ Purple Rain (France)\/<br \/>\nOFF DORF\/ DJ Sme\u0111i \u0160e\u0107er \/ live act (soul, funk, groove)\/<\/p>\n","protected":false},"excerpt":{"rendered":"<p>9.July Zavr\u0161etak programa na Cresu donosi odli\u010dan film, poslasticu za sve ljubitelje pustinjskog bluesa i na samom kraju DJ Sme\u0111i \u0160e\u0107er 9.7. (SUBOTA) 21:30 Ne padam na koljeno, 51\u2032 \/You wont bring me to my knees (Slovenia)\/ Ki\u0161a plave boje s malo crvene, 75\u2032 \/ Purple Rain (France)\/ OFF DORF\/ DJ Sme\u0111i \u0160e\u0107er \/ live [&#8230;]\n","protected":false},"author":1,"featured_media":0,"comment_status":"closed","ping_status":"closed","sticky":false,"template":"","format":"standard","meta":{"_monsterinsights_skip_tracking":false,"_monsterinsights_sitenote_active":false,"_monsterinsights_sitenote_note":"","_monsterinsights_sitenote_category":0,"_links_to":"","_links_to_target":""},"categories":[1],"tags":[],"aioseo_notices":[],"_links":{"self":[{"href":"https:\/\/filmfestivaldorf.com\/hr\/wp-json\/wp\/v2\/posts\/1000"}],"collection":[{"href":"https:\/\/filmfestivaldorf.com\/hr\/wp-json\/wp\/v2\/posts"}],"about":[{"href":"https:\/\/filmfestivaldorf.com\/hr\/wp-json\/wp\/v2\/types\/post"}],"author":[{"embeddable":true,"href":"https:\/\/filmfestivaldorf.com\/hr\/wp-json\/wp\/v2\/users\/1"}],"replies":[{"embeddable":true,"href":"https:\/\/filmfestivaldorf.com\/hr\/wp-json\/wp\/v2\/comments?post=1000"}],"version-history":[{"count":1,"href":"https:\/\/filmfestivaldorf.com\/hr\/wp-json\/wp\/v2\/posts\/1000\/revisions"}],"predecessor-version":[{"id":1001,"href":"https:\/\/filmfestivaldorf.com\/hr\/wp-json\/wp\/v2\/posts\/1000\/revisions\/1001"}],"wp:attachment":[{"href":"https:\/\/filmfestivaldorf.com\/hr\/wp-json\/wp\/v2\/media?parent=1000"}],"wp:term":[{"taxonomy":"category","embeddable":true,"href":"https:\/\/filmfestivaldorf.com\/hr\/wp-json\/wp\/v2\/categories?post=1000"},{"taxonomy":"post_tag","embeddable":true,"href":"https:\/\/filmfestivaldorf.com\/hr\/wp-json\/wp\/v2\/tags?post=1000"}],"curies":[{"name":"wp","href":"https:\/\/api.w.org\/{rel}","templated":true}]}}