{"id":1002,"date":"2016-07-08T17:32:58","date_gmt":"2016-07-08T17:32:58","guid":{"rendered":"https:\/\/filmfestivaldorf.com\/hr\/?p=1002"},"modified":"2020-05-23T17:34:59","modified_gmt":"2020-05-23T17:34:59","slug":"na-cresu-poceo-10-dorf","status":"publish","type":"post","link":"https:\/\/filmfestivaldorf.com\/hr\/2016\/07\/08\/na-cresu-poceo-10-dorf\/","title":{"rendered":"NA CRESU PO\u010cEO 10.DORF"},"content":{"rendered":"<figure class=\"featured-media\">\n<div class=\"featured-media-inner section-inner\"><img loading=\"lazy\" class=\"attachment-post-thumbnail size-post-thumbnail wp-post-image\" src=\"https:\/\/filmfestivaldorf.com\/hrv\/wp-content\/uploads\/2016\/07\/otvaranje-1-Copy.jpg\" sizes=\"(max-width: 710px) 100vw, 710px\" srcset=\"https:\/\/filmfestivaldorf.com\/hrv\/wp-content\/uploads\/2016\/07\/otvaranje-1-Copy.jpg 710w, https:\/\/filmfestivaldorf.com\/hrv\/wp-content\/uploads\/2016\/07\/otvaranje-1-Copy-300x203.jpg 300w\" alt=\"\" width=\"710\" height=\"480\" \/><\/div>\n<\/figure>\n<div class=\"post-inner thin \">\n<div class=\"entry-content\">\n<p>8.July<\/p>\n<p>Regionalnom premijerom filma Oslobo\u0111eni Daft Punk u \u010detvrtak 7.7. po\u010deo je 10.Festival DORF. U ispunjenom Ljetnom kinu Cres festival je otvorio Kristijan Jurjako, gradona\u010delnik Cresa.<\/p>\n<p>U popratnom programu otvorena je izlo\u017eba EDIT Comics, a nakon projekcije nastupio je NT Wave.<\/p>\n<p>Na festivalu \u0107e ovo ljeto biti prikazano ukupno 18 filmova, u Cresu, Puli, Primo\u0161tenu, Ozlju i Vinkovcima.<\/p>\n<p>Pratite vijesti o programu na Cresu na\u00a0<a href=\"https:\/\/web.facebook.com\/events\/1195488870483365\/\">Facebooku<\/a><\/p>\n<\/div>\n<\/div>\n","protected":false},"excerpt":{"rendered":"<p>8.July Regionalnom premijerom filma Oslobo\u0111eni Daft Punk u \u010detvrtak 7.7. po\u010deo je 10.Festival DORF. U ispunjenom Ljetnom kinu Cres festival je otvorio Kristijan Jurjako, gradona\u010delnik Cresa. U popratnom programu otvorena je izlo\u017eba EDIT Comics, a nakon projekcije nastupio je NT Wave. Na festivalu \u0107e ovo ljeto biti prikazano ukupno 18 filmova, u Cresu, Puli, Primo\u0161tenu, [&#8230;]\n","protected":false},"author":1,"featured_media":0,"comment_status":"closed","ping_status":"closed","sticky":false,"template":"","format":"standard","meta":{"_monsterinsights_skip_tracking":false,"_monsterinsights_sitenote_active":false,"_monsterinsights_sitenote_note":"","_monsterinsights_sitenote_category":0,"_links_to":"","_links_to_target":""},"categories":[1],"tags":[],"aioseo_notices":[],"_links":{"self":[{"href":"https:\/\/filmfestivaldorf.com\/hr\/wp-json\/wp\/v2\/posts\/1002"}],"collection":[{"href":"https:\/\/filmfestivaldorf.com\/hr\/wp-json\/wp\/v2\/posts"}],"about":[{"href":"https:\/\/filmfestivaldorf.com\/hr\/wp-json\/wp\/v2\/types\/post"}],"author":[{"embeddable":true,"href":"https:\/\/filmfestivaldorf.com\/hr\/wp-json\/wp\/v2\/users\/1"}],"replies":[{"embeddable":true,"href":"https:\/\/filmfestivaldorf.com\/hr\/wp-json\/wp\/v2\/comments?post=1002"}],"version-history":[{"count":1,"href":"https:\/\/filmfestivaldorf.com\/hr\/wp-json\/wp\/v2\/posts\/1002\/revisions"}],"predecessor-version":[{"id":1003,"href":"https:\/\/filmfestivaldorf.com\/hr\/wp-json\/wp\/v2\/posts\/1002\/revisions\/1003"}],"wp:attachment":[{"href":"https:\/\/filmfestivaldorf.com\/hr\/wp-json\/wp\/v2\/media?parent=1002"}],"wp:term":[{"taxonomy":"category","embeddable":true,"href":"https:\/\/filmfestivaldorf.com\/hr\/wp-json\/wp\/v2\/categories?post=1002"},{"taxonomy":"post_tag","embeddable":true,"href":"https:\/\/filmfestivaldorf.com\/hr\/wp-json\/wp\/v2\/tags?post=1002"}],"curies":[{"name":"wp","href":"https:\/\/api.w.org\/{rel}","templated":true}]}}