{"id":1008,"date":"2016-07-04T17:37:24","date_gmt":"2016-07-04T17:37:24","guid":{"rendered":"https:\/\/filmfestivaldorf.com\/hr\/?p=1008"},"modified":"2020-05-23T17:37:55","modified_gmt":"2020-05-23T17:37:55","slug":"10-dorf-na-klasiktv","status":"publish","type":"post","link":"https:\/\/filmfestivaldorf.com\/hr\/2016\/07\/04\/10-dorf-na-klasiktv\/","title":{"rendered":"10.DORF NA KLASIKTV"},"content":{"rendered":"<figure class=\"featured-media\">\n<div class=\"featured-media-inner section-inner\"><img loading=\"lazy\" class=\"attachment-post-thumbnail size-post-thumbnail wp-post-image\" src=\"https:\/\/filmfestivaldorf.com\/hrv\/wp-content\/uploads\/2016\/07\/damir-avdic-kopija.jpg\" sizes=\"(max-width: 710px) 100vw, 710px\" srcset=\"https:\/\/filmfestivaldorf.com\/hrv\/wp-content\/uploads\/2016\/07\/damir-avdic-kopija.jpg 710w, https:\/\/filmfestivaldorf.com\/hrv\/wp-content\/uploads\/2016\/07\/damir-avdic-kopija-300x203.jpg 300w\" alt=\"\" width=\"710\" height=\"480\" \/><\/div>\n<\/figure>\n<div class=\"post-inner thin \">\n<div class=\"entry-content\">\n<p>\u2026<\/p>\n<p>Ususret ovogodi\u0161njem, jubilarnom 10. Festivalu dokumentarnog rock filma \u00a0Klasik TV\u00a0<strong>od 4.7. do 6.7. svakog dana u pono\u0107<\/strong>\u00a0prikazuje jedan od filmova s dosada\u0161njih festivalskih izdanja.<\/p>\n<p>Premijerno se na Klasik TV-u prikazuje dokumentarac<em>\u00a0Kako smo u\u0161li u Europu \u2013 Slu\u010daj SexA<\/em>\u00a0(2012.) redateljice Ines Pletikos u kojem se rekonstruiraju \u017eivotne pri\u010de \u010dlanova kultne dark noise grupe SexA, te film redatelja Gjorgjia Janevskog\u00a0<em>Ako nitko ne svira<\/em>\u00a0(2010.), o zanimljivom i super aktivnom makedonskom bendu Bernays Propaganda i o Vasku Atanasoskom \u2013 gitaristu i spiritus movensu benda, \u010dovjeku nevjerojatne energije, hrabrom i potpuno posve\u0107enom onome \u0161to radi.<\/p>\n<p>Filmovi:<br \/>\nponedjeljak, 4.7. u 24h \u2013\u00a0<em>Kako smo u\u0161li u Europu \u2013 Slu\u010daj SexA<\/em>\u00a0(2012.)<br \/>\nutorak, 5.7. od 24h \u2013\u00a0<em>Pravi \u010dovjek za kapitalizam \u2013 Damir Avdi\u0107<\/em>\u00a0(2013.) \/\u00a0<em>Bo\u017ee \u010duvaj Le Zbor<\/em>\u00a0(2009.)<br \/>\nsrijeda, 6.7. od 24h \u2013\u00a0<em>Ako nitko ne svira<\/em>\u00a0(2010.) \/\u00a0<em>O\u010di u magli\u00a0<\/em>(2005.)<\/p>\n<\/div>\n<\/div>\n<div class=\"section-inner\">\n<div class=\"post-meta-wrapper post-meta-edit-link-wrapper\">\n<ul class=\"post-meta\">\n<li class=\"post-edit meta-wrapper\"><\/li>\n<\/ul>\n<\/div>\n<\/div>\n","protected":false},"excerpt":{"rendered":"<p>\u2026 Ususret ovogodi\u0161njem, jubilarnom 10. Festivalu dokumentarnog rock filma \u00a0Klasik TV\u00a0od 4.7. do 6.7. svakog dana u pono\u0107\u00a0prikazuje jedan od filmova s dosada\u0161njih festivalskih izdanja. Premijerno se na Klasik TV-u prikazuje dokumentarac\u00a0Kako smo u\u0161li u Europu \u2013 Slu\u010daj SexA\u00a0(2012.) redateljice Ines Pletikos u kojem se rekonstruiraju \u017eivotne pri\u010de \u010dlanova kultne dark noise grupe SexA, te [&#8230;]\n","protected":false},"author":1,"featured_media":0,"comment_status":"closed","ping_status":"closed","sticky":false,"template":"","format":"standard","meta":{"_monsterinsights_skip_tracking":false,"_monsterinsights_sitenote_active":false,"_monsterinsights_sitenote_note":"","_monsterinsights_sitenote_category":0,"_links_to":"","_links_to_target":""},"categories":[1],"tags":[],"aioseo_notices":[],"_links":{"self":[{"href":"https:\/\/filmfestivaldorf.com\/hr\/wp-json\/wp\/v2\/posts\/1008"}],"collection":[{"href":"https:\/\/filmfestivaldorf.com\/hr\/wp-json\/wp\/v2\/posts"}],"about":[{"href":"https:\/\/filmfestivaldorf.com\/hr\/wp-json\/wp\/v2\/types\/post"}],"author":[{"embeddable":true,"href":"https:\/\/filmfestivaldorf.com\/hr\/wp-json\/wp\/v2\/users\/1"}],"replies":[{"embeddable":true,"href":"https:\/\/filmfestivaldorf.com\/hr\/wp-json\/wp\/v2\/comments?post=1008"}],"version-history":[{"count":1,"href":"https:\/\/filmfestivaldorf.com\/hr\/wp-json\/wp\/v2\/posts\/1008\/revisions"}],"predecessor-version":[{"id":1009,"href":"https:\/\/filmfestivaldorf.com\/hr\/wp-json\/wp\/v2\/posts\/1008\/revisions\/1009"}],"wp:attachment":[{"href":"https:\/\/filmfestivaldorf.com\/hr\/wp-json\/wp\/v2\/media?parent=1008"}],"wp:term":[{"taxonomy":"category","embeddable":true,"href":"https:\/\/filmfestivaldorf.com\/hr\/wp-json\/wp\/v2\/categories?post=1008"},{"taxonomy":"post_tag","embeddable":true,"href":"https:\/\/filmfestivaldorf.com\/hr\/wp-json\/wp\/v2\/tags?post=1008"}],"curies":[{"name":"wp","href":"https:\/\/api.w.org\/{rel}","templated":true}]}}