{"id":1032,"date":"2016-06-10T18:08:08","date_gmt":"2016-06-10T18:08:08","guid":{"rendered":"https:\/\/filmfestivaldorf.com\/hr\/?p=1032"},"modified":"2020-05-23T18:09:06","modified_gmt":"2020-05-23T18:09:06","slug":"izlozba-edit-comics-stripova-i-ilustracija","status":"publish","type":"post","link":"https:\/\/filmfestivaldorf.com\/hr\/2016\/06\/10\/izlozba-edit-comics-stripova-i-ilustracija\/","title":{"rendered":"Izlo\u017eba EDIT Comics stripova i ilustracija"},"content":{"rendered":"<figure class=\"featured-media\">\n<div class=\"featured-media-inner section-inner\"><img loading=\"lazy\" class=\"attachment-post-thumbnail size-post-thumbnail wp-post-image\" src=\"https:\/\/filmfestivaldorf.com\/hrv\/wp-content\/uploads\/2016\/06\/edit-comics.jpg\" sizes=\"(max-width: 700px) 100vw, 700px\" srcset=\"https:\/\/filmfestivaldorf.com\/hrv\/wp-content\/uploads\/2016\/06\/edit-comics.jpg 700w, https:\/\/filmfestivaldorf.com\/hrv\/wp-content\/uploads\/2016\/06\/edit-comics-300x198.jpg 300w\" alt=\"\" width=\"700\" height=\"461\" \/><\/div>\n<\/figure>\n<div class=\"post-inner thin \">\n<div class=\"entry-content\">\n<p>Premijerno na Cresu, izlo\u017eba stripova i ilustracija velikana doma\u0107eg stripa \u2013 Dubravka Matakovi\u0107a i Kre\u0161imira Zimoni\u0107a.<\/p>\n<p>Udruga RARE pokrenula je platformu i brojne edukativne aktivnosti, a jedna od njih je i izlo\u017eba stripova i ilustracija koje su Zimoni\u0107 i Matakovi\u0107 radili za osnovne \u0161kole \u2013 od Modre laste i Smiba do \u010dasopisa OK. Izlo\u017eba je obi\u0161la koliko desetaka osnovnih \u0161kola po cijeloj dr\u017eavi i radujemo se premijernom prikazivanju na Cresu.<\/p>\n<\/div>\n<\/div>\n","protected":false},"excerpt":{"rendered":"<p>Premijerno na Cresu, izlo\u017eba stripova i ilustracija velikana doma\u0107eg stripa \u2013 Dubravka Matakovi\u0107a i Kre\u0161imira Zimoni\u0107a. Udruga RARE pokrenula je platformu i brojne edukativne aktivnosti, a jedna od njih je i izlo\u017eba stripova i ilustracija koje su Zimoni\u0107 i Matakovi\u0107 radili za osnovne \u0161kole \u2013 od Modre laste i Smiba do \u010dasopisa OK. Izlo\u017eba je [&#8230;]\n","protected":false},"author":1,"featured_media":0,"comment_status":"closed","ping_status":"closed","sticky":false,"template":"","format":"standard","meta":{"_monsterinsights_skip_tracking":false,"_monsterinsights_sitenote_active":false,"_monsterinsights_sitenote_note":"","_monsterinsights_sitenote_category":0,"_links_to":"","_links_to_target":""},"categories":[1],"tags":[],"aioseo_notices":[],"_links":{"self":[{"href":"https:\/\/filmfestivaldorf.com\/hr\/wp-json\/wp\/v2\/posts\/1032"}],"collection":[{"href":"https:\/\/filmfestivaldorf.com\/hr\/wp-json\/wp\/v2\/posts"}],"about":[{"href":"https:\/\/filmfestivaldorf.com\/hr\/wp-json\/wp\/v2\/types\/post"}],"author":[{"embeddable":true,"href":"https:\/\/filmfestivaldorf.com\/hr\/wp-json\/wp\/v2\/users\/1"}],"replies":[{"embeddable":true,"href":"https:\/\/filmfestivaldorf.com\/hr\/wp-json\/wp\/v2\/comments?post=1032"}],"version-history":[{"count":1,"href":"https:\/\/filmfestivaldorf.com\/hr\/wp-json\/wp\/v2\/posts\/1032\/revisions"}],"predecessor-version":[{"id":1033,"href":"https:\/\/filmfestivaldorf.com\/hr\/wp-json\/wp\/v2\/posts\/1032\/revisions\/1033"}],"wp:attachment":[{"href":"https:\/\/filmfestivaldorf.com\/hr\/wp-json\/wp\/v2\/media?parent=1032"}],"wp:term":[{"taxonomy":"category","embeddable":true,"href":"https:\/\/filmfestivaldorf.com\/hr\/wp-json\/wp\/v2\/categories?post=1032"},{"taxonomy":"post_tag","embeddable":true,"href":"https:\/\/filmfestivaldorf.com\/hr\/wp-json\/wp\/v2\/tags?post=1032"}],"curies":[{"name":"wp","href":"https:\/\/api.w.org\/{rel}","templated":true}]}}