{"id":1058,"date":"2016-06-06T18:25:39","date_gmt":"2016-06-06T18:25:39","guid":{"rendered":"https:\/\/filmfestivaldorf.com\/hr\/?p=1058"},"modified":"2020-05-23T18:26:48","modified_gmt":"2020-05-23T18:26:48","slug":"wooden-ambulance-bike-tour-2013","status":"publish","type":"post","link":"https:\/\/filmfestivaldorf.com\/hr\/2016\/06\/06\/wooden-ambulance-bike-tour-2013\/","title":{"rendered":"WOODEN AMBULANCE BIKE TOUR 2013"},"content":{"rendered":"<figure class=\"featured-media\">\n<div class=\"featured-media-inner section-inner\"><img loading=\"lazy\" class=\"attachment-post-thumbnail size-post-thumbnail wp-post-image\" src=\"https:\/\/filmfestivaldorf.com\/hrv\/wp-content\/uploads\/2016\/06\/Wooden-Ambulance-1.jpg\" sizes=\"(max-width: 950px) 100vw, 950px\" srcset=\"https:\/\/filmfestivaldorf.com\/hrv\/wp-content\/uploads\/2016\/06\/Wooden-Ambulance-1.jpg 950w, https:\/\/filmfestivaldorf.com\/hrv\/wp-content\/uploads\/2016\/06\/Wooden-Ambulance-1-300x197.jpg 300w, https:\/\/filmfestivaldorf.com\/hrv\/wp-content\/uploads\/2016\/06\/Wooden-Ambulance-1-768x505.jpg 768w, https:\/\/filmfestivaldorf.com\/hrv\/wp-content\/uploads\/2016\/06\/Wooden-Ambulance-1-720x474.jpg 720w\" alt=\"\" width=\"950\" height=\"625\" \/><\/div>\n<\/figure>\n<div class=\"post-inner thin \">\n<div class=\"entry-content\">\n<p>WOODEN AMBULANCE BIKE TOUR 2013<br \/>\nT: 28\u2032<br \/>\nR:Andrea Kova\u010devi\u0107, Srbija<br \/>\nP: Goran Grubi\u0161i\u0107 (2015)<br \/>\n<span id=\"more-1679\"><\/span><br \/>\n<strong>Vrijeme prikazivanja:<\/strong><br \/>\n\u201cZa14 dana tokom kraja ljeta 2013. Wooden Ambulance duo (Goran i Rudi) ponovo na svojim biciklima, opremljeni akusti\u010dnom gitarom, perkusijama, skromnim biciklisti\u010dkim umije\u0107em kao i sa svojim diletantskim muziciranjem i pjevanjem ovaj put poku\u0161ali su osvojiti neke malo sjevernije krajeve\u2026 (Vojvodina, Slavonija, Hungary \u2013 14 days \u2013 11 cities \u2013 15 concerts \u2013 1000km)\u201d. Na\u0161i dragi prijatelji iz Subotice dolaze na DORF s drugim lo-fi dnevnikom sa svojih biciklisti\u010dkih turneja, donose dobre emocije i u\u017eitak u glazbi i \u017eivotu, na najbolji na\u010din. Hrvatska premijera.<\/p>\n<\/div>\n<\/div>\n","protected":false},"excerpt":{"rendered":"<p>WOODEN AMBULANCE BIKE TOUR 2013 T: 28\u2032 R:Andrea Kova\u010devi\u0107, Srbija P: Goran Grubi\u0161i\u0107 (2015) Vrijeme prikazivanja: \u201cZa14 dana tokom kraja ljeta 2013. Wooden Ambulance duo (Goran i Rudi) ponovo na svojim biciklima, opremljeni akusti\u010dnom gitarom, perkusijama, skromnim biciklisti\u010dkim umije\u0107em kao i sa svojim diletantskim muziciranjem i pjevanjem ovaj put poku\u0161ali su osvojiti neke malo sjevernije [&#8230;]\n","protected":false},"author":1,"featured_media":0,"comment_status":"closed","ping_status":"closed","sticky":false,"template":"","format":"standard","meta":{"_monsterinsights_skip_tracking":false,"_monsterinsights_sitenote_active":false,"_monsterinsights_sitenote_note":"","_monsterinsights_sitenote_category":0,"_links_to":"","_links_to_target":""},"categories":[1],"tags":[],"aioseo_notices":[],"_links":{"self":[{"href":"https:\/\/filmfestivaldorf.com\/hr\/wp-json\/wp\/v2\/posts\/1058"}],"collection":[{"href":"https:\/\/filmfestivaldorf.com\/hr\/wp-json\/wp\/v2\/posts"}],"about":[{"href":"https:\/\/filmfestivaldorf.com\/hr\/wp-json\/wp\/v2\/types\/post"}],"author":[{"embeddable":true,"href":"https:\/\/filmfestivaldorf.com\/hr\/wp-json\/wp\/v2\/users\/1"}],"replies":[{"embeddable":true,"href":"https:\/\/filmfestivaldorf.com\/hr\/wp-json\/wp\/v2\/comments?post=1058"}],"version-history":[{"count":1,"href":"https:\/\/filmfestivaldorf.com\/hr\/wp-json\/wp\/v2\/posts\/1058\/revisions"}],"predecessor-version":[{"id":1059,"href":"https:\/\/filmfestivaldorf.com\/hr\/wp-json\/wp\/v2\/posts\/1058\/revisions\/1059"}],"wp:attachment":[{"href":"https:\/\/filmfestivaldorf.com\/hr\/wp-json\/wp\/v2\/media?parent=1058"}],"wp:term":[{"taxonomy":"category","embeddable":true,"href":"https:\/\/filmfestivaldorf.com\/hr\/wp-json\/wp\/v2\/categories?post=1058"},{"taxonomy":"post_tag","embeddable":true,"href":"https:\/\/filmfestivaldorf.com\/hr\/wp-json\/wp\/v2\/tags?post=1058"}],"curies":[{"name":"wp","href":"https:\/\/api.w.org\/{rel}","templated":true}]}}