{"id":1062,"date":"2016-06-06T18:29:46","date_gmt":"2016-06-06T18:29:46","guid":{"rendered":"https:\/\/filmfestivaldorf.com\/hr\/?p=1062"},"modified":"2020-05-23T18:31:04","modified_gmt":"2020-05-23T18:31:04","slug":"prica-o-grupi-eva-braun","status":"publish","type":"post","link":"https:\/\/filmfestivaldorf.com\/hr\/2016\/06\/06\/prica-o-grupi-eva-braun\/","title":{"rendered":"PRI\u010cA O GRUPI EVA BRAUN"},"content":{"rendered":"<figure class=\"featured-media\">\n<div class=\"featured-media-inner section-inner\"><img loading=\"lazy\" class=\"attachment-post-thumbnail size-post-thumbnail wp-post-image\" src=\"https:\/\/filmfestivaldorf.com\/hrv\/wp-content\/uploads\/2016\/06\/eva-braun-1.jpg\" sizes=\"(max-width: 700px) 100vw, 700px\" srcset=\"https:\/\/filmfestivaldorf.com\/hrv\/wp-content\/uploads\/2016\/06\/eva-braun-1.jpg 700w, https:\/\/filmfestivaldorf.com\/hrv\/wp-content\/uploads\/2016\/06\/eva-braun-1-300x198.jpg 300w\" alt=\"\" width=\"700\" height=\"461\" \/><\/div>\n<\/figure>\n<div class=\"post-inner thin \">\n<div class=\"entry-content\">\n<p>PRI\u010cA O GRUPI EVA BRAUN\/The Story Of The Band Eva Braun<br \/>\nT: 79\u2032<br \/>\nR:Robert Bukarica, Srbija<br \/>\nP: StudAVP<span id=\"more-1672\"><\/span>-Tempus project\/Academy of Arts in Novi Sad (2016)<\/p>\n<p><strong>Vrijeme prikazivanja:<\/strong><br \/>\nFilm prati razvoj kultne grupe Eva Braun \u2013 od po\u010detka 1990. godine do dana\u0161njih dana. Usponi, padovi, sazrijevanje, propu\u0161tene prilike izazvane dru\u0161tvenim ili drugim promjenama, uz osobne pri\u010de samih \u010dlanova benda, kojeg su mediji zbog fantasti\u010dnog spoja melodije i energije prozvali \u201eBeatlesi iz Be\u010deja\u201c. Hrvatska premijera.<\/p>\n<\/div>\n<\/div>\n","protected":false},"excerpt":{"rendered":"<p>PRI\u010cA O GRUPI EVA BRAUN\/The Story Of The Band Eva Braun T: 79\u2032 R:Robert Bukarica, Srbija P: StudAVP-Tempus project\/Academy of Arts in Novi Sad (2016) Vrijeme prikazivanja: Film prati razvoj kultne grupe Eva Braun \u2013 od po\u010detka 1990. godine do dana\u0161njih dana. Usponi, padovi, sazrijevanje, propu\u0161tene prilike izazvane dru\u0161tvenim ili drugim promjenama, uz osobne pri\u010de [&#8230;]\n","protected":false},"author":1,"featured_media":0,"comment_status":"closed","ping_status":"closed","sticky":false,"template":"","format":"standard","meta":{"_monsterinsights_skip_tracking":false,"_monsterinsights_sitenote_active":false,"_monsterinsights_sitenote_note":"","_monsterinsights_sitenote_category":0,"_links_to":"","_links_to_target":""},"categories":[1],"tags":[],"aioseo_notices":[],"_links":{"self":[{"href":"https:\/\/filmfestivaldorf.com\/hr\/wp-json\/wp\/v2\/posts\/1062"}],"collection":[{"href":"https:\/\/filmfestivaldorf.com\/hr\/wp-json\/wp\/v2\/posts"}],"about":[{"href":"https:\/\/filmfestivaldorf.com\/hr\/wp-json\/wp\/v2\/types\/post"}],"author":[{"embeddable":true,"href":"https:\/\/filmfestivaldorf.com\/hr\/wp-json\/wp\/v2\/users\/1"}],"replies":[{"embeddable":true,"href":"https:\/\/filmfestivaldorf.com\/hr\/wp-json\/wp\/v2\/comments?post=1062"}],"version-history":[{"count":2,"href":"https:\/\/filmfestivaldorf.com\/hr\/wp-json\/wp\/v2\/posts\/1062\/revisions"}],"predecessor-version":[{"id":1064,"href":"https:\/\/filmfestivaldorf.com\/hr\/wp-json\/wp\/v2\/posts\/1062\/revisions\/1064"}],"wp:attachment":[{"href":"https:\/\/filmfestivaldorf.com\/hr\/wp-json\/wp\/v2\/media?parent=1062"}],"wp:term":[{"taxonomy":"category","embeddable":true,"href":"https:\/\/filmfestivaldorf.com\/hr\/wp-json\/wp\/v2\/categories?post=1062"},{"taxonomy":"post_tag","embeddable":true,"href":"https:\/\/filmfestivaldorf.com\/hr\/wp-json\/wp\/v2\/tags?post=1062"}],"curies":[{"name":"wp","href":"https:\/\/api.w.org\/{rel}","templated":true}]}}