{"id":1089,"date":"2016-04-03T18:57:25","date_gmt":"2016-04-03T18:57:25","guid":{"rendered":"https:\/\/filmfestivaldorf.com\/hr\/?p=1089"},"modified":"2020-05-23T18:58:20","modified_gmt":"2020-05-23T18:58:20","slug":"najava-edit-fizika-medijska-kultura-11-4","status":"publish","type":"post","link":"https:\/\/filmfestivaldorf.com\/hr\/2016\/04\/03\/najava-edit-fizika-medijska-kultura-11-4\/","title":{"rendered":"NAJAVA\/\/EDIT-FIZIKA MEDIJSKA KULTURA 11.4."},"content":{"rendered":"<p>Organiziramo 2 predavanja prof. Ljiljane Studeni o medijskoj kulturi 11.4. u osnovnoj \u0161koli u Jarmini i Nijemcima<\/p>\n<p>U okviru projekta\u00a0<strong>EDIT-Fizika<\/strong>\u00a0u ponedjeljak, 11.4.2016. Udruga ljubitelja filma RARE organizira 2 predavanja o medijskoj kulturi \u2013 u osnovnim \u0161kolama u Nijemcima i Jarmini.<\/p>\n<p>U O\u0160 Matije Gubeca u Jarmini \u0107e predavanje za u\u010ditelje i stru\u010dne suradnike biti u 11:00 sati, a u O\u0160 Ivana Kozarca Nijemci u 13:30 sati.<\/p>\n<p>Predavanja o medijskoj kulturi \u0107e odr\u017eati\u00a0<strong>Ljiljana Studeni<\/strong>,\u00a0dipl. u\u010diteljica razredne nastave s poja\u010danim programom iz nastavnoga predmeta Hrvatski jezik, u\u010ditelj mentor.<\/p>\n<p>Radi u O\u0160 Jelkovec u Zagrebu i broji dva desetlje\u0107a radnoga iskustva u stuci, u neposrednom odgojno-obrazovnom radu s u\u010denicima. Zavr\u0161ila je U\u010diteljski fakultet u Zagrebu gdje je uspje\u0161no obranila dva diplomska rada (drugi puta na studiju uz rad), iz kolegija Medijska kultura kod prof. Kre\u0161imira Miki\u0107a. Od ranih studentskih dana iznimno je zainteresirana za podru\u010dje medija, a posebice filma i filmske kulture. Stoga ve\u0107 dugi niz godina nastoji doprinijeti medijskom obrazovanju u\u010denika kroz izvannastavni rad u \u0161koli, kao i medijskom obrazovanju u\u010ditelja vode\u0107i brojna predavanja te radionice za u\u010ditelje i predmetne nastavnike u \u0161kolama, u okviru stru\u010dnog usavr\u0161avanja, ali i anga\u017emanom u radu\u00a0<em>Udruge Mediji<\/em>\u00a0koju je osnovao prof. Kre\u0161imir Miki\u0107, a u kojoj trenutno obna\u0161a du\u017enost predsjednice.<\/p>\n<p>Anga\u017eirana na izradi nastavnih materijala za nastavu medijske kulture, pi\u0161e i objavljuje na portalu Udruge Mediji \u2013\u00a0<em>mediji.hr<\/em>, a trenutno u okviru rada u udruzi nastoji uklju\u010diti \u0161to ve\u0107i broj u\u010ditelja i profesora u program TMA (<em>Telecentre Multimedia Academy<\/em>) koji obuhva\u0107a tri modula (osnovn i i napredni stupanj) \u2013 fotografija, audio i video produkcija, i to u okviru projekta<em>Medijsko obrazovanje za sve<\/em>, u suradnji s\u00a0<em>Telecentrom Zagreb<\/em>. Odr\u017eala je brojna predavanja i radionice medijske kulture za u\u010ditelje diljem RH. U suradnji s izdava\u010dkom ku\u0107om\u00a0<em>Profil<\/em>\u00a0, autorica je priru\u010dnika\u00a0<em>\u201cSretnim koracima kroz film 1 i 2\u201d<\/em>\u00a0, jedinog priru\u010dnika za nastavu filmske kulture za u\u010denike ni\u017eih razreda, te radnih listova za u\u010denike 1. i 2. razreda. Sura\u0111ivala na vi\u0161e projekata za\u00a0 promicanje medijske kulture i obrazovanja te filmskog stvarala\u0161tva.<\/p>\n<p>Ovo je ve\u0107 tre\u0107i put da dolazi u Vinkovce i promovira medijsku kulturu u nastavi.<\/p>\n<p>Projekt EDIT-Fizika financiran je sredstvima Ministarstva znanosti, obrazovanja i sporta RH.<\/p>\n","protected":false},"excerpt":{"rendered":"<p>Organiziramo 2 predavanja prof. Ljiljane Studeni o medijskoj kulturi 11.4. u osnovnoj \u0161koli u Jarmini i Nijemcima U okviru projekta\u00a0EDIT-Fizika\u00a0u ponedjeljak, 11.4.2016. Udruga ljubitelja filma RARE organizira 2 predavanja o medijskoj kulturi \u2013 u osnovnim \u0161kolama u Nijemcima i Jarmini. U O\u0160 Matije Gubeca u Jarmini \u0107e predavanje za u\u010ditelje i stru\u010dne suradnike biti u [&#8230;]\n","protected":false},"author":1,"featured_media":0,"comment_status":"closed","ping_status":"closed","sticky":false,"template":"","format":"standard","meta":{"_monsterinsights_skip_tracking":false,"_monsterinsights_sitenote_active":false,"_monsterinsights_sitenote_note":"","_monsterinsights_sitenote_category":0,"_links_to":"","_links_to_target":""},"categories":[1],"tags":[],"aioseo_notices":[],"_links":{"self":[{"href":"https:\/\/filmfestivaldorf.com\/hr\/wp-json\/wp\/v2\/posts\/1089"}],"collection":[{"href":"https:\/\/filmfestivaldorf.com\/hr\/wp-json\/wp\/v2\/posts"}],"about":[{"href":"https:\/\/filmfestivaldorf.com\/hr\/wp-json\/wp\/v2\/types\/post"}],"author":[{"embeddable":true,"href":"https:\/\/filmfestivaldorf.com\/hr\/wp-json\/wp\/v2\/users\/1"}],"replies":[{"embeddable":true,"href":"https:\/\/filmfestivaldorf.com\/hr\/wp-json\/wp\/v2\/comments?post=1089"}],"version-history":[{"count":1,"href":"https:\/\/filmfestivaldorf.com\/hr\/wp-json\/wp\/v2\/posts\/1089\/revisions"}],"predecessor-version":[{"id":1090,"href":"https:\/\/filmfestivaldorf.com\/hr\/wp-json\/wp\/v2\/posts\/1089\/revisions\/1090"}],"wp:attachment":[{"href":"https:\/\/filmfestivaldorf.com\/hr\/wp-json\/wp\/v2\/media?parent=1089"}],"wp:term":[{"taxonomy":"category","embeddable":true,"href":"https:\/\/filmfestivaldorf.com\/hr\/wp-json\/wp\/v2\/categories?post=1089"},{"taxonomy":"post_tag","embeddable":true,"href":"https:\/\/filmfestivaldorf.com\/hr\/wp-json\/wp\/v2\/tags?post=1089"}],"curies":[{"name":"wp","href":"https:\/\/api.w.org\/{rel}","templated":true}]}}