{"id":1101,"date":"2016-01-20T19:05:38","date_gmt":"2016-01-20T19:05:38","guid":{"rendered":"https:\/\/filmfestivaldorf.com\/hr\/?p=1101"},"modified":"2020-05-23T19:07:13","modified_gmt":"2020-05-23T19:07:13","slug":"residents-movie-u-mocvari-27-1","status":"publish","type":"post","link":"https:\/\/filmfestivaldorf.com\/hr\/2016\/01\/20\/residents-movie-u-mocvari-27-1\/","title":{"rendered":"RESIDENTS MOVIE U MO\u010cVARI 27.1."},"content":{"rendered":"<figure class=\"featured-media\">\n<div class=\"featured-media-inner section-inner\"><img loading=\"lazy\" class=\"attachment-post-thumbnail size-post-thumbnail wp-post-image\" src=\"https:\/\/filmfestivaldorf.com\/hrv\/wp-content\/uploads\/2016\/01\/4554_4_2015_460x3406.jpg\" sizes=\"(max-width: 460px) 100vw, 460px\" srcset=\"https:\/\/filmfestivaldorf.com\/hrv\/wp-content\/uploads\/2016\/01\/4554_4_2015_460x3406.jpg 460w, https:\/\/filmfestivaldorf.com\/hrv\/wp-content\/uploads\/2016\/01\/4554_4_2015_460x3406-300x200.jpg 300w\" alt=\"\" width=\"460\" height=\"307\" \/><\/div>\n<\/figure>\n<div class=\"post-inner thin \">\n<div class=\"entry-content\">\n<p>\u2026<span id=\"more-8987\"><\/span>Otvaramo 2016. u Mo\u010dvari, projekcijom filma Theory Of Obscurity\u2026<\/p>\n<p>Zahvaljuju\u0107i suradnji Filmskih ve\u010deri u Mo\u010dvari i Festivala dokumentarnog rock filma \u2013 DORF, u susret zagreba\u010dkom koncertu, regionalnom premijerom predstavljamo film \u201cTheory of Obscurity: a film about The Residents\u201d, dokumentarac o najkultnijem bendu svih vremena!<\/p>\n<p>Predstavljen u o\u017eujku 2015. godine na poznatom festivalu SXSW u Austinu, \u201cTheory of Obscurity: a film about The Residents\u201d portretira 40 godina postojanja ovog utjecajnog benda i umjetni\u010dkog kolektiva o kome je i danas malo toga poznato \u2013 The Re<span class=\"text_exposed_show\">sidents od samog po\u010detka nastupaju pod maskama i identitet \u010dlanova nikada nije javno objavljen. Iako ih nitko nije vidio \u2013 njihov za\u0161titni identitet \u2013 \u201ceyeball\u201d maske i crna odijela svi znaju.<\/span><\/p>\n<p>U filmu se pojavljuju brojni poznati glazbenici koji govore o misteriju, fenomenu i dalekose\u017enom utjecaju benda na razvoj kulture i tehnologije danas. Uz glazbene inovacije, The Residents, njihova izdava\u010dka ku\u0107a Ralph Records i mati\u010dna organizacija The Cryptic Corporation ostali su zapisani u povijesti i po tehni\u010dkim inovacijama koje su omogu\u0107ile da njihov album \u201cFreak Show\u201d iz 1991. godine bude objavljen na CD-ROM formatu. O tome kao i o mnogo ostalih stvari vezanih za The Residents u filmu govore \u010dlanovi bendova Primus i Talking Heads, Matt Groening \u2013 autor legendarnih Simpsona i mnogi drugi na \u010diji je \u017eivot utjecao rad ovih ekscentrika iz San Francisca.<\/p>\n<p>Don Hardy, redatelj filma, pratio je bend na njihovoj \u201cWonder of Weird\u201d turneji tjekom 2013. godine i iz prve ruke poku\u0161ao zabilje\u017eiti \u0161to vi\u0161e od fenomena koji prati i okru\u017euje The Residents. Ovo je ujedno i najbolji na\u010din za upoznavanje s bendom koga \u0107ete imati priliku gledati u\u017eivo u Mo\u010dvari, desetak dana nakon projekcije filma.<\/p>\n<p><span class=\"text_exposed_show\">Ulaz je slobodan. Po\u010detak u 20:30 sati.<\/span><\/p>\n<p><span class=\"text_exposed_show\">Trailer:<br \/>\n<a href=\"https:\/\/www.youtube.com\/watch?v=6h-AhQb60H0\" target=\"_blank\" rel=\"nofollow noopener noreferrer\">https:\/\/www.youtube.com\/<wbr \/>watch?v=6h-AhQb60H0<\/a><\/span><\/p>\n<p>Interview with Don Hardy Jr. and Homer Flynn for Theory of Obscurity:<br \/>\n<a href=\"https:\/\/youtu.be\/dU8L27KsU7I\" target=\"_blank\" rel=\"nofollow noopener noreferrer\">https:\/\/youtu.be\/<wbr \/>dU8L27KsU7I<\/a><\/p>\n<p>Matt Groening\u2019s True Story of The Residents<br \/>\n<a href=\"https:\/\/youtu.be\/fljtOGU4J7o\" target=\"_blank\" rel=\"nofollow noopener noreferrer\">https:\/\/youtu.be\/<wbr \/>fljtOGU4J7o<\/a><\/p>\n<p>U okviru ovog izdanja Filmskih ve\u010deri u Mo\u010dvari, u klubu \u0107e nastupiti i samoborski Acid Carrots &amp; Parsley-Man, koji na najneobi\u010dniji na\u010din spajaju i ru\u0161e granice izme\u0111u muzi\u010dkih, kazali\u0161nih i cirkuskih sfera.<\/p>\n<p>ACID CARROTS &amp; PARSLEY-MAN (Samobor)<br \/>\n<a href=\"https:\/\/acid-carrots.bandcamp.com\/\" target=\"_blank\" rel=\"nofollow noopener noreferrer\">https:\/\/<wbr \/>acid-carrots.bandcamp.com\/<\/a><br \/>\n<a href=\"https:\/\/www.youtube.com\/watch?v=8e_xEYFRAU4\" target=\"_blank\" rel=\"nofollow noopener noreferrer\">https:\/\/www.youtube.com\/<wbr \/>watch?v=8e_xEYFRAU4<\/a><br \/>\n<a href=\"https:\/\/www.youtube.com\/watch?v=JlI88q16cG0\" target=\"_blank\" rel=\"nofollow noopener noreferrer\">https:\/\/www.youtube.com\/<wbr \/>watch?v=JlI88q16cG0<\/a><\/p>\n<p>Acid Carrots je muzi\u010dki trio koji preska\u010de granice muzi\u010dkog te ih mije\u0161a s kazali\u0161nim i cirkuskim granicama. Do\u0161av\u0161i s neba, ovaj trojac upozorava publiku na zemaljske promjene zaga\u0111enja koje zaustavlja zahtjevima acidokarotizma. Tako\u0111er, svojim zvukom, koji je svemirska manifestacija rocka u njihovim atributima, uvla\u010di publiku u ve\u010der kompromisa, otkrivenja, bogatstva i \u010disto\u0107e.<\/p>\n<p>Program su sufinancirali Grad Zagreb i Hrvatski audiovizualni Centar.<\/p>\n<\/div>\n<\/div>\n","protected":false},"excerpt":{"rendered":"<p>\u2026Otvaramo 2016. u Mo\u010dvari, projekcijom filma Theory Of Obscurity\u2026 Zahvaljuju\u0107i suradnji Filmskih ve\u010deri u Mo\u010dvari i Festivala dokumentarnog rock filma \u2013 DORF, u susret zagreba\u010dkom koncertu, regionalnom premijerom predstavljamo film \u201cTheory of Obscurity: a film about The Residents\u201d, dokumentarac o najkultnijem bendu svih vremena! Predstavljen u o\u017eujku 2015. godine na poznatom festivalu SXSW u Austinu, [&#8230;]\n","protected":false},"author":1,"featured_media":0,"comment_status":"closed","ping_status":"closed","sticky":false,"template":"","format":"standard","meta":{"_monsterinsights_skip_tracking":false,"_monsterinsights_sitenote_active":false,"_monsterinsights_sitenote_note":"","_monsterinsights_sitenote_category":0,"_links_to":"","_links_to_target":""},"categories":[1],"tags":[],"aioseo_notices":[],"_links":{"self":[{"href":"https:\/\/filmfestivaldorf.com\/hr\/wp-json\/wp\/v2\/posts\/1101"}],"collection":[{"href":"https:\/\/filmfestivaldorf.com\/hr\/wp-json\/wp\/v2\/posts"}],"about":[{"href":"https:\/\/filmfestivaldorf.com\/hr\/wp-json\/wp\/v2\/types\/post"}],"author":[{"embeddable":true,"href":"https:\/\/filmfestivaldorf.com\/hr\/wp-json\/wp\/v2\/users\/1"}],"replies":[{"embeddable":true,"href":"https:\/\/filmfestivaldorf.com\/hr\/wp-json\/wp\/v2\/comments?post=1101"}],"version-history":[{"count":2,"href":"https:\/\/filmfestivaldorf.com\/hr\/wp-json\/wp\/v2\/posts\/1101\/revisions"}],"predecessor-version":[{"id":1103,"href":"https:\/\/filmfestivaldorf.com\/hr\/wp-json\/wp\/v2\/posts\/1101\/revisions\/1103"}],"wp:attachment":[{"href":"https:\/\/filmfestivaldorf.com\/hr\/wp-json\/wp\/v2\/media?parent=1101"}],"wp:term":[{"taxonomy":"category","embeddable":true,"href":"https:\/\/filmfestivaldorf.com\/hr\/wp-json\/wp\/v2\/categories?post=1101"},{"taxonomy":"post_tag","embeddable":true,"href":"https:\/\/filmfestivaldorf.com\/hr\/wp-json\/wp\/v2\/tags?post=1101"}],"curies":[{"name":"wp","href":"https:\/\/api.w.org\/{rel}","templated":true}]}}