{"id":1109,"date":"2015-09-01T19:18:47","date_gmt":"2015-09-01T19:18:47","guid":{"rendered":"https:\/\/filmfestivaldorf.com\/hr\/?p=1109"},"modified":"2020-05-23T19:19:42","modified_gmt":"2020-05-23T19:19:42","slug":"dorf-u-srcu-zagreba-17-19-9-2015","status":"publish","type":"post","link":"https:\/\/filmfestivaldorf.com\/hr\/2015\/09\/01\/dorf-u-srcu-zagreba-17-19-9-2015\/","title":{"rendered":"DORF U SRCU ZAGREBA 17-19.9.2015"},"content":{"rendered":"<figure class=\"featured-media\">\n<div class=\"featured-media-inner section-inner\"><img loading=\"lazy\" class=\"attachment-post-thumbnail size-post-thumbnail wp-post-image\" src=\"https:\/\/filmfestivaldorf.com\/hrv\/wp-content\/uploads\/2015\/09\/rsz_dorf-9-plakat-final-b1-web-1.jpg\" sizes=\"(max-width: 400px) 100vw, 400px\" srcset=\"https:\/\/filmfestivaldorf.com\/hrv\/wp-content\/uploads\/2015\/09\/rsz_dorf-9-plakat-final-b1-web-1.jpg 400w, https:\/\/filmfestivaldorf.com\/hrv\/wp-content\/uploads\/2015\/09\/rsz_dorf-9-plakat-final-b1-web-1-300x203.jpg 300w\" alt=\"\" width=\"400\" height=\"270\" \/><\/div>\n<\/figure>\n<div class=\"post-inner thin \">\n<div class=\"entry-content\">\n<p>\u2026<span id=\"more-8906\"><\/span>Ponovo se dru\u017eimo na terasi u srcu Zagreba, 17-19.9. projekcije filmova, promocije knjiga, izlo\u017eba fotografija, koncert<\/p>\n<p>Nakon proslogodisnjeg druzenja na terasi Potepuh bara, evo nas jos jednom, imamo trodnevni program i predstavljanje u srcu Zagreba \u2013 projekcije dokumentarnih glazbenih filmova, promocije knjiga, izlo\u017eba fotografija i koncert.<br \/>\nGledamo ekskluzivnu regionalnu premijeru 2 glazbena dokumentarna filma The DAMNED:Don\u2019t you wish that we were dead, autora Wesa Orshoskog (SAD) i SALAD DAYS: A Decade Of Punk In Washington, DC (1980-90), autora Scotta Crawforda (SAD) te sjajan \u201cSudar u dvorcu\u201d, autora Arsena Oremovi\u0107a, o Mateju Me\u0161trovi\u0107u.<br \/>\nPripremili smo izlo\u017ebu koncertnih fotografija Sa\u0161e Huzjaka.<br \/>\nImamo 2 superzanimljive promocije knjiga, sa super gostima, u suradnji sa knji\u017earom Rockmark.<br \/>\nImamo i RockOff koncert.<\/p>\n<p>Pokrovitelji su knji\u017eara Rockmark i Karlova\u010dko pivo.<br \/>\nMedijski nas prate Ve\u010dernji list, Subsite.hr,\u00a0<a href=\"http:\/\/dokumentarni.net\/\" target=\"_blank\" rel=\"nofollow noopener noreferrer\">Dokumentarni.net<\/a>, Muzika.hr, Radio Student i KlasikTV.<\/p>\n<p>Ulaz na sve programe je slobodan<\/p>\n<p><strong>PROGRAM DORF U POTEPUHU 17.-19.9.2015<\/strong><\/p>\n<p><strong><u>17.9. (\u010detvrtak)<\/u><\/strong><\/p>\n<p><strong><em>19:00 SATI \u2013 OTVARANJE IZLO\u017dBE FOTOGRAFIJA SA\u0160E HUZJAKA<\/em><\/strong><\/p>\n<p><strong>Sa\u0161a Huzjak<\/strong>\u00a0(1977., Koprivnica, Hrvatska \u2013 trenutno u Sloveniji) zadnjih nekoliko godina se fokusirao na koncertnu fotografiju, fotografiraju\u0107i koncerte i festivale u Hrvatskoj, ali i inozemstvu. Osim na portalu terapija.net, kojeg je jedan od osniva\u010da, njegove fotografije su bile objavljene u razli\u010ditim \u010dasopisima (\u201cPractical photography\u201d, \u201cProfessional photographer\u201d, \u201cBlack &amp; White Photography\u201d, \u201cMladina\u201d, \u201cReFoto\u201d, \u201cFotoMag\u201d i \u201cDigitalna kamera\u201d\u2026), te na razli\u010ditim CD\/DVD omotima, knjigama, plakatima i web stranicama. Ovo mu je ve\u0107 tre\u0107e dru\u017eenje na DORFu i radujemo se \u0161to \u0107emo vidjeti fotografije s koncerata koje smo propustili\u2026<br \/>\nVi\u0161e na:\u00a0<a href=\"http:\/\/www.sasahuzjak.com\/\">www.sasahuzjak.com<\/a><\/p>\n<p><strong><em>19:30 SATI \u2013 ROCKMARK PROMOCIJA KNJIGA O PUNKU<\/em><\/strong><\/p>\n<p>Na promociji \u0107e sudjelovati\u00a0<strong>Aleksandar Draga\u0161, Davor Viduka i Kre\u0161imir Bla\u017eevi\u0107<\/strong>. Tema su brojna izdanja koja su se pojavila na na\u0161em tr\u017ei\u0161tu zadnjih godina, pri\u010damo o knjigama ali i glazbi, naravno i o filmu. Posjetitelji \u0107e sve DORF dane u Potepuhu na\u00a0<strong>Rockmark \u0161tandu<\/strong>\u00a0mo\u0107i nabaviti popularne knjige o filmu i glazbi.<\/p>\n<p><strong>\u00a0<\/strong><strong><em>20:30 SATI \u2013 PROJEKCIJA FILMA<\/em><\/strong><\/p>\n<p><strong>THE DAMNED \u2013 DON\u2019T YOU WISH THAT WE WERE DEAD, 110\u2032<\/strong><\/p>\n<p>R: Wes Orshoski (SAD)<\/p>\n<p>P: Three Count Films (2015)<\/p>\n<p>Trailer\u00a0<a href=\"https:\/\/www.youtube.com\/watch?v=GVI8SOt3OvI\">https:\/\/www.youtube.com\/watch?v=GVI8SOt3OvI<\/a><\/p>\n<p>Dugo o\u010dekivani film ko-autora filma o Lemmyju, kojim smo otvorili DORF 2010. Kultni britanski punk sastav The Damned (uz Clash i Pistolse, svakako najpoznatiji UK Punk band) dobio je svoj prvi dokumentarac, nakon 4 godine snimanja. Premijerno prikazan na SXSW u o\u017eujku 2015, imamo ekskluzivnu priliku me\u0111u prvima u Europi vidjeti i \u010duti pre\u017eivjele sva 4 \u010dlana originalne postave, aktere jedne od najva\u017enijih glazbenih revolucija. U filmu se pojavljuju Chrissie Hynde, Mick Jones (The Clash), Lemmy, Don Letts, \u010dlanovi Pink Floyd, Black Flag, G\u2019N\u2019R, Sex Pistols, Blondie, Buzzcocks, \u00a0i dr.<\/p>\n<p><strong>\u00a0<\/strong><\/p>\n<p><strong>18.9. (petak)<\/strong><\/p>\n<p><strong><em>20:30 SATI \u2013 PROJEKCIJA FILMA<\/em><\/strong><\/p>\n<p><strong>SUDAR U DVORCU, 36\u2032<\/strong><strong><br \/>\n<\/strong>R: Arsen Oremovi\u0107 (Hrvatska)<br \/>\nP: Interfilm\/Karpo Media (2014)<br \/>\nTrailer\u00a0<a href=\"https:\/\/www.youtube.com\/watch?v=0nLorPNPEbE\">https:\/\/www.youtube.com\/watch?v=0nLorPNPEbE<\/a><br \/>\nFilm o snimanju albuma Mateja Me\u0161trovi\u0107a i ansambla Sudar Percussion u dvorcu Sv. Kri\u017e Za\u010dretje. Dok snimaju album u dvorcu, Matej i bend svojom razigranom i za\u010dudnom glazbom stvaraju prikladan soundtrack za neobi\u010dnu pri\u010du vlasnice rasko\u0161nog dvorca. Pri\u010da je to o glazbi, ali i o apsurdima i zanemarivanju kulturne ba\u0161tine, o pogre\u0161nim osobnim odlukama\u2026Film je dobitnik posebnog priznanja \u017eirija na DORF 2015.<br \/>\n<strong><em>KARLOVA\u010cKO ROCKOFF KONCERT\u00a0 \u201e\u017dIVA LEGENDA\u201c<br \/>\n<\/em><\/strong>U petak , 18.09.2015., u Potepuhu \u2013 nastupiti \u0107e band \u017diva legenda koji je svojom odli\u010dnom svirkom razveselio, odu\u0161evio i zabavio publiku u brojnim zagreba\u010dkim klubovima\u2026<\/p>\n<p>RockOff festival pokrenulo je HDS kako biste upoznali energiju mladih i talentiranih doma\u0107ih autora i izvo\u0111a\u010da. Nakon skoro 7 mjeseci, 192 prijavljena benda iz cijele Hrvatske, vi\u0161e od 24 svirke u HORECA kanalu, 4 koncerta ljetne turneje te 2 kruga glasanja, 17 bendova-finalista dobilo je priliku predstaviti se \u0161iroj publici. Svaki petak, s po\u010detkom od 11.9., u prostoru stare tvornice Katran, publici i stru\u010dnom \u017eiriju predstavit \u0107e se 4-5 benda izvedbama svoje autorske glazbe. Svake ve\u010deri stru\u010dni \u017eiri odabrat \u0107e bend koji nastavlja natjecanje i nastupa u superfinalu, 09.10.2015.<\/p>\n<p>&nbsp;<\/p>\n<p><strong>19.9. (subota)<\/strong><\/p>\n<p><strong><em>19:30 SATI \u2013 ROCKMARK PROMOCIJA KNJIGA O HC\/PUNK SCENI 80-ih<\/em><\/strong><\/p>\n<p>Tre\u0107i dan u Potepuhu otvara Rockmark diskusija na temu HC\/undergound scena 80-ih (glazba, knjiga, film), na kojoj sudjeluju\u00a0<strong>Mate \u0160kugor (koncertni promotor), Tomislav \u0160unji\u0107 (izdava\u010d) i Tomislav Vrani\u0107<\/strong>\u00a0<strong>(dizajner).\u00a0<\/strong>Pravimo uvod i iznosimo detalje iz bogatih osobnih arhiva, pri\u010damo o knjigama objavljenim na tu temu i glazbi koja nam je svima promijenila \u017eivot \u2013 promatramo fenomen sa vremenskim odmakom i poku\u0161avamo biti objektivni.<\/p>\n<p><strong><em>20:30 SATI \u2013 PROJEKCIJA FILMA<\/em><\/strong><\/p>\n<p><strong>SALAD DAYS \u2013\u00a0 A decade of punk in Washington DC (1980-90), 102\u2032<\/strong><strong><br \/>\n<\/strong>R: Scott Crawford (SAD)<br \/>\nP: New Rose Films (2014)<br \/>\nTrailer\u00a0<a href=\"https:\/\/www.youtube.com\/watch?v=lF3uSPyrQyQ\">https:\/\/www.youtube.com\/watch?v=lF3uSPyrQyQ<\/a><br \/>\nRegionalna premijera filma koji smo dugo \u010dekali ove godine, o ne-ba\u0161-poznatoj, ali jako va\u017enoj i utjecajnoj underground sceni. Scott Crawford (ina\u010de vrlo aktivan sudionik Scene) je dokumentirao HC scenu u Washingtonu, fokusiran na klju\u010dne bendove Minor Threat, Rites of Spring, Fugazi, Bad Brains i Dag Nasty \u2013 ispri\u010dao pri\u010du o gradu i promjeni ideala u tom razdoblju. Dave Grohl, Ian MacKaye, Thurston Moore i Henry Rollins, uz puno superva\u017enih arhivskih materijala i detalja osigurali su ovom filmu epitet poslastice. Upoznajte bandove koji su promijenili underground glazbu i\/ili upotpunite mozaik s novim detaljima koji su vam promakli.<\/p>\n<p>Prije i nakon projekcija filmova, glazbu \u0107e birati gosti i autori filmova.<\/p>\n<p>Pratite i na Facebooku\u00a0<a href=\"https:\/\/www.facebook.com\/events\/167118256956241\/\">https:\/\/www.facebook.com\/events\/167118256956241\/<\/a><\/p>\n<\/div>\n<\/div>\n","protected":false},"excerpt":{"rendered":"<p>\u2026Ponovo se dru\u017eimo na terasi u srcu Zagreba, 17-19.9. projekcije filmova, promocije knjiga, izlo\u017eba fotografija, koncert Nakon proslogodisnjeg druzenja na terasi Potepuh bara, evo nas jos jednom, imamo trodnevni program i predstavljanje u srcu Zagreba \u2013 projekcije dokumentarnih glazbenih filmova, promocije knjiga, izlo\u017eba fotografija i koncert. Gledamo ekskluzivnu regionalnu premijeru 2 glazbena dokumentarna filma The [&#8230;]\n","protected":false},"author":1,"featured_media":0,"comment_status":"closed","ping_status":"closed","sticky":false,"template":"","format":"standard","meta":{"_monsterinsights_skip_tracking":false,"_monsterinsights_sitenote_active":false,"_monsterinsights_sitenote_note":"","_monsterinsights_sitenote_category":0,"_links_to":"","_links_to_target":""},"categories":[1],"tags":[],"aioseo_notices":[],"_links":{"self":[{"href":"https:\/\/filmfestivaldorf.com\/hr\/wp-json\/wp\/v2\/posts\/1109"}],"collection":[{"href":"https:\/\/filmfestivaldorf.com\/hr\/wp-json\/wp\/v2\/posts"}],"about":[{"href":"https:\/\/filmfestivaldorf.com\/hr\/wp-json\/wp\/v2\/types\/post"}],"author":[{"embeddable":true,"href":"https:\/\/filmfestivaldorf.com\/hr\/wp-json\/wp\/v2\/users\/1"}],"replies":[{"embeddable":true,"href":"https:\/\/filmfestivaldorf.com\/hr\/wp-json\/wp\/v2\/comments?post=1109"}],"version-history":[{"count":1,"href":"https:\/\/filmfestivaldorf.com\/hr\/wp-json\/wp\/v2\/posts\/1109\/revisions"}],"predecessor-version":[{"id":1110,"href":"https:\/\/filmfestivaldorf.com\/hr\/wp-json\/wp\/v2\/posts\/1109\/revisions\/1110"}],"wp:attachment":[{"href":"https:\/\/filmfestivaldorf.com\/hr\/wp-json\/wp\/v2\/media?parent=1109"}],"wp:term":[{"taxonomy":"category","embeddable":true,"href":"https:\/\/filmfestivaldorf.com\/hr\/wp-json\/wp\/v2\/categories?post=1109"},{"taxonomy":"post_tag","embeddable":true,"href":"https:\/\/filmfestivaldorf.com\/hr\/wp-json\/wp\/v2\/tags?post=1109"}],"curies":[{"name":"wp","href":"https:\/\/api.w.org\/{rel}","templated":true}]}}