{"id":1111,"date":"2015-07-22T19:20:06","date_gmt":"2015-07-22T19:20:06","guid":{"rendered":"https:\/\/filmfestivaldorf.com\/hr\/?p=1111"},"modified":"2020-05-23T19:21:54","modified_gmt":"2020-05-23T19:21:54","slug":"dorf-premijerno-u-ozlju-10-14-8","status":"publish","type":"post","link":"https:\/\/filmfestivaldorf.com\/hr\/2015\/07\/22\/dorf-premijerno-u-ozlju-10-14-8\/","title":{"rendered":"DORF PREMIJERNO U OZLJU 10-14.8."},"content":{"rendered":"<figure class=\"featured-media\">\n<div class=\"featured-media-inner section-inner\"><img loading=\"lazy\" class=\"attachment-post-thumbnail size-post-thumbnail wp-post-image\" src=\"https:\/\/filmfestivaldorf.com\/hrv\/wp-content\/uploads\/2015\/07\/Ozalj_Castle_Aerial_view.jpg\" sizes=\"(max-width: 604px) 100vw, 604px\" srcset=\"https:\/\/filmfestivaldorf.com\/hrv\/wp-content\/uploads\/2015\/07\/Ozalj_Castle_Aerial_view.jpg 604w, https:\/\/filmfestivaldorf.com\/hrv\/wp-content\/uploads\/2015\/07\/Ozalj_Castle_Aerial_view-300x200.jpg 300w\" alt=\"\" width=\"604\" height=\"402\" \/><\/div>\n<\/figure>\n<div class=\"post-inner thin \">\n<div class=\"entry-content\">\n<p>\u2026<span id=\"more-8901\"><\/span>Prvo predstavljanje u prekrasnom ambijentu Starog grada u Ozlju 10-14.8.<\/p>\n<p>Ovo ljeto \u0107e ljubitelji glazbe i filma mo\u0107i pogledati od\u00a0<strong>10 do 14. kolovoza\u00a0<\/strong>u<strong>\u00a0Ozlju<\/strong>\u00a0projekcije filmova, poslu\u0161ati promocije knjiga, te \u00a0vidjeti izlo\u017ebu stripova i ilustracija. Izlo\u017eba stripova i ilustracija\u00a0<strong>Dubravka Matakovi\u0107a i Kre\u0161imira Zimoni\u0107a<\/strong>\u00a0organizirana je u okviru projekta EDIT-Comics, a na terasi prekrasnog dvorca u Starom gradu od 21:00 sati odr\u017eati \u0107e se\u00a0<strong>projekcije 6 dokumentarnih glazbenih filmova<\/strong>, te\u00a0<strong>promocija knjige<\/strong>\u00a0\u201eSrce od zlata (pri\u010de ali ne ba\u0161 za djecu)\u201c autora\u00a0<strong>Mi\u0161e Hrnjaka<\/strong>\u00a0(Menart, 2013). Posjetitelji \u0107e na\u00a0<strong>Rockmark \u0161tandu<\/strong>\u00a0mo\u0107i nabaviti popularne knjige o filmu i glazbi.<\/p>\n<p>Izlo\u017ebu stripova \u0107e otvoriti Kre\u0161imir Zimoni\u0107, festival \u0107e predstaviti Toni \u0160ari\u0107, osniva\u010d Festivala, a publici \u0107e svoje filmove predstaviti Filip Me\u0161trovi\u0107 i Robert Bubalo.<\/p>\n<p>Ulaz na sve programe je slobodan.<\/p>\n<p><strong>Program DORF u Ozlju organizira Udruga ljubitelja filma \u2018Rare\u2019 iz Vinkovaca, uz potporu Grada Ozlja, knji\u017eare Rockmark, Zaklade Kultura nova i Karlova\u010dkog piva.<\/strong><\/p>\n<p><strong>Medijski partneri su Ve\u010dernji list, Muzika.hr, KlasikTV, Tv 4 Rijeke, Trend radio, Radio Mre\u017enica, Dokumentarni.net, Subsite.hr.<\/strong><\/p>\n<p><strong>PROGRAM DORF U OZLJU 10.-14.8.2015<\/strong><\/p>\n<p><strong>Po\u010detak projekcija je od 21:00 sati<\/strong><\/p>\n<p><strong>Otvaranje izlo\u017ebe stripova i ilustracija je 10.8. u 21:00 sati.<\/strong><strong><br \/>\nPromocija knjige Mi\u0161e Hrnjaka \u201eSrce od zlata\u201c odr\u017eati \u0107e se 13.8. u 21:00 sati.<br \/>\nULAZ NA SVE PROGRAME JE SLOBODAN<br \/>\n<\/strong><\/p>\n<p><strong>10.8. (ponedjeljak)<\/strong><\/p>\n<p><strong>\u00a0<\/strong><strong>OTVARANJE IZLO\u017dBE STRIPOVA I ILUSTRACIJA<\/strong><\/p>\n<p><strong>Dubravko Matakovi\u0107 i Kre\u0161imir Zimoni\u0107<\/strong><\/p>\n<p>Izlo\u017eba stripova i ilustracija organizirana je u okviru projekta EDIT Comics. Radi se o 20 strip plakata sa radovima koje su ova dva velikana hrvatskog stripa napravili za osnovno\u0161kolske uzraste, objavljivali u Modroj lasti, Smibu, OK-u i dr. Nakon otvaranja prikazati \u0107emo 2 epizode o autorima, iz dokumentarnog serijala \u201eStrip u Hrvatskoj\u201c, nedavno prikazanog na HRT. Izlo\u017ebu \u0107e otvoriti Kre\u0161imir Zimoni\u0107.<\/p>\n<p><strong>11.8.2015. (utorak)<\/strong><\/p>\n<p><strong>SUDAR U DVORCU, 36\u2032<\/strong><strong><br \/>\n<\/strong>R: Arsen Oremovi\u0107 (Hrvatska)<br \/>\nP: Interfilm\/Karpo Media (2014)<br \/>\nTrailer\u00a0<a href=\"https:\/\/www.youtube.com\/watch?v=0nLorPNPEbE\">https:\/\/www.youtube.com\/watch?v=0nLorPNPEbE<\/a><br \/>\nFilm o snimanju albuma Mateja Me\u0161trovi\u0107a i ansambla Sudar Percussion u dvorcu Sv. Kri\u017e Za\u010dretje. Dok snimaju album u dvorcu, Matej i bend svojom razigranom i za\u010dudnom glazbom stvaraju prikladan soundtrack za neobi\u010dnu pri\u010du vlasnice rasko\u0161nog dvorca. Pri\u010da je to o glazbi, ali i o apsurdima i zanemarivanju kulturne ba\u0161tine, o pogre\u0161nim osobnim odlukama\u2026Film je dobitnik posebnog priznanja \u017eirija na DORF 2015.<\/p>\n<p><strong>KAD MUZI\u010cARI \u0160OKIRAJU , 51\u2032<br \/>\n<\/strong>R: Dubravko Jagati\u0107 (Hrvatska)<br \/>\nP: Trezor idea, (2005)<\/p>\n<p>Trailer\u00a0<a href=\"https:\/\/www.youtube.com\/watch?v=BjJo8wLasak\">https:\/\/www.youtube.com\/watch?v=BjJo8wLasak<\/a><br \/>\nDinami\u010dan kola\u017e od 14 priloga u maniri inozemnih glazbenih TV stanica (VH1), s prikazom 14 najneobi\u010dnijih autora i njihovih provokativnih poteza kojima su \u0161okirali javnost (od Satana Panonskog preko Sini\u0161e Vuce i Dine Dvornika ili Zabranjenog Pu\u0161enja pa do LET 3). Radi se o festivalskoj verziji ina\u010de dvodijelne serije o najbizarnijim doga\u0111ajima iz novije hrvatske pop rock povijesti, razigranog vizualnog ritma i uzbudljive radnje. O tim doga\u0111ajima govore sami protagonisti kao i svjedoci tih doga\u0111anja.<\/p>\n<p><strong>12.8. (srijeda)<\/strong><\/p>\n<p><strong>\u017dIVIM U BARAKAMA\/Kust un bare\u010d<\/strong><\/p>\n<p>R: \u017deljka Kova\u010devi\u0107 (Hrvatska)<\/p>\n<p>P:Fade in za HTV (2013)<\/p>\n<p>T: 27\u2032<\/p>\n<p><a href=\"http:\/\/www.fadein.hr\/\">www.fadein.hr<\/a><\/p>\n<p>Film govori o proboju na scenu skupine Euro black nation, prvog romskog hip-hop banda u Hrvatskoj. Dvojica mladih Roma, Dario i Nedeljko kroz glazbu i tekstove uvode nas u svoj unutarnji svijet i pri\u010du o odrastanju i \u017eivotu u romskom naselju \u00abBarake\u00bb. Oni su mladi i kriti\u010dni ljudi koji propituju svijet u kojem \u017eive, a tekstovi njihovih pjesama nisu rezultat socijalne osvije\u0161tenosti ve\u0107 duboke unutarnje tuge.<\/p>\n<p><strong>THE CINKU\u0160I (eng.titl)<\/strong><\/p>\n<p>Redatelj: Ljiljana \u0160i\u0161manovi\u0107 (Hrvatska)<\/p>\n<p>Produkcija:HRT, 2008<\/p>\n<p>Trajanje: 27\u2032<\/p>\n<p>Etno punk, ili koja ve\u0107 kovanica s predznakom etno u nas nije imala ovako kvalitetnog predstavnika. Irci su imali Poguese, Pariz je imao Mano Negra, a mi se iskreno nadamo da \u0107e Cinku\u0161i imati jo\u0161 dovoljno nabrijanih koncerata i gemi\u0161ta da nastave ovim kreativnim tempom. Nastala u produkciji HRT, polusatna pri\u010da Ljiljane \u0160i\u0161manovi\u0107 o snimanju njihovog spota koja dovoljno duboko zadire u njihovu povijest, prilika je da upoznate mladog Petricu Kerempuha koji je slu\u0161ao Ramonese\u2026<\/p>\n<p><strong>PUN\u010cKE , 28\u2032<\/strong><strong><br \/>\n<\/strong>R:Filip Me\u0161trovi\u0107\/Marinko Marinki\u0107 (Hrvatska)<br \/>\nP:Studio SKIG\/Udruga ljubitelja filma RARE, 2013<br \/>\nTrailer\u00a0<a href=\"http:\/\/l.facebook.com\/l.php?u=http%3A%2F%2Fyoutu.be%2FSDBj7Eh-EwE&amp;h=9AQGGWelm&amp;enc=AZMegEOniJiyMitgnVrH3wI21vddyB5cBJYvTG8soOJMwxLDIjcE0jhcXJ5gZxOGVtQ&amp;s=1\">http:\/\/youtu.be\/SDBj7Eh-EwE<\/a><br \/>\nMladi dvojac Filip i Marinko pratili su Pun\u010dke i dobili smo zanimljiv kratki film o jedinom vinkova\u010dkom \u017eenskom bandu. Od tada se puno promijenilo, a vi provjerite kako je to izgledalo u prvih 5 godina nove indie atrakcije iz Vinkovaca. Autor je gost na projekciji.<br \/>\n<strong><br \/>\n13.8. (\u010detvrtak)<\/strong><\/p>\n<p><strong>Promocija knjige<\/strong><strong><br \/>\n\u201eSRCE OD ZLATA (pri\u010de ali ne ba\u0161 za djecu)\u201c, Mi\u0161o Hrnjak (Menart, 2015)<br \/>\n<\/strong>Mi\u0161o Hrnjak je legendarni basist Azre, svirao je na prvih 5 albuma i poslije imao zanimljiv \u017eivotni put. Nakon vi\u0161e godina izbivanja, vratio se albumom kojeg je 2010. snimio sa Borisom Leinerom a nedavno je objavljena autobiografska knjiga koja otkriva mnoge nepoznate detalje iz uzbudljive karijere ovog sjajnog glazbenika.<br \/>\nKnjigu \u0107e predstaviti autor u dru\u0161tvu sa Kre\u0161imirom Bla\u017eevi\u0107em, urednikom portala\u00a0<a href=\"https:\/\/www.facebook.com\/MuzikaHRportal\">Muzika.hr<\/a>\u00a0i vlasnikom glazbene knji\u017eare Rockmark, te Tonijem \u0160ari\u0107em, umjetni\u010dkim direktorom i osniva\u010dem festivala DORF.<br \/>\nKnjigu \u0107e biti mogu\u0107e nabaviti po promotivnoj cijeni, na \u0161tandu sa ostalim naslovima iz specijalizirane knji\u017eare\u00a0<a href=\"https:\/\/www.facebook.com\/RockmarkZg\">Rockmark<\/a>.<\/p>\n<p><strong>14.8. (petak)<\/strong><\/p>\n<p><strong>\u00a0<\/strong><strong>IZGUBLJENO DUGME,<\/strong>\u00a092\u2032<\/p>\n<p>R: Renato Tonkovi\u0107, Marijo Vukadin, Robert Bubalo (Austrija, Hrvatska, BiH)<\/p>\n<p>P: One Sand, Kadar, Olimp Production (2015)<\/p>\n<p>Trailer\u00a0<a href=\"https:\/\/www.youtube.com\/watch?v=jZGmdJIWojU\">https:\/\/www.youtube.com\/watch?v=jZGmdJIWojU<\/a><\/p>\n<p>Nakon nekoliko godina prikupljanja i razgovora, film o legendarnom bubnjaru Ipi Ivandi\u0107u prikazujemo ekskluzivno, na veliku radost svih ljubitelja Bijelog Dugmeta. Saznajte detalje o uzbudljivoj biografiji jednog od najboljih ex-yu bubnjara, ali i o Dugmetu. Zanimljivi sugovornici i nikad do sada vi\u0111ene fotografije i snimci. Film je dobitnik glavne nagrade \u017eirija na Festivalu DORF 2015. Autori su gosti na projekciji.<\/p>\n<p>Prije i nakon projekcija filmova, glazbu \u0107e birati gosti i autori filmova.<\/p>\n<\/div>\n<\/div>\n","protected":false},"excerpt":{"rendered":"<p>\u2026Prvo predstavljanje u prekrasnom ambijentu Starog grada u Ozlju 10-14.8. Ovo ljeto \u0107e ljubitelji glazbe i filma mo\u0107i pogledati od\u00a010 do 14. kolovoza\u00a0u\u00a0Ozlju\u00a0projekcije filmova, poslu\u0161ati promocije knjiga, te \u00a0vidjeti izlo\u017ebu stripova i ilustracija. Izlo\u017eba stripova i ilustracija\u00a0Dubravka Matakovi\u0107a i Kre\u0161imira Zimoni\u0107a\u00a0organizirana je u okviru projekta EDIT-Comics, a na terasi prekrasnog dvorca u Starom gradu od [&#8230;]\n","protected":false},"author":1,"featured_media":0,"comment_status":"closed","ping_status":"closed","sticky":false,"template":"","format":"standard","meta":{"_monsterinsights_skip_tracking":false,"_monsterinsights_sitenote_active":false,"_monsterinsights_sitenote_note":"","_monsterinsights_sitenote_category":0,"_links_to":"","_links_to_target":""},"categories":[1],"tags":[],"aioseo_notices":[],"_links":{"self":[{"href":"https:\/\/filmfestivaldorf.com\/hr\/wp-json\/wp\/v2\/posts\/1111"}],"collection":[{"href":"https:\/\/filmfestivaldorf.com\/hr\/wp-json\/wp\/v2\/posts"}],"about":[{"href":"https:\/\/filmfestivaldorf.com\/hr\/wp-json\/wp\/v2\/types\/post"}],"author":[{"embeddable":true,"href":"https:\/\/filmfestivaldorf.com\/hr\/wp-json\/wp\/v2\/users\/1"}],"replies":[{"embeddable":true,"href":"https:\/\/filmfestivaldorf.com\/hr\/wp-json\/wp\/v2\/comments?post=1111"}],"version-history":[{"count":1,"href":"https:\/\/filmfestivaldorf.com\/hr\/wp-json\/wp\/v2\/posts\/1111\/revisions"}],"predecessor-version":[{"id":1112,"href":"https:\/\/filmfestivaldorf.com\/hr\/wp-json\/wp\/v2\/posts\/1111\/revisions\/1112"}],"wp:attachment":[{"href":"https:\/\/filmfestivaldorf.com\/hr\/wp-json\/wp\/v2\/media?parent=1111"}],"wp:term":[{"taxonomy":"category","embeddable":true,"href":"https:\/\/filmfestivaldorf.com\/hr\/wp-json\/wp\/v2\/categories?post=1111"},{"taxonomy":"post_tag","embeddable":true,"href":"https:\/\/filmfestivaldorf.com\/hr\/wp-json\/wp\/v2\/tags?post=1111"}],"curies":[{"name":"wp","href":"https:\/\/api.w.org\/{rel}","templated":true}]}}