{"id":1118,"date":"2015-07-04T19:26:43","date_gmt":"2015-07-04T19:26:43","guid":{"rendered":"https:\/\/filmfestivaldorf.com\/hr\/?p=1118"},"modified":"2020-05-23T19:27:27","modified_gmt":"2020-05-23T19:27:27","slug":"pocele-3-anticke-filmske-veceri-u-vinkovcima","status":"publish","type":"post","link":"https:\/\/filmfestivaldorf.com\/hr\/2015\/07\/04\/pocele-3-anticke-filmske-veceri-u-vinkovcima\/","title":{"rendered":"PO\u010cELE 3.ANTI\u010cKE FILMSKE VE\u010cERI U VINKOVCIMA"},"content":{"rendered":"<figure class=\"featured-media\">\n<div class=\"featured-media-inner section-inner\"><img loading=\"lazy\" class=\"attachment-post-thumbnail size-post-thumbnail wp-post-image\" src=\"https:\/\/filmfestivaldorf.com\/hrv\/wp-content\/uploads\/2015\/07\/anticke.jpg\" sizes=\"(max-width: 719px) 100vw, 719px\" srcset=\"https:\/\/filmfestivaldorf.com\/hrv\/wp-content\/uploads\/2015\/07\/anticke.jpg 719w, https:\/\/filmfestivaldorf.com\/hrv\/wp-content\/uploads\/2015\/07\/anticke-300x200.jpg 300w\" alt=\"\" width=\"719\" height=\"480\" \/><\/div>\n<\/figure>\n<div class=\"post-inner thin \">\n<div class=\"entry-content\">\n<p>\u2026<span id=\"more-8881\"><\/span>Projekcijom filma \u201cDivlje pri\u010de\u201d otvorene 3.Anti\u010dke filmske ve\u010deri u Vinkovcima<\/p>\n<p>U prepunom lapidariju Gradskog muzeja Vinkovci projekcijom argentinskog filma \u201cDivlje ve\u010deri\u201d otvorene su 3. Anti\u010dke filmske ve\u010deri. Prije projekcije, publici je projekt predstavio Toni \u0160ari\u0107, predsjednik Udruge ljubitelja filma RARE, a ispred Gradskog muzeja Vinkovci obratili su se ravnatelj Danijel Petkovi\u0107 i kustos Hrvoje Vuli\u0107. U ime Grada Vinkovci okupljene je pozdravio Ivan Gale, pro\u010delnik Ureda za obrazovanje i sport, te proglasio 3.Anti\u010dke filmske ve\u010deri u Vinkovcima otvorenima.<\/p>\n<p>Program se nastavlja do 16.7. na istom mjestu, prema programu koji mo\u017eete vidjeti\u00a0<a href=\"http:\/\/filmfestivaldorf.com\/hr\/anticke-filmske-veceri-raspored-2015\/\">OVDJE<\/a><\/p>\n<p>3.Anti\u010dke filmske ve\u010deri organiziraju Udruga ljubitelja filma RARE i Gradski muzej Vinkovci, uz potporu Grada Vinkovci i Ministarstva kulture RH. Sponzori su Sokol Vinkovci i Karlova\u010dko pivo.<\/p>\n<p>Pratite vijesti i na\u00a0<a href=\"https:\/\/www.facebook.com\/Antickefilmskeveceri\">Facebook\u00a0stranici\u00a0<\/a>.<\/p>\n<\/div>\n<\/div>\n","protected":false},"excerpt":{"rendered":"<p>\u2026Projekcijom filma \u201cDivlje pri\u010de\u201d otvorene 3.Anti\u010dke filmske ve\u010deri u Vinkovcima U prepunom lapidariju Gradskog muzeja Vinkovci projekcijom argentinskog filma \u201cDivlje ve\u010deri\u201d otvorene su 3. Anti\u010dke filmske ve\u010deri. Prije projekcije, publici je projekt predstavio Toni \u0160ari\u0107, predsjednik Udruge ljubitelja filma RARE, a ispred Gradskog muzeja Vinkovci obratili su se ravnatelj Danijel Petkovi\u0107 i kustos Hrvoje Vuli\u0107. [&#8230;]\n","protected":false},"author":1,"featured_media":0,"comment_status":"closed","ping_status":"closed","sticky":false,"template":"","format":"standard","meta":{"_monsterinsights_skip_tracking":false,"_monsterinsights_sitenote_active":false,"_monsterinsights_sitenote_note":"","_monsterinsights_sitenote_category":0,"_links_to":"","_links_to_target":""},"categories":[1],"tags":[],"aioseo_notices":[],"_links":{"self":[{"href":"https:\/\/filmfestivaldorf.com\/hr\/wp-json\/wp\/v2\/posts\/1118"}],"collection":[{"href":"https:\/\/filmfestivaldorf.com\/hr\/wp-json\/wp\/v2\/posts"}],"about":[{"href":"https:\/\/filmfestivaldorf.com\/hr\/wp-json\/wp\/v2\/types\/post"}],"author":[{"embeddable":true,"href":"https:\/\/filmfestivaldorf.com\/hr\/wp-json\/wp\/v2\/users\/1"}],"replies":[{"embeddable":true,"href":"https:\/\/filmfestivaldorf.com\/hr\/wp-json\/wp\/v2\/comments?post=1118"}],"version-history":[{"count":1,"href":"https:\/\/filmfestivaldorf.com\/hr\/wp-json\/wp\/v2\/posts\/1118\/revisions"}],"predecessor-version":[{"id":1119,"href":"https:\/\/filmfestivaldorf.com\/hr\/wp-json\/wp\/v2\/posts\/1118\/revisions\/1119"}],"wp:attachment":[{"href":"https:\/\/filmfestivaldorf.com\/hr\/wp-json\/wp\/v2\/media?parent=1118"}],"wp:term":[{"taxonomy":"category","embeddable":true,"href":"https:\/\/filmfestivaldorf.com\/hr\/wp-json\/wp\/v2\/categories?post=1118"},{"taxonomy":"post_tag","embeddable":true,"href":"https:\/\/filmfestivaldorf.com\/hr\/wp-json\/wp\/v2\/tags?post=1118"}],"curies":[{"name":"wp","href":"https:\/\/api.w.org\/{rel}","templated":true}]}}