{"id":1151,"date":"2015-03-04T19:55:24","date_gmt":"2015-03-04T19:55:24","guid":{"rendered":"https:\/\/filmfestivaldorf.com\/hr\/?p=1151"},"modified":"2020-05-23T19:56:05","modified_gmt":"2020-05-23T19:56:05","slug":"9-dorf-2015-medijima-predstavljen-program","status":"publish","type":"post","link":"https:\/\/filmfestivaldorf.com\/hr\/2015\/03\/04\/9-dorf-2015-medijima-predstavljen-program\/","title":{"rendered":"9.DORF 2015 \u2013 Medijima predstavljen program"},"content":{"rendered":"<p>\u2026Predstavljen ovogodi\u0161nji festival na konferenciji za tisak u Gradskoj knji\u017enici Vinkovci<\/p>\n<p>Predstavljanje se odr\u017ealo 4.3. u 11:00 sati  na Posudbenom odjelu za odrasle Gradske knji\u017enice i \u010ditaonice Vinkovci<br \/>\nNa konferenciji za tisak o 9.DORF festivalu i programu govorili su dr.sc. Mario Bano\u017ei\u0107, pro\u010delnik Upravnog odjela za kulturu i turizam Grada Vinkovaca, prof.Viktor Luka\u010devi\u0107, v.d. pro\u010delnika Upravnog odjela za kulturu i turizam Vukovarsko-srijemske \u017eupanije i Toni \u0160ari\u0107, umjetni\u010dki direktor i osniva\u010d Festivala DORF.<br \/>\nNajavljen je po\u010detak 9.izdanja festivala koje \u0107e se odr\u017eati 12-15.3. istovremeno u Vinkovcima, Vukovaru i Osijeku.<br \/>\nFotografije pogledajte i preuzmite na linku OVDJE<br \/>\nAutor fotografija je  Tomislav Bo\u0161njak, slu\u017ebeni DORF 2015 fotograf.<br \/>\nRaspored projekcija i detaljnije informacije o filmovima pogledajte na linku OVDJE<\/p>\n","protected":false},"excerpt":{"rendered":"<p>\u2026Predstavljen ovogodi\u0161nji festival na konferenciji za tisak u Gradskoj knji\u017enici Vinkovci Predstavljanje se odr\u017ealo 4.3. u 11:00 sati na Posudbenom odjelu za odrasle Gradske knji\u017enice i \u010ditaonice Vinkovci Na konferenciji za tisak o 9.DORF festivalu i programu govorili su dr.sc. Mario Bano\u017ei\u0107, pro\u010delnik Upravnog odjela za kulturu i turizam Grada Vinkovaca, prof.Viktor Luka\u010devi\u0107, v.d. pro\u010delnika [&#8230;]\n","protected":false},"author":1,"featured_media":0,"comment_status":"closed","ping_status":"closed","sticky":false,"template":"","format":"standard","meta":{"_monsterinsights_skip_tracking":false,"_monsterinsights_sitenote_active":false,"_monsterinsights_sitenote_note":"","_monsterinsights_sitenote_category":0,"_links_to":"","_links_to_target":""},"categories":[1],"tags":[],"aioseo_notices":[],"_links":{"self":[{"href":"https:\/\/filmfestivaldorf.com\/hr\/wp-json\/wp\/v2\/posts\/1151"}],"collection":[{"href":"https:\/\/filmfestivaldorf.com\/hr\/wp-json\/wp\/v2\/posts"}],"about":[{"href":"https:\/\/filmfestivaldorf.com\/hr\/wp-json\/wp\/v2\/types\/post"}],"author":[{"embeddable":true,"href":"https:\/\/filmfestivaldorf.com\/hr\/wp-json\/wp\/v2\/users\/1"}],"replies":[{"embeddable":true,"href":"https:\/\/filmfestivaldorf.com\/hr\/wp-json\/wp\/v2\/comments?post=1151"}],"version-history":[{"count":1,"href":"https:\/\/filmfestivaldorf.com\/hr\/wp-json\/wp\/v2\/posts\/1151\/revisions"}],"predecessor-version":[{"id":1152,"href":"https:\/\/filmfestivaldorf.com\/hr\/wp-json\/wp\/v2\/posts\/1151\/revisions\/1152"}],"wp:attachment":[{"href":"https:\/\/filmfestivaldorf.com\/hr\/wp-json\/wp\/v2\/media?parent=1151"}],"wp:term":[{"taxonomy":"category","embeddable":true,"href":"https:\/\/filmfestivaldorf.com\/hr\/wp-json\/wp\/v2\/categories?post=1151"},{"taxonomy":"post_tag","embeddable":true,"href":"https:\/\/filmfestivaldorf.com\/hr\/wp-json\/wp\/v2\/tags?post=1151"}],"curies":[{"name":"wp","href":"https:\/\/api.w.org\/{rel}","templated":true}]}}