{"id":1863,"date":"2021-07-05T14:04:29","date_gmt":"2021-07-05T14:04:29","guid":{"rendered":"https:\/\/filmfestivaldorf.com\/hr\/?p=1863"},"modified":"2021-07-05T14:04:29","modified_gmt":"2021-07-05T14:04:29","slug":"9-anticke-filmske-veceri-najava-17-18-8","status":"publish","type":"post","link":"https:\/\/filmfestivaldorf.com\/hr\/2021\/07\/05\/9-anticke-filmske-veceri-najava-17-18-8\/","title":{"rendered":"9.ANTI\u010cKE FILMSKE VE\u010cERI &#8211; najava 17.-18.8."},"content":{"rendered":"<p><!--more--><\/p>\n<p>Udruga ljubitelja filma RARE iz Vinkovaca pripremila je tijekom ovog ljeta bogat filmski program. Povezivanjem programa 9.Anti\u010dkih filmskih ve\u010deri i 15.Festivala dokumentarnog rock filma, slavonski ljubitelji dokumentarnih filmova u Filmskom tjednu od 17. do 21.kolovoza u\u017eivat \u0107e na vi\u0161e lokacija u projekcijama recentne filmske produkcije, uz popratni program.<\/p>\n<p>Prve ve\u010deri, u utorak 17.kolovoza, nakon sve\u010danog otvorenja, na programu su dva filma u \u010dast ovogodi\u0161njeg laureata &#8211; kratki eksperimentalni film <strong>\u201eKino Crvena zvijezda\u201c <\/strong>(Hrvatska, vlastita produkcija, 2014.) i dokumentarni <strong>\u201eRatni reporter\u201c <\/strong>(Hrvatska, Factum, 2011.).<\/p>\n<p>Drugi dobitnik nagrade za doprinos filmu i arheologiji \u201eStojan Dimitrijevi\u0107\u201c je <strong>Silvestar Kolbas<\/strong><strong> &#8211;<\/strong> fotograf, snimatelj i redatelj, te filmski pedagog. Ro\u0111en je u Petrovcima 12. travnja 1956. godine, a odrastao u Vinkovcima. Diplomirao je filmsko i televizijsko snimanje 1982. godine na Akademiji dramske umjetnosti u Zagrebu. Danas je redoviti profesor na istoj \u0161koli. Bio je zaposlen kao snimatelj na Televiziji Zagreb \/ Hrvatskoj radioteleviziji od 1985.-1996. Tokom karijere snimio je vi\u0161e igranih i TV \u2013 filmova, serija i dokumentarnih filmova, izlagao fotografije, te objavljivao i ure\u0111ivao stru\u010dne radove iz podru\u010dja snimanja. I dalje radi kao slobodni snimatelj. Sam je i re\u017eirao vi\u0161e osobnih, auto-refleksivnih dokumentarnih (\u2018Sve o Evi\u2019, \u2018Ratni reporter\u2019, \u201820 dana na Tibetu\u2019) i eksperimentalnih filmova (\u2018Auto-portret V2.1\u2019, &#8216;Kino Crvena zvijezda&#8217;, &#8216;Toranj&#8217;). U autorskim dokumentarnim i eksperimentalnim filmovima, te fotografskim izlo\u017ebama \u010desto koristi autobiografsko ishodi\u0161te, ali i problematizira vizualne medije.<\/p>\n<p>Drugi dan, srijeda 18.kolovoza, po\u010dinje kratkim \u2013 uvijek zanimljivim &#8211; predavanjem s novostima iz <strong>Gradskog muzeja Vinkovci<\/strong>, ve\u0107 tradicionalno predstavljanje ovogodi\u0161njih rezultata i najava arheolo\u0161kih radova u drugom dijelu godine. Odmah nakon toga, filmsko-glazbeni <strong>kviz powered by Klasik TV<\/strong> vodi poznati kviza\u0161 <strong>Mario Kova\u010d<\/strong><strong> &#8211; <\/strong>poznati redatelj, performer, DJ, glumac, doktor znanosti, scenarist, \u0161ahist, strastveni pub kviza\u0161<strong>. <\/strong>Prijavite se na vrijeme za njegov kviz, u ekipi 2 do 4 \u010dlana, nema kotizacija.<\/p>\n<p>Na samom kraju ovogodi\u0161njeg izdanja gledamo nagra\u0111ivani dokumentarni film autora Ivana Ramljaka <strong>\u201eO jednoj mladosti\u201c<\/strong> (Hrvatska, ADU Zagreb, 2020.).<\/p>\n<p>Autor designa, od prvog izdanja Anti\u010dkih filmskih ve\u010deri je <strong>Martin Peranovi\u0107<\/strong>, mladi autor iz Otoka. Unikatnu nagradu \u201eStojan Dimitrijevi\u0107\u201c izradio je <strong>Miro \u017dupa<\/strong>, kipar i strip autor iz Splita.<\/p>\n<p><strong>Program 9.Anti\u010dkih filmskih ve\u010deri organizira Udruga ljubitelja filma RARE uz potporu <em>Grada Vinkovci i Gradskog muzeja Vinkovci<\/em>.<\/strong><\/p>\n<p><strong>RASPORED 9.ANTI\u010cKE FILMSKE VE\u010cERI<\/strong><\/p>\n<p><strong><u>17.8. (utorak)<\/u><\/strong><\/p>\n<p>20:30 <strong>SVE\u010cANO OTVORENJE + NAGRADA\/SILVESTAR KOLBAS<\/strong><\/p>\n<p>20:45 <strong>KINO CRVENA ZVIJEZDA, 11&#8242;<\/strong><\/p>\n<p>21:00<strong> RATNI REPORTER, 60&#8242;<\/strong><\/p>\n<p><strong>\u00a0<\/strong><\/p>\n<p><strong><u>28.8. (srijeda)<\/u><\/strong><\/p>\n<p>19:30 <strong>PREDAVANJE<\/strong> &#8211; Novosti iz Gradskog muzeja Vinkovci<\/p>\n<p>20:00 <strong>GLAZBENO &#8211; FILMSKI KVIZ BY MARIO KOVA\u010c<\/strong><\/p>\n<p>21:00 <strong>O JEDNOJ MLADOSTI, 78&#8242;<\/strong><\/p>\n<p><strong><u>\u00a0<\/u><\/strong><\/p>\n<p><img loading=\"lazy\" class=\"alignnone size-medium wp-image-1864\" src=\"https:\/\/filmfestivaldorf.com\/hr\/wp-content\/uploads\/2021\/07\/IMG_0788-267x400.jpg\" alt=\"\" width=\"267\" height=\"400\" srcset=\"https:\/\/filmfestivaldorf.com\/hr\/wp-content\/uploads\/2021\/07\/IMG_0788-267x400.jpg 267w, https:\/\/filmfestivaldorf.com\/hr\/wp-content\/uploads\/2021\/07\/IMG_0788-535x800.jpg 535w, https:\/\/filmfestivaldorf.com\/hr\/wp-content\/uploads\/2021\/07\/IMG_0788-768x1149.jpg 768w, https:\/\/filmfestivaldorf.com\/hr\/wp-content\/uploads\/2021\/07\/IMG_0788-1027x1536.jpg 1027w, https:\/\/filmfestivaldorf.com\/hr\/wp-content\/uploads\/2021\/07\/IMG_0788.jpg 1080w\" sizes=\"(max-width: 267px) 100vw, 267px\" \/><\/p>\n<p><strong>Silvestar Kolbas<\/strong><strong> INFO<\/strong><\/p>\n<p>fotograf, snimatelj i redatelj, te filmski pedagog. Ro\u0111en je u Petrovcima 12. travnja 1956. godine, a odrastao u Vinkovcima. Diplomirao je filmsko i televizijsko snimanje 1982. godine na Akademiji dramske umjetnosti u Zagrebu. Danas je redoviti profesor na istoj \u0161koli. Bio je zaposlen kao snimatelj na Televiziji Zagreb \/ Hrvatskoj radioteleviziji od 1985.-1996. Tokom karijere snimio je vi\u0161e igranih i TV \u2013 filmova, serija i dokumentarnih filmova, izlagao fotografije, te objavljivao i ure\u0111ivao stru\u010dne radove iz podru\u010dja snimanja. I dalje radi kao slobodni snimatelj. Sam je i re\u017eirao vi\u0161e osobnih, auto-refleksivnih dokumentarnih (\u2018Sve o Evi\u2019, \u2018Ratni reporter\u2019, \u201820 dana na Tibetu\u2019) i eksperimentalnih filmova (\u2018Auto-portret V2.1\u2019, &#8216;Kino Crvena zvijezda&#8217;, &#8216;Toranj&#8217;). U autorskim dokumentarnim i eksperimentalnim filmovima, te fotografskim izlo\u017ebama \u010desto koristi autobiografsko ishodi\u0161te, ali i problematizira vizualne medije.<\/p>\n<p><strong>REDATELJSKA FILMOGRAFIJA<\/strong><\/p>\n<p><strong><em>Toranj <\/em><\/strong>\/ <em>eksperimentalni film \/ 12&#8242; \/ vlastita produkcija \/ 2019<\/em><\/p>\n<ul>\n<li>25 FPS Festival (26\/9-29\/9\/2019)<\/li>\n<li>Crossroads Film Festival, San Francisco (21\/8-30\/9\/2020)<\/li>\n<li>Malatesta Short Film Festival (22\/8-30\/8\/2020)<\/li>\n<li>Dani hrvatskog filma (16\/9-19\/9\/2020)<\/li>\n<li>Un festival c&#8217;est trop court &#8211; Nice Short Film Festival (9\/10-16\/10\/2020)<\/li>\n<li>Experimental Superstars Festival (2\/11-3\/11\/2020)<\/li>\n<li>Arkipel International Documentary and Experimental Film Festival (08\/2021)<\/li>\n<\/ul>\n<p><strong><em>Simpl <\/em><\/strong><em>\/<\/em><em> dokumentarni film \/ 20&#8242; \/ vlastita produkcija \/ 2017<\/em><\/p>\n<p><em>\u00a0\u00a0\u00a0\u00a0\u00a0\u00a0\u00a0\u00a0\u00a0\u00a0\u00a0\u00a0\u00a0\u00a0 <\/em><em>&#8211; Festival ZagrebDox 2017.\u00a0\u00a0\u00a0\u00a0\u00a0\u00a0\u00a0\u00a0\u00a0\u00a0\u00a0\u00a0\u00a0 <\/em><\/p>\n<p><strong><em>Mrzim sretne ljude <\/em><\/strong><em>\/<\/em><em> dokumentarni film \/ 11&#8242; \/ vlastita produkcija za HRT \/ 2014<\/em><\/p>\n<p><strong><em>Kino <\/em><\/strong><strong>Crvena zvijezda <\/strong><em>\/<\/em><em> eksperimentalni film \/ 11&#8242; \/ vlastita produkcija \/ 2014<\/em><\/p>\n<p><em>\u00a0\u00a0\u00a0\u00a0\u00a0\u00a0\u00a0\u00a0\u00a0\u00a0\u00a0\u00a0\u00a0\u00a0 <\/em>&#8211; Festival eksperimentalnog filma 25fps, Zagreb, 2014 <em>&#8211; <\/em><em><strong>nagrada Green DCP<\/strong><\/em><\/p>\n<p>&#8211; Alternative Film &amp; Video Festival Belgrade, Srbija, 2014<\/p>\n<p><em><strong>20 dana na Tibetu<\/strong><\/em> <em>\/<\/em><em> dokumentarni film \/ 71&#8242; \/ Spiritus-movens \/ 2011<\/em><\/p>\n<p><em>\u00a0\u00a0\u00a0\u00a0\u00a0\u00a0\u00a0\u00a0\u00a0\u00a0\u00a0\u00a0\u00a0\u00a0 &#8211; 8. ZagrebDox 2012.<\/em><\/p>\n<p><em>\u00a0\u00a0\u00a0\u00a0\u00a0\u00a0\u00a0\u00a0\u00a0\u00a0\u00a0\u00a0\u00a0\u00a0 &#8211; 21. dani hrvatskog filma 2012. <\/em><\/p>\n<p><em>\u00a0\u00a0\u00a0\u00a0\u00a0\u00a0\u00a0\u00a0\u00a0\u00a0\u00a0\u00a0\u00a0\u00a0 &#8211; <\/em>Tour film festival 2012, Zagreb, Hrvatska<\/p>\n<p><em>\u00a0\u00a0\u00a0\u00a0\u00a0\u00a0\u00a0\u00a0\u00a0\u00a0\u00a0\u00a0\u00a0\u00a0 &#8211; <\/em>XVII International TV festival 2012, Bar, Crna Gora<\/p>\n<p><em><strong>Ratni reporter<\/strong><\/em> <em>\/<\/em><em> dokumentarni film \/ 60&#8242; \/ Factum \/ 2011<\/em><\/p>\n<p>&#8211; 7. ZagrebDox 2011.<\/p>\n<p>&#8211; 20. dani hrvatskog filma u Zagrebu, u travnju 2011. &#8211;<\/p>\n<p>nagrada za <strong>monta\u017eu<\/strong>, i nagrada kritike <strong><em>Oktavijan<\/em><\/strong> <strong>za najbolji dokumentarni film<\/strong><\/p>\n<p>&#8211; premijera u Vinkovcima, 2011.<\/p>\n<p>&#8211; na premijera u Petrovcima 2011.<\/p>\n<p>&#8211; Motovun film festival, 2011.<\/p>\n<p>&#8211; Sarajevo film festival, 2011.<\/p>\n<p><em>\u00a0\u00a0\u00a0\u00a0\u00a0\u00a0\u00a0\u00a0\u00a0\u00a0\u00a0\u00a0\u00a0\u00a0 &#8211; <\/em>Mediteran film festival u \u0160irokom brijegu, 2011.<\/p>\n<p>&#8211; Liburnija film festival u I\u010di\u0107ima, 2011. &#8211; <strong>nagrada<\/strong> <strong><em>Grand Prix<\/em><\/strong> <strong>za najbolji film<\/strong><\/p>\n<p><em>\u00a0\u00a0\u00a0\u00a0\u00a0\u00a0\u00a0\u00a0\u00a0\u00a0\u00a0\u00a0\u00a0\u00a0 &#8211; XVI internacionalni TV festival u Baru (CG) 2011. &#8211; <strong>nagrada za najbolji<\/strong> <strong>vizualni identitet<\/strong> <\/em><\/p>\n<p><em>\u00a0\u00a0\u00a0\u00a0\u00a0\u00a0\u00a0\u00a0\u00a0\u00a0\u00a0\u00a0\u00a0\u00a0 &#8211; Fibula film festival u Sisku 2011. &#8211; nagrada publike za <strong>najbolji film<\/strong><\/em><\/p>\n<p><em><strong>\u00a0\u00a0\u00a0\u00a0\u00a0\u00a0\u00a0\u00a0\u00a0\u00a0\u00a0\u00a0\u00a0\u00a0 &#8211; <\/strong><\/em>Ismailia film festival 2012, Ismailia, Egypt &#8211; <strong>posebno priznanje \u017eirija<\/strong><\/p>\n<p><em>\u00a0\u00a0\u00a0\u00a0\u00a0\u00a0\u00a0\u00a0\u00a0\u00a0\u00a0\u00a0\u00a0\u00a0 &#8211; <\/em>Dokufest 2012, Prizren, Kosovo<\/p>\n<p>&#8211; Golden Ball film festival 2012, Adana, Turska<\/p>\n<p>&#8211; Prix Europa 2012 nominee, Berlin, Njema\u010dka<\/p>\n<p>&#8211; Eastern Neighbours film festival 2012, Den Haag, Nizozemska<\/p>\n<p>&#8211; Film festival Free Zone 2012, Beograd, Srbija<\/p>\n<p>&#8211; <strong>Nagrada <em>Vladimir Nazor <\/em>za najbolji hrvatski film u 2011<\/strong>.<\/p>\n<p><strong>\u00a0<\/strong><\/p>\n<p><strong><em>Auto-portret<\/em><\/strong> \/ eksperimentalni film \/ 10&#8242; \/ vlastita produkcija \/ 2010, prikazan je:<\/p>\n<p>&#8211; u sklopu istoimene izlo\u017ebe u foto-galeriji Lang u Samoboru, u velja\u010di 2010.<\/p>\n<p>&#8211; u sklopu istoimene izlo\u017ebe na 45. Zagreba\u010dkom salonu u Domu HDLU, u svibnju 2010.<\/p>\n<p>&#8211; na 19. danima hrvatskog filma u Zagrebu, 2010.<\/p>\n<p>&#8211; na Eastern Neighbours Film Festivalu u Utrechtu (Nizozemska), 2010.<\/p>\n<p>&#8211; na 6. DOKUart festivala u Bjelovaru, 2011.<\/p>\n<p>&nbsp;<\/p>\n<p><strong><em>Sve o <\/em><\/strong><strong><em>Evi<\/em><\/strong> <em>\/ <\/em><em>dokumentarni film <\/em>\/ 63&#8242;<em> \/ <\/em>Factum \/ 2003, prikazan je na:<\/p>\n<p>&#8211; Zagreb film festival, 2003. \u2013 premijera<\/p>\n<p>&#8211; 13. dani hrvatskog filma, 2004. \u2013 <strong>nagrada za najbolju produkciju<\/strong><\/p>\n<p>&#8211; Sarajevo film festival, 2004.<\/p>\n<p>&#8211; Astra film festival, Sibiu (Rumunjska), 2004.<\/p>\n<p>&#8211; DokMa, Maribor, 2004., Slovenija<\/p>\n<p>&#8211; Dokufest Prizren, 2005, Kosovo<\/p>\n<p><strong>\u00a0<\/strong><\/p>\n<p><strong>IZABRANA FILMOGRAFIJA (kao direktor fotografije)<\/strong><\/p>\n<p><strong>Igrani, kratki i TV filmovi<\/strong><\/p>\n<p><em>No\u0107ni brodovi<\/em>, 102&#8242; \/ Studio Dim, 2011., r: Igor Mirkovi\u0107<\/p>\n<p><em>Inkasator<\/em>, 20&#8242; \/ Studio Dim, Propeler film \/ 2009 (kratki, dio omnibusa <em>Zagreba\u010dke pri\u010de<\/em>), r: Igor Mirkovi\u0107<\/p>\n<p><em>Krupni otpad<\/em>, 20&#8242; \/ Studio Dim \/ 2008, r: Igor Mirkovi\u0107<br \/>\n<em>Mrtva to\u010dka<\/em>, 55&#8242; \/ HRT \/ 1995, r: Snje\u017eana Tribuson<br \/>\n<em>Mor<\/em>, 63&#8242; \/ HRT \/ 1992, r: Snje\u017eana Tribuson<br \/>\n<em>Lude gljive, 70&#8242; <\/em>\/ HRT \/ 1990, r: Snje\u017eana Tribuson<\/p>\n<p><em>Diploma za smrt<\/em>, 105&#8242; \/ Marjan Film, Color 2000 \/ 1989, r: \u017divorad Tomi\u0107<\/p>\n<p><em>Bez tre\u0107eg, <\/em>60&#8242; \/ TV Zagreb\u00a0 \/ 1988, r: Snje\u017eana Tribuson<\/p>\n<p><em>Terevenka<\/em>, 60&#8242; \/ TV Zagreb\u00a0 \/ 1987, r: Snje\u017eana Tribuson<br \/>\n<em>Kako pre\u017eivjeti do prvog<\/em>, 60&#8242; \/ TV Zagreb \/ 1986, r: Snje\u017eana Tribuson<\/p>\n<p><em>Dioskuri<\/em>, 25&#8242; \/ Zagreb film \/ 1982, r: Davor \u017dmega\u010d<\/p>\n<p><strong>TV serije<\/strong><\/p>\n<p><em>Luda ku\u0107a<\/em>, 35&#8242; (173 epizode) \/ Adria AMS \/ 2005-2009, r: Danilo \u0160erbed\u017eija<\/p>\n<p><em><strong>Dokumentarni filmovi<\/strong><\/em><\/p>\n<p><em>Simpl, <\/em><em>20&#8242; \/ vlastita produkcija \/ 2017<\/em><\/p>\n<p><em>Mrzim sretne ljude, <\/em><em>11&#8242; \/ vlastita produkcija za HRT \/ 2014<\/em><\/p>\n<p><em>20 dana na Tibetu<\/em><em>, 70&#8242; \/ Spiritus-movens \/ 2011, <\/em><em>r: Silvestar Kolbas <\/em><\/p>\n<p><em>Ratni reporter<\/em><em>, 60&#8242; \/ Factum \/ 2011, r: Silvestar Kolbas<\/em><strong><em><br \/>\n<\/em><\/strong><em>Mimara revisited, <\/em>30&#8242; \/ Factum \/ 2010, r: Danko Volari\u0107<\/p>\n<p><em>L.A. nedovr\u0161eno<\/em>, 60&#8242; \/ Filip Trade \/ 2008, r: Igor Mirkovi\u0107<\/p>\n<p><em>Lora \u2013 svjedo\u010danstva<\/em>, 60&#8242; \/ Factum \/ 2005, r: Nenad Puhovski<\/p>\n<p><em>Sve o Evi, <\/em>63&#8242; \/ Factum \/ 2003, r: Silvestar Kolbas<br \/>\n<em>Sretno dijete,<\/em> 97&#8242; \/ Gerilla film \/ 2003, r: Igor Mirkovi\u0107<br \/>\n<a href=\"http:\/\/www.factumdocumentary.com\/pages\/faccess\/af1_13.htm\"><em>\u017divot na svje\u017eem zraku,<\/em> 60&#8242; \/ Factum \/ 2002, r: Danko Volari<\/a>\u0107<br \/>\n<em>Ameri\u010dki san,<\/em> 30&#8217;\/ HRT, Studio K-36 \/ 1996, r: Petar Krelja<\/p>\n<p><em>Ana i Josip u carskom gradu<\/em> \/ HRT \/ <a href=\"http:\/\/www.imdb.com\/Sections\/Years\/1995\/\">1995<\/a>, r: Petar Krelja<\/p>\n<p><em>Suzanin osmijeh<\/em>, 33&#8242; \/ HRT, Filmoteka 16 \/ 1993, r: Petar Krelja<\/p>\n<p><em>Don Frane Buli\u0107<\/em>, 30&#8242; \/ HRT \/ <a href=\"http:\/\/www.imdb.com\/Sections\/Years\/1993\/\">1993<\/a>, r: Luka Marotti<\/p>\n<p><em><a href=\"http:\/\/www.imdb.com\/title\/tt0334447\/\">Svijet Slave Ra\u0161kaj<\/a><\/em>, 30&#8242; \/ HRT \/ <a href=\"http:\/\/www.imdb.com\/Sections\/Years\/1993\/\">1993<\/a>, r: Luka Marotti<\/p>\n<p><em>Josip Sever (skica za portret)<\/em>, 1989., r. Snje\u017eana Tribuson, 25 min., TV Zagreb<\/p>\n<p><em>Faust Vran\u010di\u0107 (Velikani i lu\u010dono\u0161e)<\/em>, 1986., r. \u017divorad Tomi\u0107, 39 min., TV Zagreb<\/p>\n<p><em>Sukobi i tragovi: Turska osvajanja I. i II.,<\/em> 1986., r. \u017divorad Tomi\u0107, 2&#215;30 min., TV Zg<\/p>\n<p>&nbsp;<\/p>\n<p>&nbsp;<\/p>\n<p>&nbsp;<\/p>\n<p><strong>SAMOSTALNE FOTOGRAFSKE IZLO\u017dBE<\/strong><\/p>\n<p><em>Fotokemika i ja, 2021, <\/em>Galerija <em>Principij, <\/em>Rijeka<\/p>\n<p><em>Fotokemika II, <\/em>2021<em>, <\/em>Galerija <em>Prica<\/em>, Samobor<\/p>\n<p><em>Fotokemika, <\/em>2020<em>, <\/em>Tehni\u010dki muzej<em> Nikola Tesla, <\/em>Zagreb<\/p>\n<p><em>Kino Crvena zvijezda<\/em>, 2013, Klovi\u0107evi dvori, Zagreb<\/p>\n<p><em>Kino Crvena zvijezda<\/em>, 2013, Galerija <em>Slavko Kopa\u010d<\/em>, Vinkovci<\/p>\n<p><em>20 dana na Tibetu<\/em>, 2011, Galerija <em>Slavko Kopa\u010d<\/em>, Vinkovci<\/p>\n<p><em>20 dana na Tibetu<\/em>, 2010, Galerija <em>Prica<\/em>, Samobor<\/p>\n<p><em>Auto-portreti<\/em>, 2010, Galerija Lang, Samobor<\/p>\n<p><em>Dje\u010dak<\/em>, 2009, Kula Lotr\u0161\u010dak, Zagreb<\/p>\n<p><em>20 dana na Tibetu<\/em>, 2007, Arheolo\u0161ki muzej, Split<\/p>\n<p><em>20 dana na Tibetu<\/em>, 2007, Kula Lotr\u0161\u010dak, Zagreb<\/p>\n<p>Skupne izlo\u017ebe:<\/p>\n<p>Kino <em>Crvena zvijezda<\/em>, 2012.-2013., <em>Aftermath &#8211; Changing cultural landscape<\/em><\/p>\n<p>Kino <em>Crvena zvijezda<\/em>, 2011., <em>Photodays<\/em>, Rovinj (Profesionalni koncept, finalist)<\/p>\n<p><em>Auto-portreti<\/em>, 2010., Dom HDLU, Zagreb (u sklopu <em>Zagreba\u010dkog salona<\/em>)<\/p>\n<p>Foto-monografija:<\/p>\n<p><em>20 dana na Tibetu<\/em>, uvodni tekst Dubravka Manola, 2010., <em>Ibis-grafika<\/em>, Zagreb<\/p>\n<p><strong>\u00a0<\/strong><\/p>\n","protected":false},"excerpt":{"rendered":"","protected":false},"author":2,"featured_media":1865,"comment_status":"closed","ping_status":"closed","sticky":false,"template":"","format":"standard","meta":{"_monsterinsights_skip_tracking":false,"_monsterinsights_sitenote_active":false,"_monsterinsights_sitenote_note":"","_monsterinsights_sitenote_category":0,"_links_to":"","_links_to_target":""},"categories":[1],"tags":[72],"aioseo_notices":[],"_links":{"self":[{"href":"https:\/\/filmfestivaldorf.com\/hr\/wp-json\/wp\/v2\/posts\/1863"}],"collection":[{"href":"https:\/\/filmfestivaldorf.com\/hr\/wp-json\/wp\/v2\/posts"}],"about":[{"href":"https:\/\/filmfestivaldorf.com\/hr\/wp-json\/wp\/v2\/types\/post"}],"author":[{"embeddable":true,"href":"https:\/\/filmfestivaldorf.com\/hr\/wp-json\/wp\/v2\/users\/2"}],"replies":[{"embeddable":true,"href":"https:\/\/filmfestivaldorf.com\/hr\/wp-json\/wp\/v2\/comments?post=1863"}],"version-history":[{"count":1,"href":"https:\/\/filmfestivaldorf.com\/hr\/wp-json\/wp\/v2\/posts\/1863\/revisions"}],"predecessor-version":[{"id":1866,"href":"https:\/\/filmfestivaldorf.com\/hr\/wp-json\/wp\/v2\/posts\/1863\/revisions\/1866"}],"wp:featuredmedia":[{"embeddable":true,"href":"https:\/\/filmfestivaldorf.com\/hr\/wp-json\/wp\/v2\/media\/1865"}],"wp:attachment":[{"href":"https:\/\/filmfestivaldorf.com\/hr\/wp-json\/wp\/v2\/media?parent=1863"}],"wp:term":[{"taxonomy":"category","embeddable":true,"href":"https:\/\/filmfestivaldorf.com\/hr\/wp-json\/wp\/v2\/categories?post=1863"},{"taxonomy":"post_tag","embeddable":true,"href":"https:\/\/filmfestivaldorf.com\/hr\/wp-json\/wp\/v2\/tags?post=1863"}],"curies":[{"name":"wp","href":"https:\/\/api.w.org\/{rel}","templated":true}]}}