{"id":2406,"date":"2022-08-16T06:01:49","date_gmt":"2022-08-16T06:01:49","guid":{"rendered":"https:\/\/filmfestivaldorf.com\/hr\/?p=2406"},"modified":"2022-08-16T06:01:49","modified_gmt":"2022-08-16T06:01:49","slug":"afv-2022-prvi-dan-16-08","status":"publish","type":"post","link":"https:\/\/filmfestivaldorf.com\/hr\/2022\/08\/16\/afv-2022-prvi-dan-16-08\/","title":{"rendered":"AFV 2022 &#8211; PRVI DAN 16.08."},"content":{"rendered":"<p><!--more--><\/p>\n<p>Prve ve\u010deri, u utorak 16.kolovoza, nakon sve\u010danog otvorenja, na programu su dva filma, dvije vinkova\u010dke premijere &#8211; kratki dokumentarni film autorice Vlatke Vorkapi\u0107 \u00a0<strong>\u201eAnine pjesme\u201c <\/strong>(Hrvatska, HRT, 2003.), pri\u010da o pu\u010dkoj pjesnikinji Ani \u0160ebalj iz sela Komletinci pokraj Vinkovaca i njezinoj najboljoj prijateljici. Drugi film na programu je <strong>\u201eVu\u010dedolska jarebica\u201c <\/strong>(Hrvatska, Design Studio D, 2021.), drugi film petodijelnog dokumentarno-igranog serijala \u201eVu\u010dedolske tajne\u201c o vu\u010dedolskoj kulturi, projekt koji su zapo\u010deli nagra\u0111ivani redatelj Darko Puhari\u0107 prema scenariju arheologa prof.dr.sc. Aleksandar Durman.<\/p>\n<p>Nakon projekcija filmova, nastavljamo istra\u017eivanje pop-kulturne povijesti Vinkovaca i ove godine je u fokusu kultni \u0161kolski list <strong>\u017dVOKS (\u017divot Vinkova\u010dke Omladine Koja Spava)<\/strong>, koji od po\u010detka 1980-ih objavljuje vinkova\u010dka Gimnazija i u kojem su generacije novinara i mladih kreativnih osoba dobile svoj prostor. Diskusiju \u201e\u017dVOKS \u2013 spava li jo\u0161 uvijek vinkova\u010dka omladina?\u201c popratit \u0107e i prezentacija koju je pripremila prof.Vi\u0161nja Sor\u010dik, a sudjelovat \u0107e neki od suradnika.<\/p>\n<p><img loading=\"lazy\" class=\"alignnone size-medium wp-image-2411 aligncenter\" src=\"https:\/\/filmfestivaldorf.com\/hr\/wp-content\/uploads\/2022\/08\/1.dan_-400x400.jpg\" alt=\"\" width=\"400\" height=\"400\" srcset=\"https:\/\/filmfestivaldorf.com\/hr\/wp-content\/uploads\/2022\/08\/1.dan_-400x400.jpg 400w, https:\/\/filmfestivaldorf.com\/hr\/wp-content\/uploads\/2022\/08\/1.dan_-800x800.jpg 800w, https:\/\/filmfestivaldorf.com\/hr\/wp-content\/uploads\/2022\/08\/1.dan_-280x280.jpg 280w, https:\/\/filmfestivaldorf.com\/hr\/wp-content\/uploads\/2022\/08\/1.dan_-768x768.jpg 768w, https:\/\/filmfestivaldorf.com\/hr\/wp-content\/uploads\/2022\/08\/1.dan_.jpg 1080w\" sizes=\"(max-width: 400px) 100vw, 400px\" \/><\/p>\n<p>&nbsp;<\/p>\n","protected":false},"excerpt":{"rendered":"","protected":false},"author":2,"featured_media":2411,"comment_status":"closed","ping_status":"closed","sticky":false,"template":"","format":"standard","meta":{"_monsterinsights_skip_tracking":false,"_monsterinsights_sitenote_active":false,"_monsterinsights_sitenote_note":"","_monsterinsights_sitenote_category":0,"_links_to":"","_links_to_target":""},"categories":[1],"tags":[72],"aioseo_notices":[],"_links":{"self":[{"href":"https:\/\/filmfestivaldorf.com\/hr\/wp-json\/wp\/v2\/posts\/2406"}],"collection":[{"href":"https:\/\/filmfestivaldorf.com\/hr\/wp-json\/wp\/v2\/posts"}],"about":[{"href":"https:\/\/filmfestivaldorf.com\/hr\/wp-json\/wp\/v2\/types\/post"}],"author":[{"embeddable":true,"href":"https:\/\/filmfestivaldorf.com\/hr\/wp-json\/wp\/v2\/users\/2"}],"replies":[{"embeddable":true,"href":"https:\/\/filmfestivaldorf.com\/hr\/wp-json\/wp\/v2\/comments?post=2406"}],"version-history":[{"count":1,"href":"https:\/\/filmfestivaldorf.com\/hr\/wp-json\/wp\/v2\/posts\/2406\/revisions"}],"predecessor-version":[{"id":2412,"href":"https:\/\/filmfestivaldorf.com\/hr\/wp-json\/wp\/v2\/posts\/2406\/revisions\/2412"}],"wp:featuredmedia":[{"embeddable":true,"href":"https:\/\/filmfestivaldorf.com\/hr\/wp-json\/wp\/v2\/media\/2411"}],"wp:attachment":[{"href":"https:\/\/filmfestivaldorf.com\/hr\/wp-json\/wp\/v2\/media?parent=2406"}],"wp:term":[{"taxonomy":"category","embeddable":true,"href":"https:\/\/filmfestivaldorf.com\/hr\/wp-json\/wp\/v2\/categories?post=2406"},{"taxonomy":"post_tag","embeddable":true,"href":"https:\/\/filmfestivaldorf.com\/hr\/wp-json\/wp\/v2\/tags?post=2406"}],"curies":[{"name":"wp","href":"https:\/\/api.w.org\/{rel}","templated":true}]}}