{"id":2422,"date":"2022-08-19T09:57:12","date_gmt":"2022-08-19T09:57:12","guid":{"rendered":"https:\/\/filmfestivaldorf.com\/hr\/?p=2422"},"modified":"2022-08-19T09:57:12","modified_gmt":"2022-08-19T09:57:12","slug":"16-dorf-drugi-dan","status":"publish","type":"post","link":"https:\/\/filmfestivaldorf.com\/hr\/2022\/08\/19\/16-dorf-drugi-dan\/","title":{"rendered":"16.DORF &#8211; drugi dan"},"content":{"rendered":"<p><!--more--><\/p>\n<p>Danas po\u010dinjemo u 18:00 sati, dru\u017eimo se sa Damirom Avdi\u0107em uz Marija Kova\u010da u Craft baru Valens<\/p>\n<p>Poslije, od 20 sati gledamo 4 filma u lapidariju GMVK<\/p>\n<p>&nbsp;<\/p>\n<p>&nbsp;<\/p>\n<p><img loading=\"lazy\" class=\"alignnone size-medium wp-image-2418 aligncenter\" src=\"https:\/\/filmfestivaldorf.com\/hr\/wp-content\/uploads\/2022\/08\/2.-dan-petak-1-400x400.jpg\" alt=\"\" width=\"400\" height=\"400\" srcset=\"https:\/\/filmfestivaldorf.com\/hr\/wp-content\/uploads\/2022\/08\/2.-dan-petak-1-400x400.jpg 400w, https:\/\/filmfestivaldorf.com\/hr\/wp-content\/uploads\/2022\/08\/2.-dan-petak-1-800x800.jpg 800w, https:\/\/filmfestivaldorf.com\/hr\/wp-content\/uploads\/2022\/08\/2.-dan-petak-1-280x280.jpg 280w, https:\/\/filmfestivaldorf.com\/hr\/wp-content\/uploads\/2022\/08\/2.-dan-petak-1-768x768.jpg 768w, https:\/\/filmfestivaldorf.com\/hr\/wp-content\/uploads\/2022\/08\/2.-dan-petak-1.jpg 1080w\" sizes=\"(max-width: 400px) 100vw, 400px\" \/><\/p>\n","protected":false},"excerpt":{"rendered":"","protected":false},"author":2,"featured_media":2418,"comment_status":"closed","ping_status":"closed","sticky":false,"template":"","format":"standard","meta":{"_monsterinsights_skip_tracking":false,"_monsterinsights_sitenote_active":false,"_monsterinsights_sitenote_note":"","_monsterinsights_sitenote_category":0,"_links_to":"","_links_to_target":""},"categories":[1],"tags":[72],"aioseo_notices":[],"_links":{"self":[{"href":"https:\/\/filmfestivaldorf.com\/hr\/wp-json\/wp\/v2\/posts\/2422"}],"collection":[{"href":"https:\/\/filmfestivaldorf.com\/hr\/wp-json\/wp\/v2\/posts"}],"about":[{"href":"https:\/\/filmfestivaldorf.com\/hr\/wp-json\/wp\/v2\/types\/post"}],"author":[{"embeddable":true,"href":"https:\/\/filmfestivaldorf.com\/hr\/wp-json\/wp\/v2\/users\/2"}],"replies":[{"embeddable":true,"href":"https:\/\/filmfestivaldorf.com\/hr\/wp-json\/wp\/v2\/comments?post=2422"}],"version-history":[{"count":1,"href":"https:\/\/filmfestivaldorf.com\/hr\/wp-json\/wp\/v2\/posts\/2422\/revisions"}],"predecessor-version":[{"id":2423,"href":"https:\/\/filmfestivaldorf.com\/hr\/wp-json\/wp\/v2\/posts\/2422\/revisions\/2423"}],"wp:featuredmedia":[{"embeddable":true,"href":"https:\/\/filmfestivaldorf.com\/hr\/wp-json\/wp\/v2\/media\/2418"}],"wp:attachment":[{"href":"https:\/\/filmfestivaldorf.com\/hr\/wp-json\/wp\/v2\/media?parent=2422"}],"wp:term":[{"taxonomy":"category","embeddable":true,"href":"https:\/\/filmfestivaldorf.com\/hr\/wp-json\/wp\/v2\/categories?post=2422"},{"taxonomy":"post_tag","embeddable":true,"href":"https:\/\/filmfestivaldorf.com\/hr\/wp-json\/wp\/v2\/tags?post=2422"}],"curies":[{"name":"wp","href":"https:\/\/api.w.org\/{rel}","templated":true}]}}