{"id":2427,"date":"2022-08-20T11:00:08","date_gmt":"2022-08-20T11:00:08","guid":{"rendered":"https:\/\/filmfestivaldorf.com\/hr\/?p=2427"},"modified":"2022-08-20T11:00:08","modified_gmt":"2022-08-20T11:00:08","slug":"16-dorf-treci-dan-u-baru-valens","status":"publish","type":"post","link":"https:\/\/filmfestivaldorf.com\/hr\/2022\/08\/20\/16-dorf-treci-dan-u-baru-valens\/","title":{"rendered":"16.DORF &#8211; TRE\u0106I DAN (U BARU VALENS!)"},"content":{"rendered":"<p><!--more--><\/p>\n<p>Zbog lo\u0161e vremenske prognoze, dana\u0161nji program \u0107emo imati u Craft baru Valens, koncert je otkazan, a promocija knjige i projekcije filmova te progla\u0161enje pobjednika bit \u0107e u Craft baru Valens<\/p>\n<p>&nbsp;<\/p>\n<p><img loading=\"lazy\" class=\"alignnone size-medium wp-image-2428\" src=\"https:\/\/filmfestivaldorf.com\/hr\/wp-content\/uploads\/2022\/08\/3-dan-subota-valens-copy-400x400.jpg\" alt=\"\" width=\"400\" height=\"400\" srcset=\"https:\/\/filmfestivaldorf.com\/hr\/wp-content\/uploads\/2022\/08\/3-dan-subota-valens-copy-400x400.jpg 400w, https:\/\/filmfestivaldorf.com\/hr\/wp-content\/uploads\/2022\/08\/3-dan-subota-valens-copy-800x800.jpg 800w, https:\/\/filmfestivaldorf.com\/hr\/wp-content\/uploads\/2022\/08\/3-dan-subota-valens-copy-280x280.jpg 280w, https:\/\/filmfestivaldorf.com\/hr\/wp-content\/uploads\/2022\/08\/3-dan-subota-valens-copy-768x768.jpg 768w, https:\/\/filmfestivaldorf.com\/hr\/wp-content\/uploads\/2022\/08\/3-dan-subota-valens-copy.jpg 1080w\" sizes=\"(max-width: 400px) 100vw, 400px\" \/><\/p>\n","protected":false},"excerpt":{"rendered":"","protected":false},"author":2,"featured_media":2428,"comment_status":"closed","ping_status":"closed","sticky":false,"template":"","format":"standard","meta":{"_monsterinsights_skip_tracking":false,"_monsterinsights_sitenote_active":false,"_monsterinsights_sitenote_note":"","_monsterinsights_sitenote_category":0,"_links_to":"","_links_to_target":""},"categories":[1],"tags":[72],"aioseo_notices":[],"_links":{"self":[{"href":"https:\/\/filmfestivaldorf.com\/hr\/wp-json\/wp\/v2\/posts\/2427"}],"collection":[{"href":"https:\/\/filmfestivaldorf.com\/hr\/wp-json\/wp\/v2\/posts"}],"about":[{"href":"https:\/\/filmfestivaldorf.com\/hr\/wp-json\/wp\/v2\/types\/post"}],"author":[{"embeddable":true,"href":"https:\/\/filmfestivaldorf.com\/hr\/wp-json\/wp\/v2\/users\/2"}],"replies":[{"embeddable":true,"href":"https:\/\/filmfestivaldorf.com\/hr\/wp-json\/wp\/v2\/comments?post=2427"}],"version-history":[{"count":1,"href":"https:\/\/filmfestivaldorf.com\/hr\/wp-json\/wp\/v2\/posts\/2427\/revisions"}],"predecessor-version":[{"id":2429,"href":"https:\/\/filmfestivaldorf.com\/hr\/wp-json\/wp\/v2\/posts\/2427\/revisions\/2429"}],"wp:featuredmedia":[{"embeddable":true,"href":"https:\/\/filmfestivaldorf.com\/hr\/wp-json\/wp\/v2\/media\/2428"}],"wp:attachment":[{"href":"https:\/\/filmfestivaldorf.com\/hr\/wp-json\/wp\/v2\/media?parent=2427"}],"wp:term":[{"taxonomy":"category","embeddable":true,"href":"https:\/\/filmfestivaldorf.com\/hr\/wp-json\/wp\/v2\/categories?post=2427"},{"taxonomy":"post_tag","embeddable":true,"href":"https:\/\/filmfestivaldorf.com\/hr\/wp-json\/wp\/v2\/tags?post=2427"}],"curies":[{"name":"wp","href":"https:\/\/api.w.org\/{rel}","templated":true}]}}