{"id":2956,"date":"2025-06-02T09:42:48","date_gmt":"2025-06-02T09:42:48","guid":{"rendered":"https:\/\/filmfestivaldorf.com\/hr\/?p=2956"},"modified":"2025-06-02T09:45:40","modified_gmt":"2025-06-02T09:45:40","slug":"dorf-monografija-u-dokukinu-kic-13-6","status":"publish","type":"post","link":"https:\/\/filmfestivaldorf.com\/hr\/2025\/06\/02\/dorf-monografija-u-dokukinu-kic-13-6\/","title":{"rendered":"DORF MONOGRAFIJA U DOKUKINU KIC 13.6."},"content":{"rendered":"<p><!--more--><\/p>\n<p>Nakon Vinkovaca i Koprivnice, premijerno predstavljanje izdanja \u201eDORF monografija 2007.-2024.\u201c Udruga ljubitelja filma RARE iz Vinkovaca organizirat \u0107e <strong>u petak, 13. lipnja u 19 h<\/strong> u zagreba\u010dkom Dokukinu KIC.<\/p>\n<p>Festival dokumentarnog rock filma DORF jedinstveni je kulturni projekt i festival koji ve\u0107 18 godina spaja glazbu i film. Na promociji \u0107e sudjelovati <strong>Toni \u0160ari\u0107<\/strong>, osniva\u010d i umjetni\u010dki direktor DORF-a, koji \u0107e iz prve ruke podijeliti zanimljivosti iz bogate povijesti festivala, anegdote iza kulisa te kako je DORF postao prepoznatljivo ime me\u0111u ljubiteljima dokumentarnog filma i glazbe.<\/p>\n<p>DORF monografiju je uredio i oblikovao Martin Peranovi\u0107, dizajner iz Otoka. Ona donosi pregled dosada\u0161njih izdanja festivala, retrospektivu svih prikazanih filmova, \u00a0gostovanja u 84 grada, popratnih programa i brojnih suradnji, uz mno\u0161tvo fotografija i svjedo\u010danstava koja bilje\u017ee duh DORF-a kao jedinstvenog regionalnog kulturnog fenomena. Monografija DORF festivala realizirana je uz potporu Grada Vinkovci, Vukovarske-srijemske \u017eupanije i Hrvatskog audiovizualnog centra.<\/p>\n<p><strong>Nakon promocije, prikazujemo \u00a0dokumentarni film &#8220;Sanjalice&#8221;<\/strong> (Srbija, Filmoskopija\/theNO film, 2024; re\u017eija: Vladimir Petrovi\u0107, 69\u2019), emotivnu i inspirativnu pri\u010du o prvom \u017eenskom rock-bendu u Jugoslaviji, koji je nastao u Beogradu 1960-ih godina. \u00a0Povijest \u017eenskog pisma u rock glazbi po\u010dela je s Dodom, dvije Ljilje i Nenom, koje su kao srednjo\u0161kolke zapo\u010dele uzbudljivu i kratku avanturu. Vratite se u za\u010detke rock\u2019n\u2019rolla, prisjetite nekih cool trenutaka iz pro\u0161losti i \u2013 mo\u017eda dobijete inspiraciju\u2026 Ovaj neovisni dokumentarac pro\u0161le je godine osvojio nekoliko <strong>nagrada za najbolji film, <\/strong>izme\u0111u ostalih i na 18. izdanju Festivala dokumentarnog rock filma DORF u Vinkovcima. \u00a0\u017diri DORF-a posebno je istaknuo &#8220;zapanjuju\u0107u koli\u010dinu truda u istra\u017eivanju arhivske gra\u0111e&#8221; i &#8220;vje\u0161tu monta\u017eu koja stvara toplu i ljudsku pri\u010du&#8221;.<\/p>\n<p><strong>Gost na zagreba\u010dkoj premijeri bit \u0107e i autor filma, Vladimir Petrovi\u0107<\/strong>, koji \u0107e nakon prikazivanja razgovarati s publikom i otkriti vi\u0161e o procesu nastanka filma te velikoj va\u017enosti dokumentiranja zaboravljene (\u017eenske) glazbene povijesti.<\/p>\n<p><strong>Razgovor s Tonijem \u0160ari\u0107em i Vladimirom Petrovi\u0107em moderirat \u0107e Zoran Staj\u010di\u0107, glazbeni kriti\u010dar i glavni urednik popkulturnog magazina Ravno do dna. <\/strong><\/p>\n<p><img loading=\"lazy\" class=\"alignnone size-medium wp-image-2960 aligncenter\" src=\"https:\/\/filmfestivaldorf.com\/hr\/wp-content\/uploads\/2025\/06\/Sanjalice-2024-286x400.jpg\" alt=\"\" width=\"286\" height=\"400\" srcset=\"https:\/\/filmfestivaldorf.com\/hr\/wp-content\/uploads\/2025\/06\/Sanjalice-2024-286x400.jpg 286w, https:\/\/filmfestivaldorf.com\/hr\/wp-content\/uploads\/2025\/06\/Sanjalice-2024-572x800.jpg 572w, https:\/\/filmfestivaldorf.com\/hr\/wp-content\/uploads\/2025\/06\/Sanjalice-2024-768x1075.jpg 768w, https:\/\/filmfestivaldorf.com\/hr\/wp-content\/uploads\/2025\/06\/Sanjalice-2024-1097x1536.jpg 1097w, https:\/\/filmfestivaldorf.com\/hr\/wp-content\/uploads\/2025\/06\/Sanjalice-2024-1463x2048.jpg 1463w, https:\/\/filmfestivaldorf.com\/hr\/wp-content\/uploads\/2025\/06\/Sanjalice-2024-scaled.jpg 1829w\" sizes=\"(max-width: 286px) 100vw, 286px\" \/><\/p>\n","protected":false},"excerpt":{"rendered":"","protected":false},"author":2,"featured_media":2957,"comment_status":"closed","ping_status":"closed","sticky":false,"template":"","format":"standard","meta":{"_monsterinsights_skip_tracking":false,"_monsterinsights_sitenote_active":false,"_monsterinsights_sitenote_note":"","_monsterinsights_sitenote_category":0,"_links_to":"","_links_to_target":""},"categories":[1],"tags":[71,106],"aioseo_notices":[],"_links":{"self":[{"href":"https:\/\/filmfestivaldorf.com\/hr\/wp-json\/wp\/v2\/posts\/2956"}],"collection":[{"href":"https:\/\/filmfestivaldorf.com\/hr\/wp-json\/wp\/v2\/posts"}],"about":[{"href":"https:\/\/filmfestivaldorf.com\/hr\/wp-json\/wp\/v2\/types\/post"}],"author":[{"embeddable":true,"href":"https:\/\/filmfestivaldorf.com\/hr\/wp-json\/wp\/v2\/users\/2"}],"replies":[{"embeddable":true,"href":"https:\/\/filmfestivaldorf.com\/hr\/wp-json\/wp\/v2\/comments?post=2956"}],"version-history":[{"count":3,"href":"https:\/\/filmfestivaldorf.com\/hr\/wp-json\/wp\/v2\/posts\/2956\/revisions"}],"predecessor-version":[{"id":2961,"href":"https:\/\/filmfestivaldorf.com\/hr\/wp-json\/wp\/v2\/posts\/2956\/revisions\/2961"}],"wp:featuredmedia":[{"embeddable":true,"href":"https:\/\/filmfestivaldorf.com\/hr\/wp-json\/wp\/v2\/media\/2957"}],"wp:attachment":[{"href":"https:\/\/filmfestivaldorf.com\/hr\/wp-json\/wp\/v2\/media?parent=2956"}],"wp:term":[{"taxonomy":"category","embeddable":true,"href":"https:\/\/filmfestivaldorf.com\/hr\/wp-json\/wp\/v2\/categories?post=2956"},{"taxonomy":"post_tag","embeddable":true,"href":"https:\/\/filmfestivaldorf.com\/hr\/wp-json\/wp\/v2\/tags?post=2956"}],"curies":[{"name":"wp","href":"https:\/\/api.w.org\/{rel}","templated":true}]}}