{"id":431,"date":"2019-11-18T13:19:03","date_gmt":"2019-11-18T13:19:03","guid":{"rendered":"https:\/\/filmfestivaldorf.com\/hr\/?p=431"},"modified":"2020-05-20T13:21:06","modified_gmt":"2020-05-20T13:21:06","slug":"rambo-amadeus-u-vinkovcima-22-11","status":"publish","type":"post","link":"https:\/\/filmfestivaldorf.com\/hr\/2019\/11\/18\/rambo-amadeus-u-vinkovcima-22-11\/","title":{"rendered":"RAMBO AMADEUS U VINKOVCIMA 22.11."},"content":{"rendered":"<p><!--more--><\/p>\n<p>13.DORF izdanje zaklju\u010deno je u subotu 24.8. u lapidariju Gradskog muzeja Vinkovci. Posebno <strong>DORF priznanje za doprinos undergroundu<\/strong> ove godine dobio je glazbenik Antonije Pu\u0161i\u0107, poznatiji kao <strong>Rambo Amadeus<\/strong>. Zbog obveza, DORF laureat nije mogao u kolovozu do\u0107i na festival po nagradu i u dogovoru sa organizatorima organizirana je sadnja 4 stabla <em>likvidambra<\/em> u Vinkovcima, u petak 22.11.2019. u ulici Slavka Jankovi\u0107a, u 13.30 sati.<\/p>\n<p>Rambo Amadeus je simboli\u010dnom gestom sadnje drveta, u suradnji s vinkova\u010dkim festivalom odlu\u010dio dodatno skrenuti pozornost na o\u010duvanje okoli\u0161a te potaknuti i druge na sli\u010dne aktivnosti koje doprinose pove\u0107anju kvalitete \u017eivota. Na tom mjestu \u0107e laureati Festivala DORF nastaviti sadnju &#8211; i u narednim godinama. Akciju sadnje DORF stabala pomogli su <em>Grad Vinkovci<\/em>, <em>Cvje\u0107arstvo d.o.o.<\/em> \u00a0i <em>donatori<\/em>.<\/p>\n<p>&nbsp;<\/p>\n<p>U obrazlo\u017eenju prilikom dodjele Festival DORF je istaknuo <em>\u201eGlazbenik, pjesnik i medijski manipulator jedinstvenu glazbenu karijeru zapo\u010deo je u rodnom Herceg Novom\u00a0<a href=\"https:\/\/hr.wikipedia.org\/wiki\/1979.\">1979.<\/a>\u00a0godine u jazz-punk bendu &#8220;Radioaktivni otpad&#8221;. Debi albumom \u201eO tugo jesenja\u201c 1988. po\u010dela je jedinstvena glazbena avantura pod pseudonimom Rambo Amadeus, u koju je stalo 15 izvrsnih albuma, brojni koncerti i kolaboracije, uvijek iznova originalno i uzbudljivo. Impresivan popis genijalnih rje\u0161enja i visoka kvaliteta najraznovrsnijih formi u kojima se oku\u0161ava sve ove godine, mnogima slu\u017ee kao svjetionik i putokaz. DORF festival svakako bi bio druk\u010diji da u na\u0161im \u017eivotima nije bilo toliko Ramba Amadeusa.\u201c<\/em><\/p>\n<p>&nbsp;<\/p>\n<p>Za unikatne nagrade laureatima na ovogodi\u0161njem festivalu i ove godine zadu\u017een je bio genijalni splitski kipar&amp;strip autor <strong>Miro \u017dupa<\/strong>. Podsje\u0107amo, 13.DORF vizualni identitet je djelo <strong>Martina Peranovi\u0107a<\/strong>, iz Otoka.<\/p>\n<p>Festival DORF 2019 odr\u017eao se pod pokroviteljstvom Hrvatskog audiovizualnog centra, Grada Vinkovaca i Vukovarsko-srijemske \u017eupanije. Partner festivala bio je Gradski muzej Vinkovci.<\/p>\n","protected":false},"excerpt":{"rendered":"","protected":false},"author":1,"featured_media":432,"comment_status":"closed","ping_status":"closed","sticky":false,"template":"","format":"standard","meta":{"_monsterinsights_skip_tracking":false,"_monsterinsights_sitenote_active":false,"_monsterinsights_sitenote_note":"","_monsterinsights_sitenote_category":0,"_links_to":"","_links_to_target":""},"categories":[1],"tags":[],"aioseo_notices":[],"_links":{"self":[{"href":"https:\/\/filmfestivaldorf.com\/hr\/wp-json\/wp\/v2\/posts\/431"}],"collection":[{"href":"https:\/\/filmfestivaldorf.com\/hr\/wp-json\/wp\/v2\/posts"}],"about":[{"href":"https:\/\/filmfestivaldorf.com\/hr\/wp-json\/wp\/v2\/types\/post"}],"author":[{"embeddable":true,"href":"https:\/\/filmfestivaldorf.com\/hr\/wp-json\/wp\/v2\/users\/1"}],"replies":[{"embeddable":true,"href":"https:\/\/filmfestivaldorf.com\/hr\/wp-json\/wp\/v2\/comments?post=431"}],"version-history":[{"count":1,"href":"https:\/\/filmfestivaldorf.com\/hr\/wp-json\/wp\/v2\/posts\/431\/revisions"}],"predecessor-version":[{"id":433,"href":"https:\/\/filmfestivaldorf.com\/hr\/wp-json\/wp\/v2\/posts\/431\/revisions\/433"}],"wp:featuredmedia":[{"embeddable":true,"href":"https:\/\/filmfestivaldorf.com\/hr\/wp-json\/wp\/v2\/media\/432"}],"wp:attachment":[{"href":"https:\/\/filmfestivaldorf.com\/hr\/wp-json\/wp\/v2\/media?parent=431"}],"wp:term":[{"taxonomy":"category","embeddable":true,"href":"https:\/\/filmfestivaldorf.com\/hr\/wp-json\/wp\/v2\/categories?post=431"},{"taxonomy":"post_tag","embeddable":true,"href":"https:\/\/filmfestivaldorf.com\/hr\/wp-json\/wp\/v2\/tags?post=431"}],"curies":[{"name":"wp","href":"https:\/\/api.w.org\/{rel}","templated":true}]}}