{"id":477,"date":"2019-08-25T19:33:32","date_gmt":"2019-08-25T19:33:32","guid":{"rendered":"https:\/\/filmfestivaldorf.com\/hr\/?p=477"},"modified":"2020-05-20T19:35:55","modified_gmt":"2020-05-20T19:35:55","slug":"podijeljene-dorf-2019-nagrade","status":"publish","type":"post","link":"https:\/\/filmfestivaldorf.com\/hr\/2019\/08\/25\/podijeljene-dorf-2019-nagrade\/","title":{"rendered":"PODIJELJENE DORF 2019 NAGRADE"},"content":{"rendered":"<p><!--more--><\/p>\n<p>&nbsp;<\/p>\n<p>13.DORF izdanje zaklju\u010deno je u subotu 24.8. <strong>u<\/strong> <strong>lapidariju Gradskog muzeja Vinkovci<\/strong>, u centru Vinkovaca. Posjetitelji su protekli DORF tjedan pogledali ukupno 13 projekcija glazbenih dokumentarnih filmova iz Hrvatske, Slovenije, Srbije, SAD, Kanade, Velike Britanije i Kazahstana, uz gostovanja autora i popratni OFF DORF program (promocija knjige, DJ nastup, one-man show, izlo\u017eba fotografija. \u00a0Odr\u017eano je 8 hrvatskih i 1 svjetska premijera.<\/p>\n<p>\u017diri u sastavu <strong>Miroslav Sikavica, Marina Paulenka i Matej Me\u0161trovi\u0107 <\/strong>odlu\u010dio je dodijeliti nagradu za najbolji film u regionalnoj konkurenciji filmu \u201e<strong>Putnici\u201c, <\/strong>autorice<strong> Tine \u0160imurine (Hrvatska)<\/strong>.<\/p>\n<p>Unikatnu nagradu autorici filma je uru\u010dio <em>Matej Me\u0161trovi\u0107<\/em>.<\/p>\n<h3><\/h3>\n<p>Posebno DORF\u00a0 2019 priznanje \u017eirija dobio je film <strong>\u201eTimes Of Great Depression\u201c<\/strong>, autora <strong>Vladimira Gojuna (Hrvatska). <\/strong>Autor zbog slu\u017ebenih obveza nije mogao primiti priznanje u Vinkovcima i obratio se video porukom publici.<\/p>\n<p>Ovogodi\u0161nju DORF nagradu za \u017eivotno djelo dobio je redatelj <strong>Slobodan \u0160ijan,<\/strong> a nagradu za doprinos undergroundu glazbenik <strong>Antonije Pu\u0161i\u0107<\/strong>, poznatiji kao <em>Rambo Amadeus<\/em>. \u00a0Rambo Amadeus \u00a0\u0107e nagradu primiti u listopadu, zbog obaveza nije mogao do\u0107i sada, ali \u0107e prilikom dolaska posaditi DORF stablo u Vinkovcima u namjeri da se potakne po\u0161umljavanje i skrene pozornost na nedostatak zelenila.<\/p>\n<p>Tako\u0111er, uru\u010dena je nagrada za \u017eivotno djelo 2018 prevoditelju <strong>Voji \u0160indoli\u0107u<\/strong>, koji pro\u0161le godine zbog zdravstvenih razloga nije mogao primiti.<\/p>\n<p>Nagrade Slobodanu \u0160ijanu i Voji \u0160indoli\u0107u je uru\u010dio <strong>Toni \u0160ari\u0107<\/strong>, umjetni\u010dki direktor i osniva\u010d Festivala DORF.<\/p>\n<p>Autor sve 3 ovogodi\u0161nje nagrade je sjajni kipar <strong>Miro \u017dupa<\/strong> iz Splita.<\/p>\n<p>Podsje\u0107amo, 13.DORF vizualni identitet je djelo <strong>Martina Peranovi\u0107a<\/strong>, iz Otoka.<\/p>\n<p>Festival DORF 2019 odr\u017eao se pod pokroviteljstvom Hrvatskog audiovizualnog centra, Grada Vinkovaca i Vukovarsko-srijemske \u017eupanije.<\/p>\n<p>Partner festivala bio je Gradski muzej Vinkovci.<\/p>\n<p>Foto Miroslav \u0160lafhauzer&nbsp;<\/p>\n","protected":false},"excerpt":{"rendered":"","protected":false},"author":1,"featured_media":478,"comment_status":"closed","ping_status":"closed","sticky":false,"template":"","format":"standard","meta":{"_monsterinsights_skip_tracking":false,"_monsterinsights_sitenote_active":false,"_monsterinsights_sitenote_note":"","_monsterinsights_sitenote_category":0,"_links_to":"","_links_to_target":""},"categories":[1],"tags":[],"aioseo_notices":[],"_links":{"self":[{"href":"https:\/\/filmfestivaldorf.com\/hr\/wp-json\/wp\/v2\/posts\/477"}],"collection":[{"href":"https:\/\/filmfestivaldorf.com\/hr\/wp-json\/wp\/v2\/posts"}],"about":[{"href":"https:\/\/filmfestivaldorf.com\/hr\/wp-json\/wp\/v2\/types\/post"}],"author":[{"embeddable":true,"href":"https:\/\/filmfestivaldorf.com\/hr\/wp-json\/wp\/v2\/users\/1"}],"replies":[{"embeddable":true,"href":"https:\/\/filmfestivaldorf.com\/hr\/wp-json\/wp\/v2\/comments?post=477"}],"version-history":[{"count":1,"href":"https:\/\/filmfestivaldorf.com\/hr\/wp-json\/wp\/v2\/posts\/477\/revisions"}],"predecessor-version":[{"id":479,"href":"https:\/\/filmfestivaldorf.com\/hr\/wp-json\/wp\/v2\/posts\/477\/revisions\/479"}],"wp:featuredmedia":[{"embeddable":true,"href":"https:\/\/filmfestivaldorf.com\/hr\/wp-json\/wp\/v2\/media\/478"}],"wp:attachment":[{"href":"https:\/\/filmfestivaldorf.com\/hr\/wp-json\/wp\/v2\/media?parent=477"}],"wp:term":[{"taxonomy":"category","embeddable":true,"href":"https:\/\/filmfestivaldorf.com\/hr\/wp-json\/wp\/v2\/categories?post=477"},{"taxonomy":"post_tag","embeddable":true,"href":"https:\/\/filmfestivaldorf.com\/hr\/wp-json\/wp\/v2\/tags?post=477"}],"curies":[{"name":"wp","href":"https:\/\/api.w.org\/{rel}","templated":true}]}}