{"id":530,"date":"2019-08-06T19:02:07","date_gmt":"2019-08-06T19:02:07","guid":{"rendered":"https:\/\/filmfestivaldorf.com\/hr\/?p=530"},"modified":"2020-05-21T19:05:08","modified_gmt":"2020-05-21T19:05:08","slug":"raspored-dorf-2019","status":"publish","type":"post","link":"https:\/\/filmfestivaldorf.com\/hr\/2019\/08\/06\/raspored-dorf-2019\/","title":{"rendered":"RASPORED DORF 2019"},"content":{"rendered":"<p>Vinkovci uskoro postaju filmski centar Slavonije. Ljubitelji filmova u Vinkovcima \u0107e pogledati tijekom Filmskog tjedna 17-24.8. ukupno 12 dokumentarnih filmova. Regionalna selekcija ovogodi\u0161njeg izdanja predstavit \u0107e ukupno 6 novih glazbenih dokumentarnih filmova, iz Hrvatske, Srbije i Slovenije. U programu Tajna povijest rocka bit \u0107e prikazano ukupno 6 filmova, iz Hrvatske, Slovenije, SAD, Kanade, Velike Britanije i Kazahstana. U popratnom programu OFF DORF publika \u0107e imati priliku vidjeti promociju knjige, nastup DJ iz Austrije, nastup pantomimi\u010dara i izlo\u017ebu fotografija.<\/p>\n<p>Zagrijavanje i uvod u ovogodi\u0161nji Filmski tjedan u Vinkovcima odr\u017eat \u0107e se\u00a0<strong>u subotu 17.8.<\/strong>\u00a0u Lapidariju GMV. Na programu je projekcija sjajnog filma slovenske redateljice Petre Seli\u0161kar\u00a0<strong>\u201eMoj svijet je naopa\u010dke\u201c<\/strong>\u00a0<em>(Petra Pan Film Production, 2016)<\/em>\u00a0\u2013 zanimljive kombinacije \u017eivih izvedbi vode\u0107ih alternativnih glazbenika svijeta\u00a0<em>(Hugo Race, Chris Eckman, John Parish, Toma\u017e Pengov, Josipa Lisac, Bernays Propaganda\u2026)\u00a0<\/em>koji sviraju Je\u017eekove pjesme i njegovih nevjerojatnih arhivskih materijala, koji su nastajali od 1960-ih do 1980-ih. Poslije projekcije nastupit \u0107e\u00a0<strong>Franto Frantic<\/strong>\u00a0<em>Something completely frantic!<\/em>\u00a0\u2013 impresivan one-man nastup u kojem odu\u0161evljava u 28 uloga: svira, ple\u0161e, pla\u010de, nasmijava nas i tjera na razmi\u0161ljanje.<\/p>\n<p>U DORF programu \u0107e biti ukupno 8 hrvatskih premijera i 1 svjetska premijera.<\/p>\n<p>Igor \u010coko i Lea Vahru\u0161ev predstavit \u0107e u Vinkovcima 24.08. ekskluzivnom premijerom kratki film\u00a0<strong>\u201eSu\u017eeni snovi \u2013 Repetitor u Ce Zeu\u201c\u00a0<\/strong>(Grain i Okru\u017eni zatvor u Beogradu, Slu\u017eba za tretman 2019) \u2013 o nastupu sjajnog sastava\u00a0<strong>Repetitor<\/strong>\u00a0u beogradskom Okru\u017enom zatvoru, koncertu koji su 2017. odsvirali za osu\u0111enike.\u00a0 Impresivan nastup zabilje\u017een je kamerom, a u popratnom programu Igor \u010coko predstavit \u0107e i fotografije nastale u istom zatvoru \u2013\u00a0 tijekom cijelog trajanja festivala, u Galeriji Slavka Kopa\u010da, otvorenje je u ponedjeljak 19.8 od 19:00 sati.<\/p>\n<p>U petak 23.08. \u0107e film\u00a0<strong>\u201eBure Bareta\u201c<\/strong>\u00a0biti premijerno prikazan u Vinkovcima i u \u0160irokom Brijegu, na odli\u010dnom, 20. Mediteran film festivalu. Autori pobjedni\u010dkog DORF filma o bubnjaru Bijelog dugmeta \u2013 trojac Robert Bubalo, Mario Vukadin i Renato Tonkovi\u0107 \u2013 snimili su zanimljiv glazbeni dokumentarac: legendarni\u00a0<strong>Goran Bare<\/strong>\u00a0zavaljen u stolici govori im o djetinjstvu, odrastanju i zrelosti, o ljubavi, Trumpu i alergiji na ambroziju, o tome za\u0161to mu je uvreda kad ga nazovu rocker i o mnogo\u010demu drugom \u2013 o \u010demu do sada nije govorio. I sve to za\u010dinjeno \u017eestokim \u201cte\u0161kim bojama\u201d\u2026<\/p>\n<p>Kao monta\u017eer na 2 filma i redatelj jednog filma, slavonskoj publici na Filmskom tjednu predstavit \u0107e se sjajni dubrova\u010dki filma\u0161\u00a0<em>Vladimir Gojun<\/em>. U odli\u010dnom portretu\u00a0<strong>\u201eTimes of great depression\u201c\u00a0<\/strong>(Nukleus film, 2018) predstavlja nam blues glazbenika Adama Semijalca, poznatijeg kao\u00a0<strong><em>Bebe na vole<\/em><\/strong>.<\/p>\n<p>Ovogodi\u0161nji DORF 21.8. otvara premijera \u2013 projekcija nagra\u0111ivanog filma o kultnom sastavu iz Seattlea\u00a0<strong>\u201e Boom! A Film about the Sonics\u201c<\/strong>\u00a0(2018.), autora Jordana Albertsena (SAD).<\/p>\n<p>Dugo o\u010dekivana pri\u010da o bandu koji je utjecao na cijeli \u017eanr, svirao uzbudljivi rock and roll i postavio temelje punk rock eksplozije prikazana je u emotivnoj posveti autora, koji ih je pratio 10 godina. U filmu su prikazani impresivni materijali, izjave nadahnutih sugovornika (Mudhoney, Pearl Jam, Jack Endino\u2026) uz kronolo\u0161ki prikaz vrlo kratke karijere ovog utjecajnog sastava. Dobili smo dokumentarni film koji odli\u010dno pokazuje za\u0161to su Sonics toliko va\u017ean band, film koji zavr\u0161ava sa (neo\u010dekivanom) reunion svjetskom turnejom, novim studijskim albumom i \u2013 davno zaslu\u017eenim jednoglasnim priznanjem za njihovu neobuzdanu i divlju glazbu, koja i danas zvu\u010di svje\u017ee i opasno.<\/p>\n<p>Autor ovogodi\u0161njeg DORF designa je nagra\u0111ivani mladi autor\u00a0<strong>Martin Peranovi\u0107<\/strong>\u00a0iz Otoka. Nagrade laureatima je izradio kipar i strip autor\u00a0<strong>Miro \u017dupa<\/strong>\u00a0iz Splita.<\/p>\n<p><span data-offset-key=\"7iq6s-0-0\">13.Festival dokumentarnog rock filma organizira Udruga ljubitelja filma RARE uz potporu\u00a0<\/span><span data-offset-key=\"7iq6s-0-1\">Hrvatskog audiovizualnog centra, Grada Vinkovci i Vukovarsko-srijemske \u017eupanije<\/span><span data-offset-key=\"7iq6s-0-2\">. Partneri su\u00a0<\/span><span data-offset-key=\"7iq6s-0-3\">Gradski muzej Vinkovci i Austrijski kulturni forum. Zahvaljujemo na potpori NEXE grupa, Ilo\u010dkim vinogradima i Klasik TV.<\/span><\/p>\n<p>Program 7.Anti\u010dkih filmskih ve\u010deri organizira Udruga ljubitelja filma RARE uz potporu\u00a0<em>Hrvatskog audiovizualnog centra i Grada Vinkovci<\/em>. Partner je Gradski muzej Vinkovci.<\/p>\n<p>(Foto \u00a9 Sini\u0161a Han\u010di\u0107 1998)<\/p>\n<p><strong>INTRO<\/strong><\/p>\n<p><strong>17.8. (subota) @Lapidarij<\/strong><\/p>\n<p>20:00 Promocija LP soundtrack + Projekcija filma \u201eMOJ SVIJET JE NAOPA\u010cKE\u201c 74\u2032<\/p>\n<p>21:30 OFF DORF\/One man show Franto Frantic \u201cKona\u010dno ne\u0161to normalno!\u201c 80\u2032<\/p>\n<p><strong>19.8. (ponedjeljak) @Galerija Slavka Kopa\u010da Vinkovci<\/strong><\/p>\n<p>19:00 Otvorenje izlo\u017ebe fotografija \u201cIza re\u0161etaka\u201d, autor Igor \u010coko<\/p>\n<p><strong>13.FESTIVAL DORF @Lapidarij<\/strong><\/p>\n<p><strong><u>21.8. (srijeda)<\/u><\/strong><\/p>\n<p>20:30 Sve\u010dano otvorenje \u2013 \u00a0\u201eBOOM! FILM ABOUT THE SONICS\u201c, 85\u2032<\/p>\n<p>22:00 \u201ePUTNICI\u201c, 47\u2032<\/p>\n<p><strong><u>22.8. (\u010detvrtak)<\/u><\/strong><\/p>\n<p>20:00 \u201eRAGTIME ALMATY.BOOMERANG\u201c,\u00a0 53\u2032<\/p>\n<p>21:00 \u201eTIMES OF GREAT DEPRESSION\u201c, 62\u2032<\/p>\n<p>22:00 \u201eNEBESKA TEMA\u201c, 108\u2032<\/p>\n<p><strong><u>23.8. (petak)<\/u><\/strong><\/p>\n<p>19:00 OFF DORF\/Promocija knjiga VOJO \u0160INDOLI\u0106 \u2013 Jazz Beat<\/p>\n<p>20:00 \u201eELEKTRI\u010cNI ORGAZAM ZA LJUDE BUDU\u0106NOSTI\u201c, 56\u2032<\/p>\n<p>21:00 \u201eCARMINE STREET GUITARS\u201c, 90\u2032<\/p>\n<p>22:30 \u201eBURE BARETA\u201c, 52\u2032<\/p>\n<p><strong><u>24.8. (subota)<\/u><\/strong><\/p>\n<p>20:30\u00a0 \u201eBAND VS.BRAND\u201c, 22\u2032<\/p>\n<p>\u201eCIRCLES IN SQUARES\u201c, 45\u2032<\/p>\n<p>\u201eSU\u017dENI SNOVI \u2013 REPETITOR U CE ZEU\u201c 25\u2032<\/p>\n<p>22:00 PROGLA\u0160ENJE POBJEDNIKA + dodjela nagrada<\/p>\n<p>22:30 OFF DORF\/DJ Stefan&amp;Dieter @ bar Gymnasium<\/p>\n","protected":false},"excerpt":{"rendered":"<p>Vinkovci uskoro postaju filmski centar Slavonije. Ljubitelji filmova u Vinkovcima \u0107e pogledati tijekom Filmskog tjedna 17-24.8. ukupno 12 dokumentarnih filmova. Regionalna selekcija ovogodi\u0161njeg izdanja predstavit \u0107e ukupno 6 novih glazbenih dokumentarnih filmova, iz Hrvatske, Srbije i Slovenije. U programu Tajna povijest rocka bit \u0107e prikazano ukupno 6 filmova, iz Hrvatske, Slovenije, SAD, Kanade, Velike Britanije [&#8230;]\n","protected":false},"author":1,"featured_media":533,"comment_status":"closed","ping_status":"closed","sticky":false,"template":"","format":"standard","meta":{"_monsterinsights_skip_tracking":false,"_monsterinsights_sitenote_active":false,"_monsterinsights_sitenote_note":"","_monsterinsights_sitenote_category":0,"_links_to":"","_links_to_target":""},"categories":[1],"tags":[],"aioseo_notices":[],"_links":{"self":[{"href":"https:\/\/filmfestivaldorf.com\/hr\/wp-json\/wp\/v2\/posts\/530"}],"collection":[{"href":"https:\/\/filmfestivaldorf.com\/hr\/wp-json\/wp\/v2\/posts"}],"about":[{"href":"https:\/\/filmfestivaldorf.com\/hr\/wp-json\/wp\/v2\/types\/post"}],"author":[{"embeddable":true,"href":"https:\/\/filmfestivaldorf.com\/hr\/wp-json\/wp\/v2\/users\/1"}],"replies":[{"embeddable":true,"href":"https:\/\/filmfestivaldorf.com\/hr\/wp-json\/wp\/v2\/comments?post=530"}],"version-history":[{"count":1,"href":"https:\/\/filmfestivaldorf.com\/hr\/wp-json\/wp\/v2\/posts\/530\/revisions"}],"predecessor-version":[{"id":532,"href":"https:\/\/filmfestivaldorf.com\/hr\/wp-json\/wp\/v2\/posts\/530\/revisions\/532"}],"wp:featuredmedia":[{"embeddable":true,"href":"https:\/\/filmfestivaldorf.com\/hr\/wp-json\/wp\/v2\/media\/533"}],"wp:attachment":[{"href":"https:\/\/filmfestivaldorf.com\/hr\/wp-json\/wp\/v2\/media?parent=530"}],"wp:term":[{"taxonomy":"category","embeddable":true,"href":"https:\/\/filmfestivaldorf.com\/hr\/wp-json\/wp\/v2\/categories?post=530"},{"taxonomy":"post_tag","embeddable":true,"href":"https:\/\/filmfestivaldorf.com\/hr\/wp-json\/wp\/v2\/tags?post=530"}],"curies":[{"name":"wp","href":"https:\/\/api.w.org\/{rel}","templated":true}]}}