{"id":537,"date":"2019-07-22T19:41:04","date_gmt":"2019-07-22T19:41:04","guid":{"rendered":"https:\/\/filmfestivaldorf.com\/hr\/?p=537"},"modified":"2020-05-21T19:44:11","modified_gmt":"2020-05-21T19:44:11","slug":"suzeni-snovi-repetitor-u-ce-zeu","status":"publish","type":"post","link":"https:\/\/filmfestivaldorf.com\/hr\/2019\/07\/22\/suzeni-snovi-repetitor-u-ce-zeu\/","title":{"rendered":"SU\u017dENI SNOVI \u2013 REPETITOR U CE ZEU"},"content":{"rendered":"<p>R: Igor \u010coko, Lea Vahru\u0161ev (Srbija)<br \/>\nP: Grain i Okru\u017eni zatvor u Beogradu, Slu\u017eba za tretman (2019)<br \/>\nT: 25\u2032<\/p>\n<p>Sad ve\u0107 legendarni koncert beogradskog punk rock sastava Repetitor odr\u017ean 2017. u Okru\u017enom zatvoru u Beogradu dobio je svoje filmsko izdanje, odli\u010dan dokument. Tijekom festivala pogledajte svakako i izlo\u017ebu crno-bijelih fotografija Igora \u010coke, u Galeriji Slavka Kopa\u010da, na ovu temu. Svjetska premijera.<\/p>\n","protected":false},"excerpt":{"rendered":"<p>R: Igor \u010coko, Lea Vahru\u0161ev (Srbija) P: Grain i Okru\u017eni zatvor u Beogradu, Slu\u017eba za tretman (2019) T: 25\u2032 Sad ve\u0107 legendarni koncert beogradskog punk rock sastava Repetitor odr\u017ean 2017. u Okru\u017enom zatvoru u Beogradu dobio je svoje filmsko izdanje, odli\u010dan dokument. Tijekom festivala pogledajte svakako i izlo\u017ebu crno-bijelih fotografija Igora \u010coke, u Galeriji Slavka [&#8230;]\n","protected":false},"author":1,"featured_media":539,"comment_status":"closed","ping_status":"closed","sticky":false,"template":"","format":"standard","meta":{"_monsterinsights_skip_tracking":false,"_monsterinsights_sitenote_active":false,"_monsterinsights_sitenote_note":"","_monsterinsights_sitenote_category":0,"_links_to":"","_links_to_target":""},"categories":[1],"tags":[],"aioseo_notices":[],"_links":{"self":[{"href":"https:\/\/filmfestivaldorf.com\/hr\/wp-json\/wp\/v2\/posts\/537"}],"collection":[{"href":"https:\/\/filmfestivaldorf.com\/hr\/wp-json\/wp\/v2\/posts"}],"about":[{"href":"https:\/\/filmfestivaldorf.com\/hr\/wp-json\/wp\/v2\/types\/post"}],"author":[{"embeddable":true,"href":"https:\/\/filmfestivaldorf.com\/hr\/wp-json\/wp\/v2\/users\/1"}],"replies":[{"embeddable":true,"href":"https:\/\/filmfestivaldorf.com\/hr\/wp-json\/wp\/v2\/comments?post=537"}],"version-history":[{"count":1,"href":"https:\/\/filmfestivaldorf.com\/hr\/wp-json\/wp\/v2\/posts\/537\/revisions"}],"predecessor-version":[{"id":538,"href":"https:\/\/filmfestivaldorf.com\/hr\/wp-json\/wp\/v2\/posts\/537\/revisions\/538"}],"wp:featuredmedia":[{"embeddable":true,"href":"https:\/\/filmfestivaldorf.com\/hr\/wp-json\/wp\/v2\/media\/539"}],"wp:attachment":[{"href":"https:\/\/filmfestivaldorf.com\/hr\/wp-json\/wp\/v2\/media?parent=537"}],"wp:term":[{"taxonomy":"category","embeddable":true,"href":"https:\/\/filmfestivaldorf.com\/hr\/wp-json\/wp\/v2\/categories?post=537"},{"taxonomy":"post_tag","embeddable":true,"href":"https:\/\/filmfestivaldorf.com\/hr\/wp-json\/wp\/v2\/tags?post=537"}],"curies":[{"name":"wp","href":"https:\/\/api.w.org\/{rel}","templated":true}]}}