{"id":555,"date":"2016-05-23T06:15:16","date_gmt":"2016-05-23T06:15:16","guid":{"rendered":"https:\/\/filmfestivaldorf.com\/hr\/?p=555"},"modified":"2020-05-23T06:16:33","modified_gmt":"2020-05-23T06:16:33","slug":"2016-dorf-organizacija","status":"publish","type":"post","link":"https:\/\/filmfestivaldorf.com\/hr\/2016\/05\/23\/2016-dorf-organizacija\/","title":{"rendered":"2016 DORF Organizacija"},"content":{"rendered":"<p>Cres Ljetno kino, Ozalj Gradsko kupali\u0161te, Vinkovci crkva Meraja, Pula@Seasplash, Primo\u0161ten@SuperUho<\/p>\n<p>TIM<br \/>\nFilip Me\u0161trovi\u0107, izvr\u0161ni direktor<\/p>\n<p>Toni \u0160ari\u0107, umjetni\u010dki direktor i osniva\u010d<\/p>\n<p>Martin Peranovi\u0107, dizajn<\/p>\n<p>Alen Bo\u017ei\u0107, digitalni asistent<\/p>\n<p>Dnevna ulaznica &#8211; 10 kn<\/p>\n","protected":false},"excerpt":{"rendered":"<p>Cres Ljetno kino, Ozalj Gradsko kupali\u0161te, Vinkovci crkva Meraja, Pula@Seasplash, Primo\u0161ten@SuperUho TIM Filip Me\u0161trovi\u0107, izvr\u0161ni direktor Toni \u0160ari\u0107, umjetni\u010dki direktor i osniva\u010d Martin Peranovi\u0107, dizajn Alen Bo\u017ei\u0107, digitalni asistent Dnevna ulaznica &#8211; 10 kn<\/p>\n","protected":false},"author":1,"featured_media":0,"comment_status":"closed","ping_status":"closed","sticky":false,"template":"","format":"standard","meta":{"_monsterinsights_skip_tracking":false,"_monsterinsights_sitenote_active":false,"_monsterinsights_sitenote_note":"","_monsterinsights_sitenote_category":0,"_links_to":"","_links_to_target":""},"categories":[1],"tags":[],"aioseo_notices":[],"_links":{"self":[{"href":"https:\/\/filmfestivaldorf.com\/hr\/wp-json\/wp\/v2\/posts\/555"}],"collection":[{"href":"https:\/\/filmfestivaldorf.com\/hr\/wp-json\/wp\/v2\/posts"}],"about":[{"href":"https:\/\/filmfestivaldorf.com\/hr\/wp-json\/wp\/v2\/types\/post"}],"author":[{"embeddable":true,"href":"https:\/\/filmfestivaldorf.com\/hr\/wp-json\/wp\/v2\/users\/1"}],"replies":[{"embeddable":true,"href":"https:\/\/filmfestivaldorf.com\/hr\/wp-json\/wp\/v2\/comments?post=555"}],"version-history":[{"count":1,"href":"https:\/\/filmfestivaldorf.com\/hr\/wp-json\/wp\/v2\/posts\/555\/revisions"}],"predecessor-version":[{"id":556,"href":"https:\/\/filmfestivaldorf.com\/hr\/wp-json\/wp\/v2\/posts\/555\/revisions\/556"}],"wp:attachment":[{"href":"https:\/\/filmfestivaldorf.com\/hr\/wp-json\/wp\/v2\/media?parent=555"}],"wp:term":[{"taxonomy":"category","embeddable":true,"href":"https:\/\/filmfestivaldorf.com\/hr\/wp-json\/wp\/v2\/categories?post=555"},{"taxonomy":"post_tag","embeddable":true,"href":"https:\/\/filmfestivaldorf.com\/hr\/wp-json\/wp\/v2\/tags?post=555"}],"curies":[{"name":"wp","href":"https:\/\/api.w.org\/{rel}","templated":true}]}}