{"id":575,"date":"2018-05-23T06:36:44","date_gmt":"2018-05-23T06:36:44","guid":{"rendered":"https:\/\/filmfestivaldorf.com\/hr\/?p=575"},"modified":"2020-05-23T06:37:29","modified_gmt":"2020-05-23T06:37:29","slug":"2018-off-dorf-2","status":"publish","type":"post","link":"https:\/\/filmfestivaldorf.com\/hr\/2018\/05\/23\/2018-off-dorf-2\/","title":{"rendered":"2018 OFF DORF"},"content":{"rendered":"<div class=\"vc_row wpb_row vc_row-fluid container polar-custom-overlay vc_row_15902158324\" data-skin=\"light\">\n<div class=\"polar-row\">\n<div class=\"wpb_column vc_column_container vc_col-sm-12 polar-border-box\">\n<div class=\"wpb_wrapper\">\n<div class=\"polar_section_header aligncenter polar-content-element polar_section_header_15902158326\">\n<h2 class=\"title uppercase\">2018 OFF DORF<\/h2>\n<\/div>\n<\/div>\n<\/div>\n<\/div>\n<\/div>\n<div class=\"vc_row wpb_row vc_row-fluid container\" data-skin=\"light\">\n<div class=\"polar-row\">\n<div class=\"wpb_column vc_column_container vc_col-sm-6 polar-border-box\">\n<div class=\"wpb_wrapper\">\n<div class=\"wpb_single_image wpb_content_element vc_align_left\">\n<figure class=\"wpb_wrapper vc_figure\">\n<div class=\"vc_single_image-wrapper   vc_box_border_grey\"><img loading=\"lazy\" class=\"vc_single_image-img attachment-large\" src=\"https:\/\/filmfestivaldorf.com\/hrv\/wp-content\/uploads\/2018\/02\/sedma-republika.jpg\" sizes=\"(max-width: 700px) 100vw, 700px\" srcset=\"https:\/\/filmfestivaldorf.com\/hrv\/wp-content\/uploads\/2018\/02\/sedma-republika.jpg 700w, https:\/\/filmfestivaldorf.com\/hrv\/wp-content\/uploads\/2018\/02\/sedma-republika-300x198.jpg 300w\" alt=\"\" width=\"700\" height=\"461\" \/><\/div>\n<\/figure>\n<\/div>\n<\/div>\n<\/div>\n<div class=\"wpb_column vc_column_container vc_col-sm-6 polar-border-box\">\n<div class=\"wpb_wrapper\">\n<div class=\"polar_column_text polar-content-element\">\n<p><strong>ROMOCIJA REIZDANJA KNJIGE \u201eSEDMA REPUBLIKA\u201c (ROCKMARK, 2018) \u2013 VINTAGE INDUSTRIAL BAR, 3.6.<\/strong><\/p>\n<p>Rockmark je odli\u010dno stavio \u017eetone na reizdanje i pokrenuo svoju izdava\u010dku djelatnost \u2013 knjiga \u0107e uvijek biti aktualna, Ante je zapo\u010deo dijalog, generacijski ot\u0161krinuo vrata, na vama je red da pro\u010ditate ovu sjajnu knjigu. Kao dio promocije u Ljetnom vrtu Vintage industrial bara, u dru\u0161tvu Zorana Staj\u010di\u0107a, Boruta \u0160eparovi\u0107a, Zdenka Franji\u0107a i Kre\u0161imira Bla\u017eevi\u0107a pri\u010damo o Anti i republici. Nakon promocije, gledamo film \u201eGeto \u2013 tajni \u017eivot grada\u201c<\/p>\n<\/div>\n<\/div>\n<\/div>\n<\/div>\n<\/div>\n<div class=\"vc_row wpb_row vc_row-fluid container\" data-skin=\"light\">\n<div class=\"polar-row\">\n<div class=\"wpb_column vc_column_container vc_col-sm-6 polar-border-box\">\n<div class=\"wpb_wrapper\">\n<div class=\"wpb_single_image wpb_content_element vc_align_left\">\n<figure class=\"wpb_wrapper vc_figure\">\n<div class=\"vc_single_image-wrapper   vc_box_border_grey\"><img loading=\"lazy\" class=\"vc_single_image-img attachment-large\" src=\"https:\/\/filmfestivaldorf.com\/hrv\/wp-content\/uploads\/2018\/02\/pecka-kucha.jpg\" sizes=\"(max-width: 700px) 100vw, 700px\" srcset=\"https:\/\/filmfestivaldorf.com\/hrv\/wp-content\/uploads\/2018\/02\/pecka-kucha.jpg 700w, https:\/\/filmfestivaldorf.com\/hrv\/wp-content\/uploads\/2018\/02\/pecka-kucha-300x198.jpg 300w\" alt=\"\" width=\"700\" height=\"461\" \/><\/div>\n<\/figure>\n<\/div>\n<\/div>\n<\/div>\n<div class=\"wpb_column vc_column_container vc_col-sm-6 polar-border-box\">\n<div class=\"wpb_wrapper\">\n<div class=\"polar_column_text polar-content-element\">\n<p><strong>\u201eTAJNA POVIJEST DORFA\u201c POWERED BY PECHAKUCHA (ZAGREB 7.6.\/PRIMO\u0160TEN 5.8.\/VINKOVCI 23.8.)<\/strong><\/p>\n<p>Predstavljamo drage prijatelje\/ice,koji su svih ovih 12 godina bili uz nas. U zadanom PechaKucha formatu \u2013 20 sekundi za svaku od 20 fotografija o sebi,ukupno 6,5 minuta za predstaviti se \u2013 dru\u017eimo se i zezamo. Upoznajte \u010dlanove \u017eirija, autore filmova, suradnike, goste i nama va\u017ene osobe \u2013 u 3 grada.<\/p>\n<\/div>\n<\/div>\n<\/div>\n<\/div>\n<\/div>\n<div class=\"vc_row wpb_row vc_row-fluid container\" data-skin=\"light\">\n<div class=\"polar-row\">\n<div class=\"wpb_column vc_column_container vc_col-sm-6 polar-border-box\">\n<div class=\"wpb_wrapper\">\n<div class=\"wpb_single_image wpb_content_element vc_align_left\">\n<figure class=\"wpb_wrapper vc_figure\">\n<div class=\"vc_single_image-wrapper   vc_box_border_grey\"><img loading=\"lazy\" class=\"vc_single_image-img attachment-large\" src=\"https:\/\/filmfestivaldorf.com\/hrv\/wp-content\/uploads\/2018\/02\/kviz.jpg\" sizes=\"(max-width: 700px) 100vw, 700px\" srcset=\"https:\/\/filmfestivaldorf.com\/hrv\/wp-content\/uploads\/2018\/02\/kviz.jpg 700w, https:\/\/filmfestivaldorf.com\/hrv\/wp-content\/uploads\/2018\/02\/kviz-300x198.jpg 300w\" alt=\"\" width=\"700\" height=\"461\" \/><\/div>\n<\/figure>\n<\/div>\n<\/div>\n<\/div>\n<div class=\"wpb_column vc_column_container vc_col-sm-6 polar-border-box\">\n<div class=\"wpb_wrapper\">\n<div class=\"polar_column_text polar-content-element\">\n<p><strong>FILMSKO-GLAZBENI KVIZ POWERED BY KLASIKTV \u2013 Primo\u0161ten 5.8.<\/strong><\/p>\n<p>Ponovo postavljamo pitanja o glazbi i filmu,ove godine uz podr\u0161ku dragih partnera Klasik TV. Voditelj kviza na pla\u017ei je Mario Kova\u010d, njega ve\u0107 dovoljno znate. Zabavite se i osvojite zanimljive nagrade, nau\u010dite ne\u0161to novo. Vidimo se u Primo\u0161tenu 5.8., prijavite se pred po\u010detak na pla\u017ei, po\u0161aljite i osvojite!<\/p>\n<\/div>\n<\/div>\n<\/div>\n<\/div>\n<\/div>\n<div class=\"vc_row wpb_row vc_row-fluid container\" data-skin=\"light\">\n<div class=\"polar-row\">\n<div class=\"wpb_column vc_column_container vc_col-sm-6 polar-border-box\">\n<div class=\"wpb_wrapper\">\n<div class=\"wpb_single_image wpb_content_element vc_align_left\">\n<figure class=\"wpb_wrapper vc_figure\">\n<div class=\"vc_single_image-wrapper   vc_box_border_grey\"><img loading=\"lazy\" class=\"vc_single_image-img attachment-large\" src=\"https:\/\/filmfestivaldorf.com\/hrv\/wp-content\/uploads\/2018\/02\/smedji-secer.jpg\" sizes=\"(max-width: 700px) 100vw, 700px\" srcset=\"https:\/\/filmfestivaldorf.com\/hrv\/wp-content\/uploads\/2018\/02\/smedji-secer.jpg 700w, https:\/\/filmfestivaldorf.com\/hrv\/wp-content\/uploads\/2018\/02\/smedji-secer-300x198.jpg 300w\" alt=\"\" width=\"700\" height=\"461\" \/><\/div>\n<\/figure>\n<\/div>\n<\/div>\n<\/div>\n<div class=\"wpb_column vc_column_container vc_col-sm-6 polar-border-box\">\n<div class=\"wpb_wrapper\">\n<div class=\"polar_column_text polar-content-element\">\n<p><strong>PRIMO\u0160TEN DJ SNAGE I VJ SNAGA<\/strong><\/p>\n<p>DJ Sme\u0111i \u0160e\u0107er<br \/>\nDragi gost svih rasplesanih ljetnih pla\u017ea, \u010diji retro set fantasti\u010dnih hitova iz kataloga ex-YU funka i soula ve\u0107 godinama plijeni pozornost svih ljubitelja dobrog zvuka i opsesivno-kompulzivnih sakuplja\u010da vinilnih plo\u010da.<\/p>\n<\/div>\n<\/div>\n<\/div>\n<\/div>\n<\/div>\n<div class=\"vc_row wpb_row vc_row-fluid container\" data-skin=\"light\">\n<div class=\"polar-row\">\n<div class=\"wpb_column vc_column_container vc_col-sm-6 polar-border-box\">\n<div class=\"wpb_wrapper\">\n<div class=\"wpb_single_image wpb_content_element vc_align_left\">\n<figure class=\"wpb_wrapper vc_figure\">\n<div class=\"vc_single_image-wrapper   vc_box_border_grey\"><img loading=\"lazy\" class=\"vc_single_image-img attachment-large\" src=\"https:\/\/filmfestivaldorf.com\/hrv\/wp-content\/uploads\/2018\/02\/per-le-clr.jpg\" sizes=\"(max-width: 700px) 100vw, 700px\" srcset=\"https:\/\/filmfestivaldorf.com\/hrv\/wp-content\/uploads\/2018\/02\/per-le-clr.jpg 700w, https:\/\/filmfestivaldorf.com\/hrv\/wp-content\/uploads\/2018\/02\/per-le-clr-300x198.jpg 300w\" alt=\"\" width=\"700\" height=\"461\" \/><\/div>\n<\/figure>\n<\/div>\n<\/div>\n<\/div>\n<div class=\"wpb_column vc_column_container vc_col-sm-6 polar-border-box\">\n<div class=\"wpb_wrapper\">\n<div class=\"polar_column_text polar-content-element\">\n<p><strong>PRIMO\u0160TEN DJ SNAGE I VJ SNAGA<\/strong><\/p>\n<p>DJ Per Le Cler<br \/>\nVe\u0107 ku\u0107ni \u017eednouhi DJ pridru\u017euje se druge DORF ve\u010deri na pla\u017ei u borbi protiv opasnog Sme\u0111eg \u0160e\u0107era radi sve kako bi pokazao na doma\u0107em terenu za\u0161to je tako \u010dest gost, tako eklekti\u010dan i rasplesan.<\/p>\n<\/div>\n<\/div>\n<\/div>\n<\/div>\n<\/div>\n<div class=\"vc_row wpb_row vc_row-fluid container\" data-skin=\"light\">\n<div class=\"polar-row\">\n<div class=\"wpb_column vc_column_container vc_col-sm-6 polar-border-box\">\n<div class=\"wpb_wrapper\">\n<div class=\"wpb_single_image wpb_content_element vc_align_left\">\n<figure class=\"wpb_wrapper vc_figure\">\n<div class=\"vc_single_image-wrapper   vc_box_border_grey\"><img loading=\"lazy\" class=\"vc_single_image-img attachment-large\" src=\"https:\/\/filmfestivaldorf.com\/hrv\/wp-content\/uploads\/2018\/02\/vj-klara-bilic.jpg\" sizes=\"(max-width: 700px) 100vw, 700px\" srcset=\"https:\/\/filmfestivaldorf.com\/hrv\/wp-content\/uploads\/2018\/02\/vj-klara-bilic.jpg 700w, https:\/\/filmfestivaldorf.com\/hrv\/wp-content\/uploads\/2018\/02\/vj-klara-bilic-300x198.jpg 300w\" alt=\"\" width=\"700\" height=\"461\" \/><\/div>\n<\/figure>\n<\/div>\n<\/div>\n<\/div>\n<div class=\"wpb_column vc_column_container vc_col-sm-6 polar-border-box\">\n<div class=\"wpb_wrapper\">\n<div class=\"polar_column_text polar-content-element\">\n<p><strong>PRIMO\u0160TEN DJ SNAGE I VJ SNAGA<\/strong><\/p>\n<p>VJ Klara Bili\u0107<br \/>\ndizajnerica iz Zagreba, guilty pleasure su joj tanjuri i posteljina. O\u017eivjeti \u0107e platno i rasplesati drve\u0107e, ona to mo\u017ee.<\/p>\n<\/div>\n<\/div>\n<\/div>\n<\/div>\n<\/div>\n<div class=\"vc_row wpb_row vc_row-fluid container\" data-skin=\"light\">\n<div class=\"polar-row\">\n<div class=\"wpb_column vc_column_container vc_col-sm-6 polar-border-box\">\n<div class=\"wpb_wrapper\">\n<div class=\"wpb_single_image wpb_content_element vc_align_left\">\n<figure class=\"wpb_wrapper vc_figure\">\n<div class=\"vc_single_image-wrapper   vc_box_border_grey\"><img loading=\"lazy\" class=\"vc_single_image-img attachment-large\" src=\"https:\/\/filmfestivaldorf.com\/hrv\/wp-content\/uploads\/2018\/02\/martin-peranovic.jpg\" sizes=\"(max-width: 700px) 100vw, 700px\" srcset=\"https:\/\/filmfestivaldorf.com\/hrv\/wp-content\/uploads\/2018\/02\/martin-peranovic.jpg 700w, https:\/\/filmfestivaldorf.com\/hrv\/wp-content\/uploads\/2018\/02\/martin-peranovic-300x198.jpg 300w\" alt=\"\" width=\"700\" height=\"461\" \/><\/div>\n<\/figure>\n<\/div>\n<\/div>\n<\/div>\n<div class=\"wpb_column vc_column_container vc_col-sm-6 polar-border-box\">\n<div class=\"wpb_wrapper\">\n<div class=\"polar_column_text polar-content-element\">\n<p><strong>AUTOR DORF 2018 DIZAJNA<\/strong><\/p>\n<p>Martin Peranovi\u0107 na dru\u0161tvenim mre\u017eama je i Hochstapler, Sultan of trash, Connoisseur degutantne glazbe i dru\u0161tvenih pojava, full-time djeluje kao freelance dizajner vizualnih komunikacija. Ro\u0111en je u Vinkovcima. 2008. zavr\u0161io je srednju \u0160kolu za tekstil, dizajn i primijenjene umjetnosti Osijek, smjer grafi\u010dki dizajn. Preddiplomski studij Dizajna vizualnih komunikacija zavr\u0161io je 2013. na Umjetni\u010dkoj akademiji u Splitu. Daljnje \u0161kolovanje nastavlja na Studiju dizajna u Zagrebu, gdje 2015. godine stje\u010de diplomu magistra dizajna. Vi\u0161estruko nagra\u0111ivani mladi autor koji trenutno u nadi is\u010dekuje rezultate ho\u0107e li ostvariti status slobodnog umjetnika.<\/p>\n<\/div>\n<\/div>\n<\/div>\n<\/div>\n<\/div>\n<div class=\"vc_row wpb_row vc_row-fluid container\" data-skin=\"light\">\n<div class=\"polar-row\">\n<div class=\"wpb_column vc_column_container vc_col-sm-6 polar-border-box\">\n<div class=\"wpb_wrapper\">\n<div class=\"wpb_single_image wpb_content_element vc_align_left\">\n<figure class=\"wpb_wrapper vc_figure\">\n<div class=\"vc_single_image-wrapper   vc_box_border_grey\"><img loading=\"lazy\" class=\"vc_single_image-img attachment-large\" src=\"https:\/\/filmfestivaldorf.com\/hrv\/wp-content\/uploads\/2018\/02\/miro-zupa.jpg\" sizes=\"(max-width: 700px) 100vw, 700px\" srcset=\"https:\/\/filmfestivaldorf.com\/hrv\/wp-content\/uploads\/2018\/02\/miro-zupa.jpg 700w, https:\/\/filmfestivaldorf.com\/hrv\/wp-content\/uploads\/2018\/02\/miro-zupa-300x198.jpg 300w\" alt=\"\" width=\"700\" height=\"461\" \/><\/div>\n<\/figure>\n<\/div>\n<\/div>\n<\/div>\n<div class=\"wpb_column vc_column_container vc_col-sm-6 polar-border-box\">\n<div class=\"wpb_wrapper\">\n<div class=\"polar_column_text polar-content-element\">\n<p><strong>AUTOR DORF 2018 NAGRADA<\/strong><\/p>\n<p>Miro \u017dupa je na\u0161 prijatelj i ve\u0107 drugu godinu nas odu\u0161evljava fantasti\u010dnim drvenim remek-djelima koja poklanjamo nagra\u0111enim autorima i zahvaljujemo im se za sve \u0161to su nam pru\u017eili. Ne mo\u017eete ga na\u0107i previ\u0161e online, potrudite se offline, ispod zemlje. Bilo bi nam drago da se obogati i postane cijenjeni kipar, \u010dija djela kupuju nogometa\u0161i i odvjetnici, recimo, za po\u010detak.<\/p>\n<\/div>\n<\/div>\n<\/div>\n<\/div>\n<\/div>\n<div class=\"vc_row wpb_row vc_row-fluid container\" data-skin=\"light\">\n<div class=\"polar-row\">\n<div class=\"wpb_column vc_column_container vc_col-sm-6 polar-border-box\">\n<div class=\"wpb_wrapper\">\n<div class=\"wpb_single_image wpb_content_element vc_align_left\">\n<figure class=\"wpb_wrapper vc_figure\">\n<div class=\"vc_single_image-wrapper   vc_box_border_grey\"><img loading=\"lazy\" class=\"vc_single_image-img attachment-large\" src=\"https:\/\/filmfestivaldorf.com\/hrv\/wp-content\/uploads\/2018\/02\/vojo-sindolic.jpg\" sizes=\"(max-width: 700px) 100vw, 700px\" srcset=\"https:\/\/filmfestivaldorf.com\/hrv\/wp-content\/uploads\/2018\/02\/vojo-sindolic.jpg 700w, https:\/\/filmfestivaldorf.com\/hrv\/wp-content\/uploads\/2018\/02\/vojo-sindolic-300x198.jpg 300w\" alt=\"\" width=\"700\" height=\"461\" \/><\/div>\n<\/figure>\n<\/div>\n<\/div>\n<\/div>\n<div class=\"wpb_column vc_column_container vc_col-sm-6 polar-border-box\">\n<div class=\"wpb_wrapper\">\n<div class=\"polar_column_text polar-content-element\">\n<p><strong>DORF NAGRADE 2018<\/strong><\/p>\n<p>Za \u017eivotno djelo \u2013 Vojo \u0160indoli\u0107<\/p>\n<p>Nagradu za \u017eivotno djelo DORF ove godine dodjeljuje Voji \u0160indoli\u0107u, prevoditelju, pjesniku, novinaru, koji nas je upoznao sa djelima brojnih&amp;va\u017enih ameri\u010dkih autora (lista je duga\u010dka, potra\u017eite ju na google). Osim toga, u razdoblju od 1976. do 1979. bio je jedan od urednika (tada jedinog) jugoslavenskog \u010dasopisa za rock glazbu \u201cD\u017euboks\u201d. Bio je gostuju\u0107i predava\u010d suvremene ameri\u010dke knji\u017eevnosti na University of California u San Franciscu i Berkeleyju. Po\u010dasni je \u010dlan Ameri\u010dke akademije umjetnosti i knji\u017eevnosti i ameri\u010dkog PEN centra. \u010clan je hrvatskog PEN centra i HDP-a. Od 1982. suradnik je Tre\u0107eg programa Radio Zagreba (\u201cPoezija naglas\u201d i \u201cDnevnici i pisma\u201d) s preko 500 emitiranih polusatnih emisija prijevoda suvremene ameri\u010dke i svjetske knji\u017eevnosti. Od 1979. bavi se likovnom umjetno\u0161\u0107u kao drugim oblikom svog umjetni\u010dkog izra\u017eavanja. Danas \u017eivi i radi u Dubrovniku.<\/p>\n<\/div>\n<\/div>\n<\/div>\n<\/div>\n<\/div>\n<div class=\"vc_row wpb_row vc_row-fluid container\" data-skin=\"light\">\n<div class=\"polar-row\">\n<div class=\"wpb_column vc_column_container vc_col-sm-6 polar-border-box\">\n<div class=\"wpb_wrapper\">\n<div class=\"wpb_single_image wpb_content_element vc_align_left\">\n<figure class=\"wpb_wrapper vc_figure\">\n<div class=\"vc_single_image-wrapper   vc_box_border_grey\"><img loading=\"lazy\" class=\"vc_single_image-img attachment-large\" src=\"https:\/\/filmfestivaldorf.com\/hrv\/wp-content\/uploads\/2018\/02\/sareni-ducan.jpg\" sizes=\"(max-width: 700px) 100vw, 700px\" srcset=\"https:\/\/filmfestivaldorf.com\/hrv\/wp-content\/uploads\/2018\/02\/sareni-ducan.jpg 700w, https:\/\/filmfestivaldorf.com\/hrv\/wp-content\/uploads\/2018\/02\/sareni-ducan-300x198.jpg 300w\" alt=\"\" width=\"700\" height=\"461\" \/><\/div>\n<\/figure>\n<\/div>\n<\/div>\n<\/div>\n<div class=\"wpb_column vc_column_container vc_col-sm-6 polar-border-box\">\n<div class=\"wpb_wrapper\">\n<div class=\"polar_column_text polar-content-element\">\n<p><strong>Za doprinos undergroundu \u2013 Krunoslav Jajeti\u0107 i \u0160areni du\u0107an<\/strong><\/p>\n<p>Posebno DORF priznanje za doprinos undergroundu ove godine odlazi u koprivni\u010dki \u201e\u0160areni du\u0107an\u201c. S posebnim zadovoljstvom zahvaljujemo se Krunoslavu Jajeti\u0107u i njegovoj ekipi na svim fantasti\u010dnim izdanjima, od 1997. do danas, impresivnom katalogu remek-djela knji\u017eevnosti i stripa, koja su nam predstavili i pribli\u017eili te hrabrosti i jasnoj viziji, od prve sekunde.<\/p>\n<p>Da ne duljimo, potra\u017eite jo\u0161 danas potvrdu za sve o \u010demu pri\u010damo na\u00a0<a href=\"http:\/\/www.sareni-ducan.hr\/\" target=\"_blank\" rel=\"noopener noreferrer\">http:\/\/www.sareni-ducan.hr\/<\/a><\/p>\n<\/div>\n<\/div>\n<\/div>\n<\/div>\n<\/div>\n","protected":false},"excerpt":{"rendered":"<p>2018 OFF DORF ROMOCIJA REIZDANJA KNJIGE \u201eSEDMA REPUBLIKA\u201c (ROCKMARK, 2018) \u2013 VINTAGE INDUSTRIAL BAR, 3.6. Rockmark je odli\u010dno stavio \u017eetone na reizdanje i pokrenuo svoju izdava\u010dku djelatnost \u2013 knjiga \u0107e uvijek biti aktualna, Ante je zapo\u010deo dijalog, generacijski ot\u0161krinuo vrata, na vama je red da pro\u010ditate ovu sjajnu knjigu. Kao dio promocije u Ljetnom vrtu [&#8230;]\n","protected":false},"author":1,"featured_media":0,"comment_status":"closed","ping_status":"closed","sticky":false,"template":"","format":"standard","meta":{"_monsterinsights_skip_tracking":false,"_monsterinsights_sitenote_active":false,"_monsterinsights_sitenote_note":"","_monsterinsights_sitenote_category":0,"_links_to":"","_links_to_target":""},"categories":[1],"tags":[],"aioseo_notices":[],"_links":{"self":[{"href":"https:\/\/filmfestivaldorf.com\/hr\/wp-json\/wp\/v2\/posts\/575"}],"collection":[{"href":"https:\/\/filmfestivaldorf.com\/hr\/wp-json\/wp\/v2\/posts"}],"about":[{"href":"https:\/\/filmfestivaldorf.com\/hr\/wp-json\/wp\/v2\/types\/post"}],"author":[{"embeddable":true,"href":"https:\/\/filmfestivaldorf.com\/hr\/wp-json\/wp\/v2\/users\/1"}],"replies":[{"embeddable":true,"href":"https:\/\/filmfestivaldorf.com\/hr\/wp-json\/wp\/v2\/comments?post=575"}],"version-history":[{"count":1,"href":"https:\/\/filmfestivaldorf.com\/hr\/wp-json\/wp\/v2\/posts\/575\/revisions"}],"predecessor-version":[{"id":576,"href":"https:\/\/filmfestivaldorf.com\/hr\/wp-json\/wp\/v2\/posts\/575\/revisions\/576"}],"wp:attachment":[{"href":"https:\/\/filmfestivaldorf.com\/hr\/wp-json\/wp\/v2\/media?parent=575"}],"wp:term":[{"taxonomy":"category","embeddable":true,"href":"https:\/\/filmfestivaldorf.com\/hr\/wp-json\/wp\/v2\/categories?post=575"},{"taxonomy":"post_tag","embeddable":true,"href":"https:\/\/filmfestivaldorf.com\/hr\/wp-json\/wp\/v2\/tags?post=575"}],"curies":[{"name":"wp","href":"https:\/\/api.w.org\/{rel}","templated":true}]}}