{"id":577,"date":"2019-05-23T06:37:47","date_gmt":"2019-05-23T06:37:47","guid":{"rendered":"https:\/\/filmfestivaldorf.com\/hr\/?p=577"},"modified":"2020-05-23T06:38:29","modified_gmt":"2020-05-23T06:38:29","slug":"2019-7-anticke-filmske-veceri","status":"publish","type":"post","link":"https:\/\/filmfestivaldorf.com\/hr\/2019\/05\/23\/2019-7-anticke-filmske-veceri\/","title":{"rendered":"2019 &#8211; 7.ANTI\u010cKE FILMSKE VE\u010cERI"},"content":{"rendered":"<div class=\"vc_row wpb_row vc_row-fluid polar-eq-col-height polar-top polar-stretch-row vc_custom_1561728618722 polar-bg-color2-overlay vc_row_15902158911\" data-skin=\"light\">\n<div class=\"container\">\n<div class=\"polar-row\">\n<div class=\"wpb_column vc_column_container vc_col-sm-12 polar-border-box\">\n<div class=\"wpb_wrapper\">\n<div class=\"polar_column_text polar-content-element\">\n<p>Jo\u0161 jedno ljeto u omiljenom Lapidariju, u genijalnom ambijentu, u samom centru, a opet tako Druk\u010dije. Dokumentarci, filmski kviz, predavanja, filmska radionica, na\u0161a mala oaza. Koristim priliku da se zahvalim dosada\u0161njem ravnatelju Gradskog muzeja Vinkovci Danijelu Petkovi\u0107u na suradnji i podr\u0161ci sve ove godine, a radujem se nastavku sa novim ravnateljom \u2013 Hrvojem Vuli\u0107em, uz zahvale svim ostalim djelatnicima Gradskog muzeja. Nastavljamo dalje jo\u0161 ja\u010de, najve\u0107a novost je da smo ustanovili nagradu nazvanu po superva\u017enom Stojanu Dimitrijevi\u0107u, ina\u010de i velikom filmofilu, vrhunskom intelektualcu koji je zadu\u017eio ne samo vinkova\u010dku kulturu. Prvi dobitnik je sjajni Goran Devi\u0107, autor briljantnih dokumentarnih filmova i biv\u0161i student arheologije, sigurni smo da bi g.Dimitrijevi\u0107 imao zapisane najvi\u0161e ocjene za Goranove filmove. Predstavljamo premijerno na doma\u0107em terenu i film vinkova\u010dkog autora, Darko Puhari\u0107 je s prof.Durmanom snimio kratki film o Vu\u010dedolu i Orionu, ne propustite pogledati u Lapidariju ovaj nagra\u0111ivani rad o zanimljivoj temi. Na kraju, svakako do\u0111ite na kviz genijalnog Marija Kova\u010da, \u010dak i ako ne sudjelujete\u2026Vidimo se u na\u0161em Lapidariju!!<\/p>\n<p>Toni \u0160ari\u0107, predsjednik Udruge ljubitelja filma RARE<\/p>\n<\/div>\n<\/div>\n<\/div>\n<\/div>\n<\/div>\n<\/div>\n<div class=\"vc_row wpb_row vc_row-fluid polar-eq-col-height polar-top polar-stretch-row vc_custom_1561728630604 polar-bg-color2-overlay vc_row_15902158916\" data-skin=\"light\">\n<div class=\"container\">\n<div class=\"polar-row\">\n<div class=\"wpb_column vc_column_container vc_col-sm-12 polar-border-box\">\n<div class=\"wpb_wrapper\">\n<div class=\"vc_separator wpb_content_element vc_separator_align_center vc_sep_width_100 vc_sep_dashed vc_sep_border_width_10 vc_sep_pos_align_center vc_separator_no_text\"><\/div>\n<div class=\"polar_section_header aligncenter polar-content-element polar_section_header_15902158918\">\n<h2 class=\"title uppercase\">RASPORED 7.ANTI\u010cKE FILMSKE VE\u010cERI<\/h2>\n<\/div>\n<\/div>\n<\/div>\n<\/div>\n<\/div>\n<\/div>\n<div class=\"vc_row wpb_row vc_row-fluid polar-eq-col-height polar-top polar-stretch-row vc_custom_1561728649277 polar-bg-color2-overlay vc_row_15902158919\" data-skin=\"light\">\n<div class=\"container\">\n<div class=\"polar-row\">\n<div class=\"wpb_column vc_column_container vc_col-sm-6 polar-border-box\">\n<div class=\"wpb_wrapper\">\n<div class=\"polar_section_header aligncenter polar-content-element polar_section_header_159021589111\">\n<h2 class=\"title uppercase\">19.8. (PONEDJELJAK)<\/h2>\n<\/div>\n<div class=\"polar_column_text polar-content-element\">\n<p>18:00 FILMSKA RADIONICA\u00a0<em>Osnove filma, prvi dan<\/em><\/p>\n<p>Prijavite se i provedite vrijeme u na\u0161im tradicionalnim popodnevnim filmskim radionicama, nau\u010dite osnove snimanja i montiranja, upoznajte kreativni proces nastajanja jednostavnih filmskih materijala. Intenzivne, dvodnevne filmske radionice u Lapidariju GMV\u00a0 namijenjene su po\u010detnicima, a broj je ograni\u010den na 10 polaznika \u2013 prijavite se na\u00a0<a href=\"mailto:filmfestivaldorf@gmail.com\">filmfestivaldorf@gmail.com<\/a>.<\/p>\n<p>Voditelj je Darko Bu\u0161nja, redatelj i monta\u017eer iz Vinkovaca.<\/p>\n<p>20:30\u00a0<strong>SVE\u010cANO OTVORENJE + NAGRADA\/GORAN DEVI\u0106<\/strong><\/p>\n<p>Novost na 7.Anti\u010dkim filmskim ve\u010derima je nagrada nazvana po pokojnom vinkova\u010dkom intelektualcu i arheologu prof.dr.\u00a0<strong>Stojanu Dimitrijevi\u0107u<\/strong>, ina\u010de velikom filmofilu. Prvi dobitnik nagrade za doprinos filmu i arheologiji \u201eStojan Dimitrijevi\u0107\u201c je hrvatski autor dokumentarnih filmova\u00a0<strong>Goran Devi\u0107,<\/strong>\u00a0iz Siska.<\/p>\n<p>Studirao je arheologiju i pravo. Godine 2008. diplomirao je filmsku i TV re\u017eiju na zagreba\u010dkoj Akademiji dramske umjetnosti, gdje danas radi kao docent na Diplomskom studiju re\u017eije dokumentarnog filma. Autor je dokumentarnih filmova ( \u201cUvozne vrane\u201d, \u201cNemam ti \u0161ta re\u0107\u2019 lijepo\u201d, \u201cSretna zemlja\u201d, \u201cPoplava\u201c, \u201cDvije pe\u0107i za udarnika Josipa Trojka\u201d, \u201eBuffet \u017deljezara\u201c, \u201eU ime RH\u201c, \u201eNa vodi\u201c\u2026)nagra\u0111ivanih na festivalima u Puli, Cottbusu, Prizrenu, Pragu, Sarajevu, Oberhausenu, Neubrandenburgu, Mariboru, Motovunu i Zagrebu. Film \u201cCrnci\u201d (2009) koji je sure\u017eirao sa Zvonimirom Juri\u0107em i za koji je nagra\u0111en Zlatnom Arenom za re\u017eiju, njegov je prvi dugometra\u017eni igrani film.<\/p>\n<p>Nagradu je izradio Miro \u017dupa, kipar i strip autor iz Splita.<\/p>\n<p>20:45\u00a0<strong>BUFFET \u017dELJEZARA<\/strong>, 61\u2032<\/p>\n<p>R:Goran Devi\u0107 (Hrvatska)<\/p>\n<p>P:Petnaesta umjetnost, 2017<\/p>\n<p>Film bilje\u017ei kavanske razgovore vlasnika kafi\u0107a, prije nego li ga zatvore zauvijek i otvore novo poglavlje u \u017eivotu.Erna i D\u017eevad vlasnici su buffeta na autobusnoj stanici kod ulaza u neko\u0107 jednu od ve\u0107ih \u017eeljezara isto\u010dne Europe. Iz opservacijskom tehnikom snimljenih \u201ebirtijskih razgovora\u201c zadnjih tjedan dana buffeta pred zatvaranje, izbija nova utopija biv\u0161ih socijalisti\u010dkih trudbenika, kako se do\u010depati Njema\u010dke, jedinog preostalog raja na zemlji.<\/p>\n<p>21:45\u00a0<strong>RAT ART: HRVATSKI NEOVISNI UMJETNICI,\u00a0<\/strong>50\u2032<\/p>\n<p>R: Zev Asher (Kanada)<\/p>\n<p>P: Box Trot Films, 1997<\/p>\n<p>Zev Asher je tijekom 1994.-95. u par navrata posjetio Hrvatsku, kao glazbenik, putuju\u0107i diljem zemlje dokumentirao i intervjuirao je umjetnike s kojima se susreo. Ovi intervjui postali su temelj za njegov prvi dokumentarni film \u2013 u kojem razgovara s raznim umjetnicima, dizajnerima, glazbenim producentima, redateljima\u2026. Video sagledava nezavisne umjetnike, koji stvaraju u kontekstu dru\u0161tva u ratu i neobi\u010dno je va\u017ean dokument scene. Zahvaljujemo na trudu i suradnji Institutu za suvremenu umjetnost.<\/p>\n<\/div>\n<\/div>\n<\/div>\n<div class=\"wpb_column vc_column_container vc_col-sm-6 polar-border-box\">\n<div class=\"wpb_wrapper\">\n<div class=\"polar_section_header aligncenter polar-content-element polar_section_header_159021589114\">\n<h2 class=\"title uppercase\">20.8. (UTORAK)<\/h2>\n<\/div>\n<div class=\"polar_column_text polar-content-element\">\n<p>18:00\u00a0<strong>FILMSKA RADIONICA<\/strong>\u00a0<em>Osnove filma, drugi dan<\/em><\/p>\n<p>19:00\u00a0<strong>PREDAVANJE<\/strong>\u00a0\u2013 Novosti iz GMV<\/p>\n<p>Ve\u0107 tradicionalno predstavljanje novosti iz Gradskog muzeja Vinkovci odli\u010dna je prigoda za upoznavanje iz prve ruke sa uvijek zanimljivim otkri\u0107ima i projektima koje ekipa iz Muzeja provodi. Novosti nam iz prve ruke donosi ravnatelj Hrvoje Vuli\u0107, dipl.arh.<\/p>\n<p>20:00\u00a0<strong>PRAPOVIJESNE NO\u0106I VENERE I MARSA,<\/strong>\u00a032\u2032<\/p>\n<p>R:Darko Puhari\u0107 (Hrvatska)<\/p>\n<p>P: D-studio design, 2019<\/p>\n<p>Vinkova\u010dka premijera dokumentarno-igranog filma Darka Puhari\u0107a, po scenariju prof.Aleksandra Durmana \u2013 koji prikazuje najstariji to\u010dno odre\u0111en datum iz prapovijesti, is\u010ditan sa kerami\u010dke posude Vu\u010dedolske kulture, prona\u0111ene na lokalitetu Vu\u010dedol. Posuda prikazuje to\u010dan datum ulaska planeta Venere i Marsa u zvije\u017e\u0111e Plejade 2886 g. pr.Krista, te je zbog tog doga\u0111aja na nebu, \u017ertvovano sedam \u017eena i jedan mu\u0161karac (Mars, Venera i \u0161est Plejada). Cijeli obred \u017ertvovanja kao i doga\u0111aji na nebu zorno su prikazani u filmu kroz animacije i igrane scene.\u00a0Film je prikazan i nagra\u0111en na brojnim festivalima u Hrvatskoj i inozemstvu.<\/p>\n<p>21:00\u00a0<strong>GLAZBENO-FILMSKI KVIZ BY MARIO KOVA\u010c<\/strong><\/p>\n<p>Trebamo li posebno predstavljati ovog homo universalisa 21. stolje\u0107a? Redatelj, performer, DJ, glumac, doktor znanosti, scenarist, \u0161ahist, strastveni pub kviza\u0161 i jo\u0161 mnogo toga, a iznad svega \u2013 iskonski \u0161oumen na \u010dije lucidne dosjetke nitko ne\u0107e ostati ravnodu\u0161an!<\/p>\n<p>Ne propustite njegov prvi nastup u Vinkovcima, u ulozi autora i voditelja glazbeno-filmskog kviza. Prijavite se prije po\u010detka, ekipe su od 2-4 \u010dlana, broj ekipa nije ograni\u010den. Nema kotizacije, do\u0111ite u dobrom dru\u0161tvu i osvojite!<\/p>\n<p>ULAZ NA SVE PROGRAME JE SLOBODAN<\/p>\n<\/div>\n<\/div>\n<\/div>\n<\/div>\n<\/div>\n<\/div>\n","protected":false},"excerpt":{"rendered":"<p>Jo\u0161 jedno ljeto u omiljenom Lapidariju, u genijalnom ambijentu, u samom centru, a opet tako Druk\u010dije. Dokumentarci, filmski kviz, predavanja, filmska radionica, na\u0161a mala oaza. Koristim priliku da se zahvalim dosada\u0161njem ravnatelju Gradskog muzeja Vinkovci Danijelu Petkovi\u0107u na suradnji i podr\u0161ci sve ove godine, a radujem se nastavku sa novim ravnateljom \u2013 Hrvojem Vuli\u0107em, uz [&#8230;]\n","protected":false},"author":1,"featured_media":0,"comment_status":"closed","ping_status":"closed","sticky":false,"template":"","format":"standard","meta":{"_monsterinsights_skip_tracking":false,"_monsterinsights_sitenote_active":false,"_monsterinsights_sitenote_note":"","_monsterinsights_sitenote_category":0,"_links_to":"","_links_to_target":""},"categories":[1],"tags":[],"aioseo_notices":[],"_links":{"self":[{"href":"https:\/\/filmfestivaldorf.com\/hr\/wp-json\/wp\/v2\/posts\/577"}],"collection":[{"href":"https:\/\/filmfestivaldorf.com\/hr\/wp-json\/wp\/v2\/posts"}],"about":[{"href":"https:\/\/filmfestivaldorf.com\/hr\/wp-json\/wp\/v2\/types\/post"}],"author":[{"embeddable":true,"href":"https:\/\/filmfestivaldorf.com\/hr\/wp-json\/wp\/v2\/users\/1"}],"replies":[{"embeddable":true,"href":"https:\/\/filmfestivaldorf.com\/hr\/wp-json\/wp\/v2\/comments?post=577"}],"version-history":[{"count":2,"href":"https:\/\/filmfestivaldorf.com\/hr\/wp-json\/wp\/v2\/posts\/577\/revisions"}],"predecessor-version":[{"id":579,"href":"https:\/\/filmfestivaldorf.com\/hr\/wp-json\/wp\/v2\/posts\/577\/revisions\/579"}],"wp:attachment":[{"href":"https:\/\/filmfestivaldorf.com\/hr\/wp-json\/wp\/v2\/media?parent=577"}],"wp:term":[{"taxonomy":"category","embeddable":true,"href":"https:\/\/filmfestivaldorf.com\/hr\/wp-json\/wp\/v2\/categories?post=577"},{"taxonomy":"post_tag","embeddable":true,"href":"https:\/\/filmfestivaldorf.com\/hr\/wp-json\/wp\/v2\/tags?post=577"}],"curies":[{"name":"wp","href":"https:\/\/api.w.org\/{rel}","templated":true}]}}