{"id":580,"date":"2019-03-21T06:38:38","date_gmt":"2019-03-21T06:38:38","guid":{"rendered":"https:\/\/filmfestivaldorf.com\/hr\/?p=580"},"modified":"2020-05-23T06:39:16","modified_gmt":"2020-05-23T06:39:16","slug":"2019-dorf-festival-info","status":"publish","type":"post","link":"https:\/\/filmfestivaldorf.com\/hr\/2019\/03\/21\/2019-dorf-festival-info\/","title":{"rendered":"2019 DORF festival info"},"content":{"rendered":"<p>Ponovo u Lapidariju, maloj oazi u centru spajamo u program koji traje cijeli tjedan. Regionalna produkcija je ponovo \u017eivnula, nekoliko recentnih filmova je zainteresiralo medije i javnost, lo\u0161e je samo \u0161to su to naj\u010de\u0161\u0107e pri\u010de o herojima koji vi\u0161e nisu s nama. Radujemo se novim filmovima, novim gostima i \u2013 novim filmskim dru\u017eenjima. U popratnom programu predstavljamo i dalje fantasti\u010dne uporne odmetnike, drage prijatelje koji nam predstavljaju dio svojih akcija \u2013 u svijetu fotografije, pantomime, knji\u017eevnosti, glazbe. Nagrade ove godine dajemo gigantima, \u010dija glazba i filmovi, pogled na svijet i kreativnost su nam bili svjetionik i \u010diji humor nas je oja\u010dao, oblikovao.<\/p>\n<p>Pridru\u017eite nam se kroz cijeli tjedan, provedite filmske ve\u010deri u Lapidariju GMV, upoznajte autore i gledajte s nama, najglasnije<\/p>\n<p>Toni \u0160ari\u0107<br \/>\n<em>predsjednik Udruge ljubitelja filma RARE<\/em><\/p>\n","protected":false},"excerpt":{"rendered":"<p>Ponovo u Lapidariju, maloj oazi u centru spajamo u program koji traje cijeli tjedan. Regionalna produkcija je ponovo \u017eivnula, nekoliko recentnih filmova je zainteresiralo medije i javnost, lo\u0161e je samo \u0161to su to naj\u010de\u0161\u0107e pri\u010de o herojima koji vi\u0161e nisu s nama. Radujemo se novim filmovima, novim gostima i \u2013 novim filmskim dru\u017eenjima. U popratnom [&#8230;]\n","protected":false},"author":1,"featured_media":0,"comment_status":"closed","ping_status":"closed","sticky":false,"template":"","format":"standard","meta":{"_monsterinsights_skip_tracking":false,"_monsterinsights_sitenote_active":false,"_monsterinsights_sitenote_note":"","_monsterinsights_sitenote_category":0,"_links_to":"","_links_to_target":""},"categories":[1],"tags":[],"aioseo_notices":[],"_links":{"self":[{"href":"https:\/\/filmfestivaldorf.com\/hr\/wp-json\/wp\/v2\/posts\/580"}],"collection":[{"href":"https:\/\/filmfestivaldorf.com\/hr\/wp-json\/wp\/v2\/posts"}],"about":[{"href":"https:\/\/filmfestivaldorf.com\/hr\/wp-json\/wp\/v2\/types\/post"}],"author":[{"embeddable":true,"href":"https:\/\/filmfestivaldorf.com\/hr\/wp-json\/wp\/v2\/users\/1"}],"replies":[{"embeddable":true,"href":"https:\/\/filmfestivaldorf.com\/hr\/wp-json\/wp\/v2\/comments?post=580"}],"version-history":[{"count":1,"href":"https:\/\/filmfestivaldorf.com\/hr\/wp-json\/wp\/v2\/posts\/580\/revisions"}],"predecessor-version":[{"id":581,"href":"https:\/\/filmfestivaldorf.com\/hr\/wp-json\/wp\/v2\/posts\/580\/revisions\/581"}],"wp:attachment":[{"href":"https:\/\/filmfestivaldorf.com\/hr\/wp-json\/wp\/v2\/media?parent=580"}],"wp:term":[{"taxonomy":"category","embeddable":true,"href":"https:\/\/filmfestivaldorf.com\/hr\/wp-json\/wp\/v2\/categories?post=580"},{"taxonomy":"post_tag","embeddable":true,"href":"https:\/\/filmfestivaldorf.com\/hr\/wp-json\/wp\/v2\/tags?post=580"}],"curies":[{"name":"wp","href":"https:\/\/api.w.org\/{rel}","templated":true}]}}