{"id":586,"date":"2014-01-11T06:41:55","date_gmt":"2014-01-11T06:41:55","guid":{"rendered":"https:\/\/filmfestivaldorf.com\/hr\/?p=586"},"modified":"2020-05-23T06:42:39","modified_gmt":"2020-05-23T06:42:39","slug":"anticke-filmske-veceri-2014","status":"publish","type":"post","link":"https:\/\/filmfestivaldorf.com\/hr\/2014\/01\/11\/anticke-filmske-veceri-2014\/","title":{"rendered":"ANTI\u010cKE FILMSKE VE\u010cERI 2014"},"content":{"rendered":"<div class=\"polar_section_header aligncenter polar-content-element polar_section_header_15902161416\">\n<h4 class=\"subtitle polar-above polar-primary-color\"><\/h4>\n<h2 class=\"title uppercase\">ANTI\u010cKE FILMSKE VE\u010cERI<\/h2>\n<\/div>\n<div class=\"polar_column_text polar-content-element\">\n<p><img loading=\"lazy\" class=\"alignnone size-full wp-image-9827\" src=\"https:\/\/filmfestivaldorf.com\/hrv\/wp-content\/uploads\/2014\/01\/cover.jpg\" sizes=\"(max-width: 1000px) 100vw, 1000px\" srcset=\"https:\/\/filmfestivaldorf.com\/hrv\/wp-content\/uploads\/2014\/01\/cover.jpg 1000w, https:\/\/filmfestivaldorf.com\/hrv\/wp-content\/uploads\/2014\/01\/cover-300x111.jpg 300w, https:\/\/filmfestivaldorf.com\/hrv\/wp-content\/uploads\/2014\/01\/cover-768x284.jpg 768w, https:\/\/filmfestivaldorf.com\/hrv\/wp-content\/uploads\/2014\/01\/cover-720x266.jpg 720w\" alt=\"cover\" width=\"1000\" height=\"370\" \/><\/p>\n<p>Audiovizualni projekt ANTI\u010cKE FILMSKE VE\u010cERI provodi od 2013. godine Udruga RARE s partnerima.<\/p>\n<p>Anti\u010dke filmske ve\u010deri jedinstveni su projekt koji je svoje prvo predstavljanje imao 06.-07.09.2013. u Vinkovcima. Ovaj projekt iznad svega po\u0161tuje, poti\u010de i revalorizira iznimno bogatu arheolo\u0161ku povijest a baziran je na filmskim projekcijama i edukativnim sadr\u017eajima (filmske radionice, predavanja, izlo\u017ebe plakata, filmski kviz, dru\u0161tvene igre).<\/p>\n<p>Program Anti\u010dke filmske ve\u010deri Vinkovci 2014, koje su se odr\u017eale 14-23.srpnja, prona\u0111ite\u00a0<a href=\"https:\/\/filmfestivaldorf.com\/hr\/2014\/06\/29\/anticke-filmske-veceri-2014-vinkovci\/\"><strong>OVDJE<\/strong><\/a><\/p>\n<p>Tre\u0107e izdanje programa odr\u017eano je u Vinkovcima 3-16.srpnja 2015, a detalje o programu prona\u0111ite\u00a0<strong><a href=\"https:\/\/filmfestivaldorf.com\/hr\/anticke-filmske-veceri-raspored-2015\/\">OVDJE<\/a><\/strong><\/p>\n<p>\u010cetvrto izdanje odr\u017ealo se u Puli i Vinkovcima 2016.godine \u2013 program prona\u0111ite OVDJE<\/p>\n<p><img loading=\"lazy\" class=\"alignnone size-full wp-image-9825\" src=\"https:\/\/filmfestivaldorf.com\/hrv\/wp-content\/uploads\/2014\/01\/anticke.jpg\" sizes=\"(max-width: 994px) 100vw, 994px\" srcset=\"https:\/\/filmfestivaldorf.com\/hrv\/wp-content\/uploads\/2014\/01\/anticke.jpg 994w, https:\/\/filmfestivaldorf.com\/hrv\/wp-content\/uploads\/2014\/01\/anticke-300x140.jpg 300w, https:\/\/filmfestivaldorf.com\/hrv\/wp-content\/uploads\/2014\/01\/anticke-768x358.jpg 768w, https:\/\/filmfestivaldorf.com\/hrv\/wp-content\/uploads\/2014\/01\/anticke-720x335.jpg 720w\" alt=\"anticke\" width=\"994\" height=\"463\" \/><\/p>\n<\/div>\n<div class=\"vc_separator wpb_content_element vc_separator_align_center vc_sep_width_100 vc_sep_dotted vc_sep_border_width_7 vc_sep_pos_align_center vc_separator_no_text\"><\/div>\n","protected":false},"excerpt":{"rendered":"<p>ANTI\u010cKE FILMSKE VE\u010cERI Audiovizualni projekt ANTI\u010cKE FILMSKE VE\u010cERI provodi od 2013. godine Udruga RARE s partnerima. Anti\u010dke filmske ve\u010deri jedinstveni su projekt koji je svoje prvo predstavljanje imao 06.-07.09.2013. u Vinkovcima. Ovaj projekt iznad svega po\u0161tuje, poti\u010de i revalorizira iznimno bogatu arheolo\u0161ku povijest a baziran je na filmskim projekcijama i edukativnim sadr\u017eajima (filmske radionice, predavanja, [&#8230;]\n","protected":false},"author":1,"featured_media":0,"comment_status":"closed","ping_status":"closed","sticky":false,"template":"","format":"standard","meta":{"_monsterinsights_skip_tracking":false,"_monsterinsights_sitenote_active":false,"_monsterinsights_sitenote_note":"","_monsterinsights_sitenote_category":0,"_links_to":"","_links_to_target":""},"categories":[1],"tags":[],"aioseo_notices":[],"_links":{"self":[{"href":"https:\/\/filmfestivaldorf.com\/hr\/wp-json\/wp\/v2\/posts\/586"}],"collection":[{"href":"https:\/\/filmfestivaldorf.com\/hr\/wp-json\/wp\/v2\/posts"}],"about":[{"href":"https:\/\/filmfestivaldorf.com\/hr\/wp-json\/wp\/v2\/types\/post"}],"author":[{"embeddable":true,"href":"https:\/\/filmfestivaldorf.com\/hr\/wp-json\/wp\/v2\/users\/1"}],"replies":[{"embeddable":true,"href":"https:\/\/filmfestivaldorf.com\/hr\/wp-json\/wp\/v2\/comments?post=586"}],"version-history":[{"count":3,"href":"https:\/\/filmfestivaldorf.com\/hr\/wp-json\/wp\/v2\/posts\/586\/revisions"}],"predecessor-version":[{"id":589,"href":"https:\/\/filmfestivaldorf.com\/hr\/wp-json\/wp\/v2\/posts\/586\/revisions\/589"}],"wp:attachment":[{"href":"https:\/\/filmfestivaldorf.com\/hr\/wp-json\/wp\/v2\/media?parent=586"}],"wp:term":[{"taxonomy":"category","embeddable":true,"href":"https:\/\/filmfestivaldorf.com\/hr\/wp-json\/wp\/v2\/categories?post=586"},{"taxonomy":"post_tag","embeddable":true,"href":"https:\/\/filmfestivaldorf.com\/hr\/wp-json\/wp\/v2\/tags?post=586"}],"curies":[{"name":"wp","href":"https:\/\/api.w.org\/{rel}","templated":true}]}}