{"id":604,"date":"2015-05-23T06:53:21","date_gmt":"2015-05-23T06:53:21","guid":{"rendered":"https:\/\/filmfestivaldorf.com\/hr\/?p=604"},"modified":"2020-05-23T06:53:59","modified_gmt":"2020-05-23T06:53:59","slug":"dorf-program-2015-regionalni","status":"publish","type":"post","link":"https:\/\/filmfestivaldorf.com\/hr\/2015\/05\/23\/dorf-program-2015-regionalni\/","title":{"rendered":"DORF PROGRAM 2015 REGIONALNI"},"content":{"rendered":"<p>REGIONALNI<br \/>\nDORF PROGRAM 2015<br \/>\nregionalni-izgubljeno-dugme<br \/>\nIZGUBLJENO DUGME<br \/>\nR: Renato Tonkovi\u0107, Marijo Vukadin, Robert Bubalo (Austrija, Hrvatska, BiH)<br \/>\nP: One Sand, Kadar, Olimp Production (2015)<br \/>\nT: 92\u2032<\/p>\n<p>http:\/\/www.goranipeivandic.com\/<\/p>\n<p>Nakon gotovo 5 godina prikupljanja materijala i zanimljivih razgovora, film o legendarnom bubnjaru Goranu Ipi Ivandi\u0107u prikazujemo na veliku radost svih ljubitelja Bijelog Dugmeta. Saznajte detalje o uzbudljivoj biografiji jednog od najboljih ex-yu bubnjara, ali i o karijeri banda. Zanimljivi sugovornici, te nikad do sada vi\u0111ene fotografije i snimci razlog su zbog kojeg ne smijete propustiti projekciju. Film koji zatvara 9.DORF gledamo u dru\u0161tvu trojice autora.<\/p>\n<p>regionalni-pannonian<br \/>\nPANNONIAN CHALLENGE<br \/>\nR: Vedrana Priba\u010di\u0107, Kristijan Mrkoci (Hrvatska)<br \/>\nP: A-live produkcija (2014)<br \/>\nT: 75\u2032<br \/>\nhttp:\/\/2014.pannonian.hr\/<br \/>\nTRAILER<\/p>\n<p>Dokumentirana pri\u010da o prvih 15 godina sjajnog osje\u010dkog natjecanja ekstremnih sportova kronolo\u0161ki donosi detalje iz jedne od najuspje\u0161nijih manifestacija, na koju smo svi ponosni. Dok ih pratimo u pripremama petnaestog izdanja, upoznajte se s ljudima koji su svojim entuzijazmom i stra\u0161\u0107u pomaknuli stvari i \u2013 poku\u0161ajte dobiti inspiraciju\u2026Film gledamo na nepoznatoj lokaciji, pratite vijesti i prona\u0111ite DORF u centru grada.<\/p>\n<p>regionalni-lijepa-umjetnost<br \/>\nLIJEPA UMJETNOST ZRCALJENJA<br \/>\nR: Toma Ba\u010di\u0107, Corrine Enquist (Hrvatska)<br \/>\nP: D\u2019Art Documentaries (2013)<br \/>\nT: 53\u2032<br \/>\nTRAILER<\/p>\n<p>Stariji me\u0111u vama se vjerojatno sje\u0107aju 1987. i afere s plakatima, kada je za najavu \u0160tafete mladosti grupa mladih slovenskih dizajnera dobila nagradu i njihov plakat je bio savr\u0161en, sve do trenutka kada se otkrilo da je taj plakat\u2026 Ne\u0107emo vam re\u0107i \u0161to je dalje bilo zato \u0161to je ova pri\u010da i uvod u onu o NSK-u i Laibachu, ali i izvrstan dokumentarac, koji je prikazan i na IDFA festivalu. Uzbudljiva pri\u010da, mo\u0107an soundtrack i povratak u mra\u010dne 80-e. Film prikazujemo u Vinkovcima i Osijeku. Autor je gost festivala.<\/p>\n<p>regionalni-improvizacija<br \/>\nVRIJEME ZA IMPROVIZACIJU\/\u010cas za improvizacijo<br \/>\nR: Tina Le\u0161ni\u010dar, Janez Stucin (Slovenija)<br \/>\nP: Perfo production (2014)<br \/>\nT: 82\u2032<br \/>\nhttp:\/\/perfo.si\/<br \/>\nTRAILER<\/p>\n<p>Ako smo do\u0161li do kraja civilizacije, mo\u017eda je vrijeme za improvizaciju. Strastven i emotivan film o europski kvalitetnoj lokalnoj jazz sceni u Ljubljani. U dru\u0161tvu 8 vrhunskih glazbenika idemo u Be\u010d, Amsterdam i New York i pratimo njihova nastojanja da budu spremni za Trenutak uspjeha, s puno super svirke. Cool jazz dokumentarac, ne propustite ga pogledati na velikom platnu. Hrvatska premijera.<\/p>\n<p>regionalni-nekidan-je-radostan<br \/>\nNEK JE DAN RADOSTAN\/Denot da e radosen<br \/>\nR: Ljubica Popovska (Makedonija)<br \/>\nP:Award Film&#038;Video (2014)<br \/>\nT: 65\u2032<br \/>\nhttp:\/\/www.award-film.com\/a-day-to-be-happy.html<br \/>\nTRAILER<\/p>\n<p>Legendarni makedonski punk-rock veseljaci \u2013 Kulturno Umetni\u010dki Rabotnici portretirani su u ovom zabavnom filmu. Film prikazuje vje\u010dnu borbu glazbenih pojedinaca da ne budu stavljeni u ko\u0161aru s etiketama. Saznajte tko je u bandu zadu\u017een za proizvodnju tur\u0161ije, a tko za rakiju \u2013 upoznajte kultni makedonski sastav. I da vam je radostan dan! Film prikazujemo u Vinkovcima i Osijeku. Hrvatska premijera.<\/p>\n<p>regionalni-kdo-mi2<br \/>\nTko=Mi2?\/Kdo=Mi2<br \/>\nR: Rudi Uran (Slovenija)<br \/>\nP: Kramberger&#038;Uran (2015)<br \/>\nT: 89\u2032<br \/>\nhttp:\/\/www.kramberger-uran.com<br \/>\nTRAILER<\/p>\n<p>Na slovenskoj sceni postoje gotovo 20 godina. Tko su ljudi, koji potje\u010de iz malog gradi\u0107a Rogatec na Sotli, a da to ve\u0107ina ljudi i ne znaju? Za\u0161to Mi2 tako pa\u017eljivo izbjegavaju trivijalne medije i novinare, pogotovo \u017euti tisak? Kako mogu biti toliko posebni da ih glazbeni kriti\u010dari ne znaju svrstati u slovensku rock scenu druk\u010dije nego \u00bbizme\u0111u La\u010dnog Franza i Buldo\u017eera\u00ab? Kako mogu privu\u0107i tisu\u0107e mladih i starih na koncerte na kojima svi zajedno pjevaju od prve do zadnje pjesme? Svjetska premijera filma!<\/p>\n<p>regionalni-sudar-u-dvorcu<br \/>\nSUDAR U DVORCU<br \/>\nR: Arsen Oremovi\u0107 (Hrvatska)<br \/>\nP: Interfilm\/Karpo Media (2014)<br \/>\nT: 36\u2032<br \/>\nTRAILER<\/p>\n<p>Glazbeno-dru\u0161tveni dokumentarac o snimanju albuma Mateja Me\u0161trovi\u0107a i ansambla Sudar Percussion u dvorcu Sv. Kri\u017e Za\u010dretje u Hrvatskom zagorju. Dok snimaju album i hvataju prirodnu jeku u \u201eozvu\u010denom\u201c dvorcu, virtuoz na klaviru i bend svojom razigranom, originalnom i za\u010dudnom glazbom stvaraju prikladan soundtrack za neobi\u010dnu pri\u010du vlasnice rasko\u0161nog dvorca koja u njemu \u017eivi poput \u201eprosjaka\u201c. Pri\u010da je to o glazbi i Mateju Me\u0161trovi\u0107u, ali i o dru\u0161tvenoj nebrizi, apsurdima i zanemarivanju kulturne ba\u0161tine, o preskupim i pogre\u0161nim osobnim procjenama i odlukama\u2026<\/p>\n<p>regionalni-minimal-lab<br \/>\nMARZIDOV\u0160EK MINIMAL LABORATORIUM<br \/>\nR: Kaja i Sava Kosma\u010d (Slovenija)<br \/>\nP: Kaja in Sava Kosma\u010d (2013)<br \/>\nT: 29\u2032<\/p>\n<p>Film portretira (o)kultnog slovenskog minimalista, tonskog eksperimentatora i multikreativca Marija Marzidov\u0161ka (1961.-2011.). Sa svojom nezavisnom nakladom kasetne produkcije (MML) bio je sredi\u0161nja figura \u0161tajerskog undergrounda 80-ih, multiproduktivan i DIY u najboljem smislu. Osobit i samotnjak, kasnije se povukao iz javnog \u017eivota i pam\u0107enja publike. Hrvatska premijera.<\/p>\n<p>regionalni-mizar<br \/>\nMIZAR \u2013 ZVIJEZDA NADE\/ Mizar \u2013 Zvezda na nadezta<br \/>\nR: Marko D\u017eambazoski (Makedonija)<br \/>\nP: Fakultet dramskih umetnosti Skopje (2014)<br \/>\nT: 18\u2032<\/p>\n<p>Studentski rad mladog autora iz Skopja ujedno je i prvi filmski dokument o tom kultnom makedonskom dark sastavu. Upoznajte kroz studentski rad sastav koji je krajem 80-ih pomicao granice i \u010dije su pjesme postale makedonske underground himne, s \u010dvrstom jezgrom fanova i izvan Makedonije. Ako ih jo\u0161 niste upoznali, ovo je odli\u010dna prilika za po\u010detak, nadamo se da \u0107e uskoro i dulja verzija.<\/p>\n<p>regionalni-vidimo-se-na-kazanu<br \/>\nVIDIMO SE NA KAZANU<br \/>\nR: Du\u0161an Udicki (Srbija)<br \/>\nP: NGO Novi Optimizam (2014)<br \/>\nT: 35\u2032<br \/>\nhttp:\/\/novioptimizam.rs\/<\/p>\n<p>Panta \u0160iklja Nafta je legenda underground scene Zrenjanina. Vjerojatno najpoznatiji voza\u010d vilju\u0161kara u svijetu rocka i poezije na ovim prostorima. Film prati miniturneju tijekom promocije njegove zbirke pjesama \u201eVidimo se na kazanu\u201c na kojoj je nastupao s Panta \u0160iklja Nafta tribute bendom. Rambo Amadeus je bio na promociji, a vi pogledajte u filmu za\u0161to. Hrvatska premijera.<\/p>\n<p>regionalni-sutka<br \/>\n\u0160UTKA ROMA RAP\/Me sijum underground<br \/>\nR: Aleksandar Manasiev, Mirko Trajanovski (Makedonija)<br \/>\nP: Balkon 3 (2013)<br \/>\nT: 26\u2032<\/p>\n<blockquote class=\"wp-embedded-content\" data-secret=\"lXjZxksA56\"><p><a href=\"http:\/\/balkon3.com\/mk\/\">\u0411\u0430\u043b\u043a\u043e\u043d3<\/a><\/p><\/blockquote>\n<p><iframe title=\"&#8220;\u0411\u0430\u043b\u043a\u043e\u043d3&#8221; &#8212; Balkon3\" class=\"wp-embedded-content\" sandbox=\"allow-scripts\" security=\"restricted\" style=\"position: absolute; clip: rect(1px, 1px, 1px, 1px);\" src=\"http:\/\/balkon3.com\/mk\/embed\/#?secret=lXjZxksA56\" data-secret=\"lXjZxksA56\" width=\"600\" height=\"338\" frameborder=\"0\" marginwidth=\"0\" marginheight=\"0\" scrolling=\"no\"><\/iframe><\/p>\n<p>Hip-hop sastav iz ve\u0107 legendarnog dijela Skopja po imenu \u0160utka za sve koji znaju \u0161to ih \u010deka je zabavnih pola sata u dru\u0161tvu sa zanimljivim glazbenicima. A vi koji jo\u0161 niste upoznali, pogledajte film i saznajte kako su nastupali na Sziget festivalu.<\/p>\n<p>regionalni-posljednjih-sto<br \/>\nPOSLJEDNJIH 100<br \/>\nR: Morana Komljenovi\u0107 (Hrvatska)<br \/>\nP: Fade In (2014)<br \/>\nT: 36\u2032<br \/>\nhttp:\/\/fadein.hr<br \/>\nTRAILER<\/p>\n<p>Ponekad i najve\u0107i strah vodi u oslobo\u0111enje. Kraj jednog razdoblja kultnog rije\u010dkog rock kluba Palach za neke zna\u010di krah, a za neke tek novi po\u010detak. Nakon 45 godina djelovanja, klub zatvara vrata. Ne pitaju\u0107i se za pro\u0161lost kluba, film prati emotivne procese kroz koje prolaze zaposlenici i voditelji kluba, odbrojavaju\u0107i sate do zatvaranja. Budu\u0107nost je neizvjesna.<\/p>\n<p>regionalni-veruda<br \/>\nVERUDA \u2013 Film o Bojanu<br \/>\nR: Igor Bezinovi\u0107 (Hrvatska)<br \/>\nP: HRT (2015)<br \/>\nT: 33\u2032<\/p>\n<p>Bojan ima 24 godine. \u010cetiri i pol godine svog \u017eivota proveo je zatvorima u Turopolju, Sisku, Glini, Remetincu, Puli, Zagrebu i Rijeci. Dvadeset godina svog \u017eivota proveo je u pulskom kvartu Veruda. Tijekom snimanja ovog filma prvi put u \u017eivotu je snimio pjesmu. Inspiraciju za pjesmu dobio je \u2013 u zatvoru\u2026Zanimljiv film sjajnog mladog autora Igora Bezinovi\u0107a, u produkciji HRT.<\/p>\n<p>regionalni-sonic<br \/>\nSONIC DOOM : film<br \/>\nR: Matija Trupinovi\u0107 (Hrvatska)<br \/>\nP: Ludwa prod. (2014)<br \/>\nT: 49\u2032<br \/>\nhttps:\/\/www.facebook.com\/sonicdoomrecords<br \/>\nTRAILER<\/p>\n<p>Sonic Doom: The Movie opisuje glazbeni put dva zagreba\u010dka stoner rock benda Umor i Cojones od po\u010detka djelovanja (2006.) pa do 2010. Oba benda sudjelovala su u osnivanju i djelovanju DIY izdava\u010dkog kolektiva Sonic Doom Records koji je tih godina okupljao jo\u0161 nekoliko bendova. Ipak, nekoliko godina kasnije glavni nositelji cijele pri\u010de, razi\u0161li su se u viziji budu\u0107nosti.<\/p>\n","protected":false},"excerpt":{"rendered":"<p>REGIONALNI DORF PROGRAM 2015 regionalni-izgubljeno-dugme IZGUBLJENO DUGME R: Renato Tonkovi\u0107, Marijo Vukadin, Robert Bubalo (Austrija, Hrvatska, BiH) P: One Sand, Kadar, Olimp Production (2015) T: 92\u2032 http:\/\/www.goranipeivandic.com\/ Nakon gotovo 5 godina prikupljanja materijala i zanimljivih razgovora, film o legendarnom bubnjaru Goranu Ipi Ivandi\u0107u prikazujemo na veliku radost svih ljubitelja Bijelog Dugmeta. Saznajte detalje o uzbudljivoj [&#8230;]\n","protected":false},"author":1,"featured_media":0,"comment_status":"closed","ping_status":"closed","sticky":false,"template":"","format":"standard","meta":{"_monsterinsights_skip_tracking":false,"_monsterinsights_sitenote_active":false,"_monsterinsights_sitenote_note":"","_monsterinsights_sitenote_category":0,"_links_to":"","_links_to_target":""},"categories":[1],"tags":[],"aioseo_notices":[],"_links":{"self":[{"href":"https:\/\/filmfestivaldorf.com\/hr\/wp-json\/wp\/v2\/posts\/604"}],"collection":[{"href":"https:\/\/filmfestivaldorf.com\/hr\/wp-json\/wp\/v2\/posts"}],"about":[{"href":"https:\/\/filmfestivaldorf.com\/hr\/wp-json\/wp\/v2\/types\/post"}],"author":[{"embeddable":true,"href":"https:\/\/filmfestivaldorf.com\/hr\/wp-json\/wp\/v2\/users\/1"}],"replies":[{"embeddable":true,"href":"https:\/\/filmfestivaldorf.com\/hr\/wp-json\/wp\/v2\/comments?post=604"}],"version-history":[{"count":2,"href":"https:\/\/filmfestivaldorf.com\/hr\/wp-json\/wp\/v2\/posts\/604\/revisions"}],"predecessor-version":[{"id":606,"href":"https:\/\/filmfestivaldorf.com\/hr\/wp-json\/wp\/v2\/posts\/604\/revisions\/606"}],"wp:attachment":[{"href":"https:\/\/filmfestivaldorf.com\/hr\/wp-json\/wp\/v2\/media?parent=604"}],"wp:term":[{"taxonomy":"category","embeddable":true,"href":"https:\/\/filmfestivaldorf.com\/hr\/wp-json\/wp\/v2\/categories?post=604"},{"taxonomy":"post_tag","embeddable":true,"href":"https:\/\/filmfestivaldorf.com\/hr\/wp-json\/wp\/v2\/tags?post=604"}],"curies":[{"name":"wp","href":"https:\/\/api.w.org\/{rel}","templated":true}]}}