{"id":624,"date":"2015-01-23T07:55:33","date_gmt":"2015-01-23T07:55:33","guid":{"rendered":"https:\/\/filmfestivaldorf.com\/hr\/?p=624"},"modified":"2020-05-23T07:56:15","modified_gmt":"2020-05-23T07:56:15","slug":"edit-dorf-2015","status":"publish","type":"post","link":"https:\/\/filmfestivaldorf.com\/hr\/2015\/01\/23\/edit-dorf-2015\/","title":{"rendered":"EDIT DORF 2015"},"content":{"rendered":"<p>Ve\u0107 petu godinu u suradnji sa Hrvatskim filmskim savezom prikazujemo izbor nagra\u0111enih radova \u2013 gledamo izbor sa pro\u0161logodi\u0161nje Revije dje\u010djih filmova i video stvarala\u0161tva. Uvid u sve zanimljiviju produkciju i nove mogu\u0107nosti koje nudi filmski medij u nastavi predstavljamo mladim osnovno\u0161kolcima i nadamo se da \u0107e uskoro i iz Vinkovaca pristizati prijave na sli\u010dna natjecanja.<\/p>\n<p>O REVIJI UKRATKO<br \/>\nRevija hrvatskog filmskog stvarala\u0161tva djece mjesto je za prezentaciju i ocjenu jednogodi\u0161nje filmske produkcije djece Hrvatske i filmsko-pedago\u0161koga rada na podru\u010dju izvan\u0161kolskih i izvannastavnih aktivnosti u razvijanju filmske kulture.<br \/>\nRevija je jedina manifestacija u Hrvatskoj posve\u0107ena isklju\u010divo filmskom stvarala\u0161tvu osnovno\u0161kolaca \u2013 bilo da su njihovi filmovi nastali u okviru \u0161kolskih dru\u017eina ili kinoklubova, kao izvannastavna aktivnost. Jednom godi\u0161nje, okupe se ponajbolji najmla\u0111i hrvatski filmski stvaraoci i njihovi mentori. I ne samo to. U \u010detiri dana Revije na filmskom platnu na\u0111e se sam vrh hrvatske osnovno\u0161kolske kinematografije. 53. revija hrvatskoga filmskog stvarala\u0161tva odr\u017eat \u0107e se u Rijeci od 30. rujna do 3. listopada. Na Reviji sudjeluje 220 djece i njihovih mentora, \u0161to Reviju ozna\u010dava kao jednom od najgostoljubivijih manifestacija u Hrvatskoj. Pro\u0161le godine, Revija se, po prvi puta u 52 godine postojanja otvorila i u me\u0111unarodnom segmentu sa sudionicima iz Slovenije, Srbije, Ma\u0111arske, Italije i Turske, na \u010demu \u0107e se na 53. izdanju posebno raditi.<br \/>\nPrijave radova na ovogodi\u0161nju Reviju primaju se do 15. lipnja!<\/p>\n<p>Pratite na www.hfs.hr<\/p>\n[hr]\n<p>Pokrovitelji<br \/>\nGrad Vinkovci, Vukovarsko-Srijemska \u017dupanija, HAVC, HFS, Zaklada nova<\/p>\n<p>edit-sponzori1<\/p>\n<p>Medijski partneri<br \/>\nVinkova\u010dki list, VTV; Cibalia.info, Glas Slavonije<\/p>\n<p>edit-sponzori2<\/p>\n[hr]\n[threecol_one]\nedit-koko<br \/>\nLjubav ili smrt<br \/>\nRe\u017eija:Daniel Ku\u0161an (90 min)<br \/>\nwww.kinorama.hr<\/p>\n<p>Sva tri filma o Koku nastala su prema predlo\u0161ku iznimno popularnih romana za djecu i mlade Ivana Ku\u0161ana. Tre\u0107i film u serijalu o Koku poseban je \u0161to uvodi i temu prvih ljubavi u Kokove detektivske i nogometne avanture . Koku je, \u010dini se, i dalje nogomet najva\u017enija stvar na svijetu, a nadolaze\u0107i susret zloglasnih \u00abGusara\u00bb i Kokove ekipe \u00abZeleni Vrh\u00bb centralni doga\u0111aj sezone. Zlatko i dalje svaki trenutak provodi \u010ditaju\u0107i knjige i prigovara Koku da je nezreo. Da doka\u017ee suprotno, Koko mu pri\u010da o svojoj nesretnoj ljubavi prema tajnovitoj djevojci, \u010darobnoj poput junakinja Zlatkovih romana. Kokova nesta\u0161na sestra Marica, samozatajna prijateljica Ema i drska Melita imaju svoj bend \u2013 Kokova \u0107e ekipa na koncert jednako kao \u0161to \u0107e i one na njihove nogometne utakmice. Da li mladi\u0107e zaista zanima glazba a djevojke nogomet, saznat \u0107emo u novom filmu iz serijala o Koku\u2026.<br \/>\nUlaznica 10 kn.<\/p>\n[\/threecol_one]\n[threecol_one]\nedit-predstavlja<br \/>\nEDIT PREDSTAVLJA<br \/>\nHrvatski filmski savez 2014<br \/>\nIZBOR NAGRA\u0110ENIH FILMOVA<\/p>\n<p>VELIKA BIJELA KOKO\u0160, animirani; 2013; 1\u2032 49\u201d<br \/>\nRedatelj Marija \u0110uran<br \/>\nVoditelj Juliana Ku\u010dan, Darija Sever<br \/>\nSinopsis: Dje\u010dak obo\u017eava piletinu i jede je svakodnevno. Majka mu svakoga dana sprema jela od piletine i u hladnjaku gotovo da i nema ni\u010deg drugog. Jednoga jutra dje\u010dak se probudi i vidi da se pretvorio u veliku bijelu koko\u0161. Mama i on su prestravljeni. \u0160to \u0107e u\u010diniti?<\/p>\n<p>DISCIPLINA, igrani; 2014; 3\u2032 50\u201d<br \/>\nRedatelj Nika \u0160tok<br \/>\nVoditelj Miroslav Klari\u0107<br \/>\nSinopsis: U doba na\u0161ih djedova i baka u \u0161kolu se dolazilo u strahu. Pod nastavom bi ti\u0161ina bila takva da se muha \u010duje. U\u010ditelji su smjeli fizi\u010dki ka\u017enjavati u\u010denike, tjerati ih u kut i vu\u0107i za u\u0161i. Na na\u0161u sre\u0107u, to danas vi\u0161e nije tako.<\/p>\n<p>DOBITAK ILI GUBITAK, TV reporta\u017ea; 2014; 10\u2032 14\u201d<br \/>\nRedatelj Tin Perli\u0107<br \/>\nVoditelj Mirjana Juki\u0107 i Katica \u0160ari\u0107<br \/>\nSinopsis: Reporta\u017ea prikazuje svakodnevnu zabavu na hodnicima \u0161kole i ispred \u0161kole. U\u010denici, ravnateljica i u\u010ditelji iznose svoje mi\u0161ljenje o \u201csportu\u201d koji je zaokupio sve generacije. Uvrije\u017eeno je mi\u0161ljenje da su koka\u010di, odnosno pelja\u010di, uglavnom de\u010dki, no pokazalo se da se u tome odli\u010dno snalaze i djevojke. U\u010ditelji se prisje\u0107aju svoje mladosti i govore kako je kokanje bilo dio i njihova odrastanja, koliko su u tome u\u017eivali i bili spretni.<\/p>\n<p>OGLEDALO, igrani; 2014; 7\u2032 25\u201d<br \/>\nRedatelj Nika Vah\u010di\u0107<br \/>\nVoditelj Mate Milas<br \/>\nSinopsis: Dje\u010daci ukradu sprej iz trgovine i bje\u017ee na biciklima. Na \u201crampi\u201d ih \u010deka i jedna djevoj\u010dica s kojom se \u010desto dru\u017ee. Odlu\u010de po\u0107i \u0161arati po \u0161kolskim zidovima. Jedan od dje\u010daka iz grupe nije sudjelovao u kra\u0111i, a ne \u017eeli sudjelovati ni u \u0161aranju. Pod pritiskom je skupine\u2026<\/p>\n<p>GLASNA TI\u0160INA, otvorena kategorija; 2014; 3\u2032 03\u201d<br \/>\nRedatelj Grupa autora<br \/>\nVoditelj Marina Zlatari\u0107<br \/>\nSinopsis: Ovaj eksperimentalno-animirani film progovara o vr\u0161nja\u010dkom nasilju i va\u017enosti prijatelja i prijateljstva. Prijatelj se prepoznaje u nevolji i tu\u017enom danu donosi smijeh i radost. Upravo je to poruka ovoga filma.<\/p>\n<p>ISTI A TAKO RAZLI\u010cITI, dokumentarni; 2014; 9\u2032 10\u201d<br \/>\nRedatelj Barbara Juri\u0107<br \/>\nVoditelj Jasna Kapelec<br \/>\nSinopsis: Filmska pri\u010da se temelji na vlastitoj ispovijesti u\u010denice 5. razreda koja ima tjelesni invaliditet. U filmu iznosi svoja razmi\u0161ljanja, stavove i osje\u0107aje u odnosu na vlastiti nedostatak i op\u0107enito razinu tolerancije izme\u0111u drugih u\u010denika u \u0161koli. \u010cesto po\u017eeli biti netko drugi, netko druga\u010diji\u2026<\/p>\n<p>I OVCE I NOVCE, otvorena kategorija; 2014; 3\u2032 30\u201d<br \/>\nRedatelj Barbara Rado\u0161<br \/>\nVoditelj Jasna \u0160timac i Rasim Karali\u0107<br \/>\nSinopsis: Ovo je parodija na reklame koje svakodnevno gledamo na televizijama. Mali filma\u0161i pokazali su kako su zapravo te reklame nasilne i kako prisiljavaju gledatelje da kupuju reklamirane proizvode. U izradi filma sudjelovala su djeca petog razreda, po\u010detnici filma\u0161i.<\/p>\n<p>\u017dUTO, animirani; 2013; 2\u2032 09\u201d<br \/>\nRedatelj grupa autora<br \/>\nVoditelj Sandra Malenica i Hrvoje Selec<br \/>\nSinopsis: Sve je \u017euto i ono \u0161to jest i ono \u0161to nije. Dje\u010dje pri\u010de i ideje o \u017eutome nadovezuju se jedna na drugu. Film je nastao na 9. ljetnoj radionici animiranog filma Vara\u017edin. Djeca su prvi put izra\u0111ivala animirani film.<\/p>\n[\/threecol_one]\n[threecol_one_last]\nedit-comics<br \/>\nEDIT \u2013 COMICS 2015<\/p>\n<p>http:\/\/filmfestivaldorf.com\/hr\/edit-comics\/<\/p>\n<p>Platforma u kojoj sudjeluje 9 partnera iz 9 gradova i isto toliko \u017eupanija, koji zajedni\u010dki organiziraju filmske edukacije i promoviraju medijsku kulturu u osnovnim \u0161kolama. Druga ovogodi\u0161nja stanica su Vinkovci, gdje \u0107e u O\u0160 Josipa Kozarca biti organizirane intenzivne edukativne radionice za u\u010denike vi\u0161ih razreda osnovnih \u0161kola \u2013 osnove filma i animacija. Radionice vode \u010dlanovi Video kluba Mursa iz Osijeka i Udruge ljubitelje filma RARE Vinkovci. Projekt je financiran sredstvima Zaklade Kultura nova.<\/p>\n","protected":false},"excerpt":{"rendered":"<p>Ve\u0107 petu godinu u suradnji sa Hrvatskim filmskim savezom prikazujemo izbor nagra\u0111enih radova \u2013 gledamo izbor sa pro\u0161logodi\u0161nje Revije dje\u010djih filmova i video stvarala\u0161tva. Uvid u sve zanimljiviju produkciju i nove mogu\u0107nosti koje nudi filmski medij u nastavi predstavljamo mladim osnovno\u0161kolcima i nadamo se da \u0107e uskoro i iz Vinkovaca pristizati prijave na sli\u010dna natjecanja. [&#8230;]\n","protected":false},"author":1,"featured_media":0,"comment_status":"closed","ping_status":"closed","sticky":false,"template":"","format":"standard","meta":{"_monsterinsights_skip_tracking":false,"_monsterinsights_sitenote_active":false,"_monsterinsights_sitenote_note":"","_monsterinsights_sitenote_category":0,"_links_to":"","_links_to_target":""},"categories":[1],"tags":[],"aioseo_notices":[],"_links":{"self":[{"href":"https:\/\/filmfestivaldorf.com\/hr\/wp-json\/wp\/v2\/posts\/624"}],"collection":[{"href":"https:\/\/filmfestivaldorf.com\/hr\/wp-json\/wp\/v2\/posts"}],"about":[{"href":"https:\/\/filmfestivaldorf.com\/hr\/wp-json\/wp\/v2\/types\/post"}],"author":[{"embeddable":true,"href":"https:\/\/filmfestivaldorf.com\/hr\/wp-json\/wp\/v2\/users\/1"}],"replies":[{"embeddable":true,"href":"https:\/\/filmfestivaldorf.com\/hr\/wp-json\/wp\/v2\/comments?post=624"}],"version-history":[{"count":2,"href":"https:\/\/filmfestivaldorf.com\/hr\/wp-json\/wp\/v2\/posts\/624\/revisions"}],"predecessor-version":[{"id":626,"href":"https:\/\/filmfestivaldorf.com\/hr\/wp-json\/wp\/v2\/posts\/624\/revisions\/626"}],"wp:attachment":[{"href":"https:\/\/filmfestivaldorf.com\/hr\/wp-json\/wp\/v2\/media?parent=624"}],"wp:term":[{"taxonomy":"category","embeddable":true,"href":"https:\/\/filmfestivaldorf.com\/hr\/wp-json\/wp\/v2\/categories?post=624"},{"taxonomy":"post_tag","embeddable":true,"href":"https:\/\/filmfestivaldorf.com\/hr\/wp-json\/wp\/v2\/tags?post=624"}],"curies":[{"name":"wp","href":"https:\/\/api.w.org\/{rel}","templated":true}]}}