{"id":632,"date":"2014-03-23T07:57:56","date_gmt":"2014-03-23T07:57:56","guid":{"rendered":"https:\/\/filmfestivaldorf.com\/hr\/?p=632"},"modified":"2020-05-23T07:58:14","modified_gmt":"2020-05-23T07:58:14","slug":"edit-opisi","status":"publish","type":"post","link":"https:\/\/filmfestivaldorf.com\/hr\/2014\/03\/23\/edit-opisi\/","title":{"rendered":"EDIT opisi"},"content":{"rendered":"[threecol_one]\n[\/threecol_one]\n[threecol_one]\nZAGONETNI DJE\u010cAK<br \/>\nR: Drazen Zarkovic<br \/>\nP:Hrvatska (2013)<br \/>\nT:88&#8242;<br \/>\nhttp:\/\/www.moj-film.hr\/film\/info\/zagonetni-djecak\/<\/p>\n[\/threecol_one]\n[threecol_one_last]\nDje\u010dji igrani film Dra\u017eena \u017darkovi\u0107a, prema kultnom romanu Ivana Ku\u0161ana o do\u017eivljajima hrabrog i domi\u0161ljatog Ratka Mili\u0107a zvanog Koko. Zagonetni dje\u010dak pri\u010da je o \u010detrnaestogodni\u0161njacima koji uz domi\u0161ljatog i spretnog Koka rje\u0161avaju novu misteriju. Kokov prijatelj Tomo nedavno se doselio u grad i \u010de\u017ene za pustolovinama. Pa\u017enju Tome i Koka privu\u010de novi u\u010denik koji se neobi\u010dno pona\u0161a. Zajedno s prijateljicom iz razreda, Marijanom, korak po korak razotkrit \u0107e njegovu dobro \u010duvanu tajnu. Jesu li Koko i prijatelji dorasli ovom zadatku? Je li rje\u0161enje stra\u0161nije no \u0161to su pretpostavili i kako \u0107e se s njime nositi?<\/p>\n<p>Ulaznica 10 kn.<\/p>\n[\/threecol_one_last]\n[hr]\n[threecol_one]\n[\/threecol_one]\n[threecol_one]\nPROJEKCIJE GRADSKO KAZALI\u0160TE<br \/>\n06\/03 (\u010detvrtak)<br \/>\n11:30 EDIT Karlovac+HFS izbor<\/p>\n<p>www.hfs.hr<br \/>\n[\/threecol_one]\n[threecol_one_last]\nIzbor nagra\u0111enih filmova s 18. Filmske revije mlade\u017ei, 6. Four River Film Festivala i 51. revije hrvatskog filmskog i videostvarala\u0161tva<\/p>\n<p>Ve\u0107 \u010detvrtu godinu u suradnji sa Hrvatskim filmskim savezom prikazujemo izbor nagra\u0111enih radova \u2013 gledamo izbor sa pro\u0161logodi\u0161njih nacionalnih smotri dje\u010djih filmova i video stvarala\u0161tva. Uvid u sve zanimljiviju produkciju i nove mogu\u0107nosti koje nudi filmski medij u nastavi predstavljamo mladim osnovno\u0161kolcima i nadamo se da \u0107e uskoro i iz Vinkovaca pristizati prijave na sli\u010dna natjecanja.<\/p>\n[\/threecol_one_last]\n<p>51.revija hrv.filmskog i videostvarala\u0161tva<br \/>\nSPAVA\u010c, animirani, \u0160AF \u010cakovec, \u010cakovec, 2&#8242; 45&#8221;<br \/>\nDok \u010dovjek drijema u fotelji, pred njim i oko njega odvijaju se nevjerojatne stvari.<br \/>\nNASILNIK, igrani, Blank_filmski inkubator, Zagreb, 5&#8242; 39<br \/>\nLo\u0161a sre\u0107a jednog peta\u0161a.<br \/>\nLAAA, animirani, Foto kino video klub Zapre\u0161i\u0107, Zapre\u0161i\u0107, 3&#8242; 26&#8221;<br \/>\nSvatko tra\u017ei sebi sli\u010dne, ali uz malo dobrog sluha lako je zaklju\u010diti kako je harmonija upravo u suglasju razli\u010ditosti.<br \/>\nSRE\u0106A U TAMI, dokumentarni, Osnovna \u0161kola Rude\u0161 (Filmska dru\u017eina Hoda\u010di po \u017eici), Zagreb, 12&#8242; 30&#8221;<br \/>\nPavao je osma\u0161. Uspje\u0161no izvr\u0161ava sve svoje obveze unato\u010d sljepo\u0107i od djetinjstva, te je vedre i vesele naravi&#8230;<br \/>\nPRIKAZE, igrani, Radionica u okviru ZFF-a, Zagreb, 4&#8242; 22&#8221;<br \/>\nJesu li prikaze uistinu samo prikaze?<\/p>\n<p>18.Filmska revija mlade\u017ei i 6. Four river film festival<br \/>\nOSJETILO LJUBAVI: RUKE<br \/>\nslobodni stil, 2013, 4&#8217;22&#8221;<br \/>\nDruga gimnazija Vara\u017edin, Vara\u017edin, Hrvatska<br \/>\nSjetno intonirani film u kojem je nizanje vizualnih vinjeta u spoju sa znakovnim jezikom postiglo optimum poruka. Tehni\u010dke nesavr\u0161enosti i pone\u0161to dociraju\u0107a glazba pritom dolaze u drugi plan, a njih je ve\u0107 u sljede\u0107em radu mogu\u0107e popraviti \u2013 rukama. Jer, kako se ka\u017ee u filmu, ruka je o\u0161trica uma. Osobito uma koji voli.<\/p>\n<p>FEATHER<br \/>\nanimirani, 2013, 1&#8217;45&#8221;<br \/>\nFilmsko-kreativni studio Vanima, Vara\u017edin, Hrvatska<br \/>\nMlada vara\u017edinska animatorica Karla Skok ve\u0107 se etablirala poeti\u010dnim filmovima u kojima se za njezine godine briljantno spajaju sjetna pri\u010da, eteri\u010dan crte\u017e mekih obrisa i bajkovito ozra\u010dje u kojem se sretan zavr\u0161etak ne podrazumijeva. Takav je i ovaj film koji potvr\u0111uje autori\u010din izniman dar.<\/p>\n<p>MONIKA<br \/>\ndokumentarni, 2012, 5&#8217;00&#8221;<br \/>\nLuksuz produkcija, Kr\u0161ko, Slovenija<br \/>\nZanimljiv dokumentarni film o djevoj\u010dici Moniki iz romske obitelji i o \u010dinjenici da njezinoj obitelji prijeti preseljenje iz sigurnosti vlastita doma \u0161to sa sobom nosi ozbiljne \u017eivotne promjene. Film o prihva\u0107anju i strahu od neprihva\u0107anja.<\/p>\n<p>BUTOYI<br \/>\nanimirani, 2013, 10&#8217;00&#8221;<br \/>\nKimplaire Dimitri, Belgija<br \/>\nSuperiorno animirana basna o polo\u017eaju djevoj\u010dica i \u017eena u Burundiju ostavlja bez daha u svom istan\u010danom prikazu \u017eivota naslovne junakinje Butoyi koja umjesto napretka kroz \u0161kolovanje do\u017eivi te\u0161ku traumu iz koje se nije nimalo lako izvu\u0107i. Dah svje\u017eine i kreativnosti iz Afrike.<\/p>\n<p>PRVACI<br \/>\ndokumentarni, 2012, 5&#8217;00&#8221;<br \/>\nKOOSPOT, Alberton, Ju\u017enoafri\u010dka republika<br \/>\nTko su pravi prvaci? Isklju\u010divo ljudi koji osvajaju najvi\u0161a odli\u010dja i ostvaruju najve\u0107e uspjehe u svojim karijerama ili ljudi koji posti\u017eu najvi\u0161e u onome \u0161to \u017eele i mogu? Ju\u017enoafri\u010dki dokumentarac donosi odgovor na ovu dvojbu predstavljaju\u0107i se jednim od najboljih uvoda na karlova\u010dkom Festivalu.<\/p>\n<p>C I C &#8211; FILM O LJUBAVI<br \/>\ndokumentarni, 2012, 4&#8217;55&#8221;<br \/>\nTvibit, Troms\u0159, Norve\u0161ka<br \/>\nJedno je &#8216;C&#8217; u naslovu filma za Camillu, drugo &#8216;C&#8217; za Charlotte, a &#038; za njih obje. Ljubavna veza u naoko najtolerantnijim sredinama na svijetu ne mo\u017ee bez govorkanja iza le\u0111a i predrasuda. Kako se one nose s time i \u0161to im je najva\u017enije u \u017eivotu, otkriva ova vi\u0161e nego uspjela filmska ispovjed koja nas podjednako informira i u\u010di.<\/p>\n<p>O SIRO\u010cETU<br \/>\nanimirani, 2012, 2&#8217;30&#8221;<br \/>\nFundacja Pogranicze, Sejny, Poljska<br \/>\nFilm nastao vje\u0161to realiziranom te uvijek zanimljivom tehnikom animacije u pijesku inspiriran je i popra\u0107en a capella izvedbom jedne sjetne narodne pjesme. \u010cesto se doga\u0111a da zaboravljamo koliko folklorni sadr\u017eaji mogu zapravo biti inspirativni, a o\u010digledno i prikladni, za prezentiranje filmskim jezikom.<\/p>\n[hr]\n[threecol_one]\n[\/threecol_one]\n[threecol_one]\nKIKI TABOR FESTIVAL<\/p>\n<p>Predstavljanje GOKUL Zabok \u2013 KIKI Tabor film festival (60&#8242;) \u2013 projekcije i razgovor<\/p>\n<p>http:\/\/www.vafi.hr\/en\/filmovi<\/p>\n[\/threecol_one]\n[threecol_one_last]\nKiki je me\u0111unarodni festival dje\u010djeg filma koji je nastao u sklopu Tabor Film Festivala.<br \/>\nU program uvr\u0161tavaju filmove koji su svojom kvalitetom, autorskim odmakom i inovativno\u0161\u0107u medija pristupili problemu o kojem govore.<br \/>\nPo\u010detkom svibnja Kiki \u0107e imati svoje 3. izdanje kada o\u010dekuju 2000 najmla\u0111ih gledatelja.<br \/>\nZa partnere iz Vinkovaca i DOrf priredili su program iz pro\u0161le godine zajedno s pobjedni\u010dkim filmom Nada .<br \/>\n[\/threecol_one_last]\n<p>KLOPS<br \/>\nDaniel Leyva, Bianca Meier \u2013 Njema\u010dka \u2013 2012 \u2013 1\u201936\u201d \u2013 animirani<br \/>\nOdlazak u kino je uvijek zabavan, ili?<br \/>\nKADA MA\u010cKE NEMA, MI\u0160EVI SE SKEJTAJU<br \/>\nToma\u017e Praunseis \u2013 Slovenija \u2013 2012 \u2013 2\u2032 \u2013 animirani<br \/>\nVideo ilustracija doga\u0111aja \u2013 kad ma\u010dke nema, mi\u0161evi kolo vode<br \/>\nRECIKLA\u017dA BERLIN<br \/>\nNikki Schuster \u2013 Austrija, Njema\u010dka &#8211; 2012 \u2013 6\u201910\u201d \u2013 animirani<br \/>\nSvaka metropola ima svoj karakteristi\u010dan zvuk ulice.<br \/>\nPOLOVNO<br \/>\nIsaac King \u2013 Kanada &#8211; 2011 \u2013 7\u201935\u201d \u2013 animirani<br \/>\nBiste li radije sa\u010duvali stvari ili vrijeme?<br \/>\nKATACHI BY SHUGO TOKUMARU<br \/>\nKijek Adamski \u2013 Poljska\/Japan \u2013 2013 \u2013 3\u2019 \u2013 animirani<br \/>\nKatachi zna\u010di oblik, a ovaj video je napravljen od 2000 silueta izra\u0111enih iz PVC-a.<br \/>\nNADA<br \/>\nMilen Vitanov \u2013 Njema\u010dka &#8211; 2012 \u2013 10\u2032 \u2013 animirani<br \/>\nKada se najbr\u017ei konj na svijetu pretvori u gubitnika i uz pomo\u0107 prijatelja ponovno prona\u0111e nadu i sebe.<br \/>\nMINA MI\u0160ICA<br \/>\nMirjam de With \u2013 Nizozemska\u2013 2011 \u2013 15\u2019 \u2013 igrani<br \/>\nMina obo\u017eava Minnie Mouse i zato svaki dan u \u0161kolu nosi svoje mi\u0161je u\u0161i. U\u010diteljica i majka je poku\u0161avaju prisiliti da se po\u010dne obla\u010diti kao ostala djeca.<br \/>\nERNESTO<br \/>\nCorinne Ladeinde \u2013 Velika Britanija &#8211; 2011 \u2013 7\u2032 \u2013 animirani<br \/>\nSedmogodi\u0161nji Ernesto se osje\u0107a izostavljenim jer on jo\u0161 uvijek ima sve mlije\u010dne zube. Zato \u0107e on poduzeti neke drasti\u010dne mjere, ali njegovi zubi imaju drugi plan.<\/p>\n[hr]\n[threecol_one]\n[\/threecol_one]\n[threecol_one]\nDOKUFEST<\/p>\n<p>EDIT Srednjo\u0161kolcima &#8211; DOKUFEST Prizren i Kaja \u0160i\u0161manovi\u0107<\/p>\n<p>http:\/\/dokufest.com\/2013\/projects\/school-and-documentary\/about\/<br \/>\n[\/threecol_one]\n[threecol_one_last]\nDOKUFEST je me\u0111unarodni festival dokumentarnih filmova iz Prizrena (Kosovo). Brojni projekti i suradnje sa regionalnim partnerima rezultirale su odli\u010dnim kratkim filmovima, nastalima na kreativnim radionicama. Predstavljamo festival i brojne programe suradnji koje provode, uz goste organizatore.<br \/>\n[\/threecol_one_last]\n[hr]\n<p>KAK JE DOMA?<br \/>\nRe\u017eija Kaja \u0160i\u0161manovi\u0107, 27&#8242; (2012)<br \/>\nNagra\u0111ivana pri\u010da o burnom razvodu dvoje ljudi iz perspektive njihove osamnaestogodi\u0161nje k\u0107eri. Film je nastao na projektu koju su vodili Slobodna Zona iz Beograda i Fade in iz Zagreba<\/p>\n<p>ISPIT<br \/>\nRe\u017eija Lulzim Zeqiri, 15 min (2012)<br \/>\nPotresna osobna pri\u010da mladog filma\u0161a \u010dija majka je 54-godi\u0161nja imigrantica koja mora pro\u0107i test znanja njema\u010dkog jezika. Slikar i video umjetnik Zeqiri snimio je hladnu i nezaboravnu Austriju kroz prozor svoje majke koja u\u010di strane fraze i rije\u010di.<\/p>\n<p>Prolje\u0107e u Ljetu<br \/>\nRe\u017eija: Edin Alija, Mila Radonjikj, Vanja Risti\u0107, 9 min (2013)<br \/>\nKratki film koji prikazuje trenutke kada se koristi \u010desma. Poeti\u010dna alegorija o ljudima, razlikama, vezama, sli\u010dnostima.<\/p>\n[hr]\n[threecol_one]\n[\/threecol_one]\n[threecol_one]\nEDIT COMICS<br \/>\n[\/threecol_one]\n[threecol_one_last]\nDvodnevna filmska i strip radionica u organizaciji Udruga RARE i STRIPOS odr\u017eati \u0107e se u O\u0160 Josipa Kozarca. Voditelji Nenad Barini\u0107, te Filip Me\u0161trovi\u0107 i Anton Papi\u0107 odr\u017eati \u0107e radionicu u kojoj \u0107e podu\u010diti 20 sudionika osnovama stripa i filmske umjetnosti. Tom prilikom \u0107e u \u0161koli biti otvorena izlo\u017eba stripova koju organizira Udruga STRIPOS iz Osijeka.<br \/>\n[\/threecol_one_last]\n","protected":false},"excerpt":{"rendered":"[threecol_one] [\/threecol_one] [threecol_one] ZAGONETNI DJE\u010cAK R: Drazen Zarkovic P:Hrvatska (2013) T:88&#8242; http:\/\/www.moj-film.hr\/film\/info\/zagonetni-djecak\/ [\/threecol_one] [threecol_one_last] Dje\u010dji igrani film Dra\u017eena \u017darkovi\u0107a, prema kultnom romanu Ivana Ku\u0161ana o do\u017eivljajima hrabrog i domi\u0161ljatog Ratka Mili\u0107a zvanog Koko. Zagonetni dje\u010dak pri\u010da je o \u010detrnaestogodni\u0161njacima koji uz domi\u0161ljatog i spretnog Koka rje\u0161avaju novu misteriju. Kokov prijatelj Tomo nedavno se doselio u [&#8230;]\n","protected":false},"author":1,"featured_media":0,"comment_status":"closed","ping_status":"closed","sticky":false,"template":"","format":"standard","meta":{"_monsterinsights_skip_tracking":false,"_monsterinsights_sitenote_active":false,"_monsterinsights_sitenote_note":"","_monsterinsights_sitenote_category":0,"_links_to":"","_links_to_target":""},"categories":[1],"tags":[],"aioseo_notices":[],"_links":{"self":[{"href":"https:\/\/filmfestivaldorf.com\/hr\/wp-json\/wp\/v2\/posts\/632"}],"collection":[{"href":"https:\/\/filmfestivaldorf.com\/hr\/wp-json\/wp\/v2\/posts"}],"about":[{"href":"https:\/\/filmfestivaldorf.com\/hr\/wp-json\/wp\/v2\/types\/post"}],"author":[{"embeddable":true,"href":"https:\/\/filmfestivaldorf.com\/hr\/wp-json\/wp\/v2\/users\/1"}],"replies":[{"embeddable":true,"href":"https:\/\/filmfestivaldorf.com\/hr\/wp-json\/wp\/v2\/comments?post=632"}],"version-history":[{"count":1,"href":"https:\/\/filmfestivaldorf.com\/hr\/wp-json\/wp\/v2\/posts\/632\/revisions"}],"predecessor-version":[{"id":633,"href":"https:\/\/filmfestivaldorf.com\/hr\/wp-json\/wp\/v2\/posts\/632\/revisions\/633"}],"wp:attachment":[{"href":"https:\/\/filmfestivaldorf.com\/hr\/wp-json\/wp\/v2\/media?parent=632"}],"wp:term":[{"taxonomy":"category","embeddable":true,"href":"https:\/\/filmfestivaldorf.com\/hr\/wp-json\/wp\/v2\/categories?post=632"},{"taxonomy":"post_tag","embeddable":true,"href":"https:\/\/filmfestivaldorf.com\/hr\/wp-json\/wp\/v2\/tags?post=632"}],"curies":[{"name":"wp","href":"https:\/\/api.w.org\/{rel}","templated":true}]}}