{"id":639,"date":"2014-05-23T08:00:02","date_gmt":"2014-05-23T08:00:02","guid":{"rendered":"https:\/\/filmfestivaldorf.com\/hr\/?p=639"},"modified":"2020-05-23T08:00:14","modified_gmt":"2020-05-23T08:00:14","slug":"dorf-info-2014","status":"publish","type":"post","link":"https:\/\/filmfestivaldorf.com\/hr\/2014\/05\/23\/dorf-info-2014\/","title":{"rendered":"DORF info 2014"},"content":{"rendered":"<p>DORF \u2013 Jedinstveni regionalni festival dokumentarnih glazbenih filmovaa<\/p>\n<p>Festival je projekt kojim je 2007. godine Udruga ljubitelja filma RARE zapo\u010dela povezivanje Vinkovaca i Vukovarsko-srijemske \u017eupanije sa ostalim regionalnim udrugama i projektima kojima je cilj povezivanje i razmjena kulturnih informacija.<\/p>\n<p>\u017danrovski definiran, oboga\u0107en brojnim raznovrsnim popratnim doga\u0111anjima (izlo\u017ebe slika, fotografija, plakata, radionice dokumentarnih filmova, promocije knjiga, koncerti, diskusije), vrlo brzo je postao prepoznatljiv u Hrvatskoj i susjednim dr\u017eavama. Omogu\u0107ena je prezentacija ovog zanimljivog filmskog \u017eanra, a pove\u0107ano medijsko pra\u0107enje produkcije daje podstrek i autorima i producentima da se iskoristi komercijalni i umjetni\u010dki potencijal \u017eanra.<\/p>\n<p>Objavljivanje pobjedni\u010dkog filma u video-distribuciji (Dolgcajt, 2007.), bogat festivalski \u017eivot filmova iz DORF radionica (Tri boje revolucije, r.Silvio Miro\u0161ni\u010denko 2008\/Crossovers, omnibus 5 pri\u010da, 2012), predstavljanje festivala u Be\u010du 2013. godine, u\u010dlanjivanje u svjetsku asocijaciju filmskih glazbenih festivala \u2013 AMUSIFF, te inozemna promocija regionalne dokumentarne produkcije pozicionirali su DORF na festivalske karte Evrope.<\/p>\n<p>DORF ON THE ROAD gostovanja u drugim gradovima (do sada ukupno 64) i zemljama (Srbija, Slovenija, BiH,\u010ce\u0161ka, Njema\u010dka, Makedonija, Austrija) imala su brojnu posje\u0107enost (ukupno cca.40.000 ljudi pogledalo je filmove prikazane zahvaljuju\u0107i DORFu) i zanimanje za ovu vrstu dokumentarne filmske umjetnosti je postalo sve ve\u0107e.<\/p>\n<p>Festival je sudjelovao u 3 projekta financirana sredstvima EU. S Festivalom evropskog filma Pali\u0107 i Otvorenim univerzitetom Subotica proveli smo projekt Crossovers, koji je 2012. financiran iz pretpristupnih fondova IPA \u2013prekograni\u010dna suradnja Hrvatska-Srbija.<br \/>\nS partnerom Cinema City iz Novog Sada sudjelovali smo 2013-2014 u provedbi projekta Film it Loud, financiranog iz IPA pretpristupnih fondova Prekograni\u010dna suradnja Hrvatska-Srbije, te 2012-2013 u provedbi projekta Fresh Danube Films, financiranog sredstvima European Cultural Foundation.<\/p>\n<p>Osmi po redu festival DORF odr\u017eao se 06-09\/03\/2014 u Vinkovcima.<\/p>\n","protected":false},"excerpt":{"rendered":"<p>DORF \u2013 Jedinstveni regionalni festival dokumentarnih glazbenih filmovaa Festival je projekt kojim je 2007. godine Udruga ljubitelja filma RARE zapo\u010dela povezivanje Vinkovaca i Vukovarsko-srijemske \u017eupanije sa ostalim regionalnim udrugama i projektima kojima je cilj povezivanje i razmjena kulturnih informacija. \u017danrovski definiran, oboga\u0107en brojnim raznovrsnim popratnim doga\u0111anjima (izlo\u017ebe slika, fotografija, plakata, radionice dokumentarnih filmova, promocije knjiga, [&#8230;]\n","protected":false},"author":1,"featured_media":0,"comment_status":"closed","ping_status":"closed","sticky":false,"template":"","format":"standard","meta":{"_monsterinsights_skip_tracking":false,"_monsterinsights_sitenote_active":false,"_monsterinsights_sitenote_note":"","_monsterinsights_sitenote_category":0,"_links_to":"","_links_to_target":""},"categories":[1],"tags":[],"aioseo_notices":[],"_links":{"self":[{"href":"https:\/\/filmfestivaldorf.com\/hr\/wp-json\/wp\/v2\/posts\/639"}],"collection":[{"href":"https:\/\/filmfestivaldorf.com\/hr\/wp-json\/wp\/v2\/posts"}],"about":[{"href":"https:\/\/filmfestivaldorf.com\/hr\/wp-json\/wp\/v2\/types\/post"}],"author":[{"embeddable":true,"href":"https:\/\/filmfestivaldorf.com\/hr\/wp-json\/wp\/v2\/users\/1"}],"replies":[{"embeddable":true,"href":"https:\/\/filmfestivaldorf.com\/hr\/wp-json\/wp\/v2\/comments?post=639"}],"version-history":[{"count":1,"href":"https:\/\/filmfestivaldorf.com\/hr\/wp-json\/wp\/v2\/posts\/639\/revisions"}],"predecessor-version":[{"id":640,"href":"https:\/\/filmfestivaldorf.com\/hr\/wp-json\/wp\/v2\/posts\/639\/revisions\/640"}],"wp:attachment":[{"href":"https:\/\/filmfestivaldorf.com\/hr\/wp-json\/wp\/v2\/media?parent=639"}],"wp:term":[{"taxonomy":"category","embeddable":true,"href":"https:\/\/filmfestivaldorf.com\/hr\/wp-json\/wp\/v2\/categories?post=639"},{"taxonomy":"post_tag","embeddable":true,"href":"https:\/\/filmfestivaldorf.com\/hr\/wp-json\/wp\/v2\/tags?post=639"}],"curies":[{"name":"wp","href":"https:\/\/api.w.org\/{rel}","templated":true}]}}