{"id":653,"date":"2014-08-23T08:06:54","date_gmt":"2014-08-23T08:06:54","guid":{"rendered":"https:\/\/filmfestivaldorf.com\/hr\/?p=653"},"modified":"2020-05-23T08:07:41","modified_gmt":"2020-05-23T08:07:41","slug":"dorf-osijek-2016","status":"publish","type":"post","link":"https:\/\/filmfestivaldorf.com\/hr\/2014\/08\/23\/dorf-osijek-2016\/","title":{"rendered":"DORF OSIJEK 2016"},"content":{"rendered":"<p>OSIJEK<br \/>\n22.9.2016.<br \/>\nFestival je projekt kojim je Udruga ljubitelja filma RARE 2007. godine zapo\u010dela povezivanje Vinkovaca i Vukovarsko-srijemske \u017eupanije sa ostalim regionalnim udrugama i projektima kojima je cilj povezivanje i razmjena kulturnih informacija.<\/p>\n<p>\u017danrovski definiran, oboga\u0107en brojnim popratnim doga\u0111anjima (izlo\u017ebe slika, fotografija, plakata, radionice dokumentarnih filmova, promocije knjiga, koncerti), vrlo brzo je postao prepoznatljiv u Hrvatskoj i susjednim dr\u017eavama. Omogu\u0107ena je prezentacija ovog zanimljivog \u017eanra, pove\u0107ano medijsko pra\u0107enje produkcije daje podstrek i autorima i producentima da se iskoristi komercijalni i umjetni\u010dki potencijal \u017eanra.<\/p>\n<p>Objavljivanje pobjedni\u010dkog filma u video-distribuciji (Dolgcajt, 2007.), bogat festivalski \u017eivot filmvaa iz DORF radionica (Tri boje revolucije, r.Silvio Miro\u0161ni\u010denko 2008\/Hip-hop u Vinkovcima, Crossovers), te inozemna promocija regionalne dokumentarne produkcije pozicionirali su DORF na festivalske karte Evrope.<\/p>\n<p>Gostovanja u drugim gradovima (ukupno 81) i zemljama (Srbija, Slovenija, BiH,Austrija, Njema\u010dka, Makedonija) imala su brojnu posje\u0107enost (ukupno cca.42.000 ljudi pogledalo je filmove prikazane na DORFu) i zanimanje za ovu vrstu dokumentarne filmske umjetnosti je postalo sve ve\u0107e.<\/p>\n<p>CAFFE BAR PEPPERMINT<br \/>\n22.9.2016.<\/p>\n<p>SUDAR U DVORCU, 36\u2032<\/p>\n<p>R: Arsen Oremovi\u0107 (Hrvatska)<\/p>\n<p>P: Interfilm\/Karpo Media (2014)<\/p>\n<p>Film o snimanju albuma Mateja Me\u0161trovi\u0107a i ansambla Sudar Percussion u dvorcu Sv. Kri\u017e Za\u010dretje. Dok snimaju album u dvorcu, Matej i bend svojom razigranom i za\u010dudnom glazbom stvaraju prikladan soundtrack za neobi\u010dnu pri\u010du vlasnice rasko\u0161nog dvorca. Pri\u010da je to o glazbi, ali i o apsurdima i zanemarivanju kulturne ba\u0161tine, o pogre\u0161nim osobnim odlukama\u2026Film je osvojio posebno priznanje \u017eirija na DORF 2015.<\/p>\n<p>SAV TAJ JAZZ<\/p>\n<p>T: 35\u2032<\/p>\n<p>R:Robert Lisjak, Hrvatska<\/p>\n<p>P:Centar za kulturu \u010cakovec (2015)<\/p>\n<p>Prvi film na DORFu iz Me\u0111imurja je kratka povijest jazza u toj regiji i kroz dokumentiranu pri\u010du o Jazz Fair festivalu, koji se ve\u0107 20 godina odr\u017eava u \u010cakovcu. Brojni arhivski snimci i anegdote prilika su da upoznate bolje agilnu i duboko posve\u0107enu ekipu koja \u017eivi jazz svaki dan.<\/p>\n<p>NE PADAM NA KOLJENO (Ne grem na koleno)<\/p>\n<p>T: 51\u2032<\/p>\n<p>R:Du\u0161an Moravec i Miha \u0160alehar, Slovenija<\/p>\n<p>P: TV Slovenija (2015)<\/p>\n<p>Upoznajte slovensku popularnu glazbu. Film u kojem ne\u0107ete vidjeti ni \u010duti ni\u0161ta novo, ali \u0107ete upoznati lakoglazbeni \u017eanr iz susjedne dr\u017eave koji uspijeva \u017eivjeti bez subvencija, medija i reklame. Saznajte \u0161to imaju zajedni\u010dko dobrovoljni vatrogasci, soft erotika, Dalmacija, Johnny Cash i Jo\u017ee Potrebuje\u0161. Film je dobitnik nagrade \u017eirija za Najbolji regionalni film 10.DORFa!<\/p>\n<p>23.9<\/p>\n<p>LIMUNOVO DRVO<\/p>\n<p>T: 70\u2032<\/p>\n<p>R:Branko Radakovi\u0107, Srbija<\/p>\n<p>P: Branko Radakovi\u0107 (2015)<\/p>\n<p>Pri\u010da o kultnoj grupi \u201dLimunovo drvo\u201d koju su u Beogradu 1977. godine osnovali Milan Mladenovi\u0107, Milan Stefanovi\u0107 i Dragomir Mihailovi\u0107, a koja se raspala 1980. godine. Iako nisu objavili nijedan album, kroz svjedo\u010danstva brojnih poznatih novinara i glazbenika autor daje odgovor zbog \u010dega je \u201dLimunovo drvo\u201d jedan od najva\u017enijih srpskih bendova, ikad. Posebna poslastica su raritetni audio snimci sa njihova dva koncerta.<\/p>\n<p>WOODEN AMBULANCE BIKE TOUR 2013<\/p>\n<p>T: 28\u2032<\/p>\n<p>R:Andrea Kova\u010devi\u0107, Srbija<\/p>\n<p>P: Goran Grubi\u0161i\u0107 (2015)<\/p>\n<p>\u201cZa14 dana tokom kraja ljeta 2013. Wooden Ambulance duo (Goran i Rudi) ponovo na svojim biciklima, opremljeni akusti\u010dnom gitarom, perkusijama, skromnim biciklisti\u010dkim umije\u0107em kao i sa svojim diletantskim muziciranjem i pjevanjem ovaj put poku\u0161ali su osvojiti neke malo sjevernije krajeve\u2026 (Vojvodina, Slavonija, Hungary \u2013 14 days \u2013 11 cities \u2013 15 concerts \u2013 1000km)\u201d. Na\u0161i dragi prijatelji iz Subotice dolaze na DORF s drugim lo-fi dnevnikom sa svojih biciklisti\u010dkih turneja, donose dobre emocije i u\u017eitak u glazbi i \u017eivotu, na najbolji na\u010din.<\/p>\n<p>24.9.<\/p>\n<p>SALAD DAYS \u2013 A DECADE OF PUNK IN WASHINGTON D.C.<\/p>\n<p>T:102\u2032<\/p>\n<p>R:Scott Crawford (SAD)<\/p>\n<p>P: New Rose Films (2014)<\/p>\n<blockquote class=\"wp-embedded-content\" data-secret=\"rRCbgmRdBU\"><p><a href=\"http:\/\/saladdaysdc.com\/\">SALAD DAYS: A Decade of Punk in Washington, DC (1980-90)<\/a><\/p><\/blockquote>\n<p><iframe title=\"&#8220;SALAD DAYS: A Decade of Punk in Washington, DC (1980-90)&#8221; &#8212; Salad Days\" class=\"wp-embedded-content\" sandbox=\"allow-scripts\" security=\"restricted\" style=\"position: absolute; clip: rect(1px, 1px, 1px, 1px);\" src=\"http:\/\/saladdaysdc.com\/embed\/#?secret=rRCbgmRdBU\" data-secret=\"rRCbgmRdBU\" width=\"600\" height=\"338\" frameborder=\"0\" marginwidth=\"0\" marginheight=\"0\" scrolling=\"no\"><\/iframe><\/p>\n<p><iframe loading=\"lazy\" title=\"Salad Days Official Trailer\" width=\"1020\" height=\"574\" src=\"https:\/\/www.youtube.com\/embed\/lF3uSPyrQyQ?feature=oembed\" frameborder=\"0\" allow=\"accelerometer; autoplay; encrypted-media; gyroscope; picture-in-picture\" allowfullscreen><\/iframe><\/p>\n<p>Gledali smo film pro\u0161le jeseni u Zagrebu (i pri\u010dali o njemu), poslije je prikazan i u Rijeci. Na Superuho festival se uklapa savr\u0161eno i pozivamo sve na fascinantan prikaz iznimno va\u017ene Washington HC scene, uzbudljivih ranih dana DIY dekade, uz Bad Brains, Minor Threat, Government Issue, Scream, Fugazi, Rites Of Spring\u2026Zabavan i duhovit, uz puno arhivskih snimaka i autorske (insajderske) posvete vremenu u kojem je po\u010delo puno toga i vrijednostima u koje vjerujemo, glede i unato\u010d svemu.<\/p>\n","protected":false},"excerpt":{"rendered":"<p>OSIJEK 22.9.2016. Festival je projekt kojim je Udruga ljubitelja filma RARE 2007. godine zapo\u010dela povezivanje Vinkovaca i Vukovarsko-srijemske \u017eupanije sa ostalim regionalnim udrugama i projektima kojima je cilj povezivanje i razmjena kulturnih informacija. \u017danrovski definiran, oboga\u0107en brojnim popratnim doga\u0111anjima (izlo\u017ebe slika, fotografija, plakata, radionice dokumentarnih filmova, promocije knjiga, koncerti), vrlo brzo je postao prepoznatljiv u [&#8230;]\n","protected":false},"author":1,"featured_media":0,"comment_status":"closed","ping_status":"closed","sticky":false,"template":"","format":"standard","meta":{"_monsterinsights_skip_tracking":false,"_monsterinsights_sitenote_active":false,"_monsterinsights_sitenote_note":"","_monsterinsights_sitenote_category":0,"_links_to":"","_links_to_target":""},"categories":[1],"tags":[],"aioseo_notices":[],"_links":{"self":[{"href":"https:\/\/filmfestivaldorf.com\/hr\/wp-json\/wp\/v2\/posts\/653"}],"collection":[{"href":"https:\/\/filmfestivaldorf.com\/hr\/wp-json\/wp\/v2\/posts"}],"about":[{"href":"https:\/\/filmfestivaldorf.com\/hr\/wp-json\/wp\/v2\/types\/post"}],"author":[{"embeddable":true,"href":"https:\/\/filmfestivaldorf.com\/hr\/wp-json\/wp\/v2\/users\/1"}],"replies":[{"embeddable":true,"href":"https:\/\/filmfestivaldorf.com\/hr\/wp-json\/wp\/v2\/comments?post=653"}],"version-history":[{"count":3,"href":"https:\/\/filmfestivaldorf.com\/hr\/wp-json\/wp\/v2\/posts\/653\/revisions"}],"predecessor-version":[{"id":656,"href":"https:\/\/filmfestivaldorf.com\/hr\/wp-json\/wp\/v2\/posts\/653\/revisions\/656"}],"wp:attachment":[{"href":"https:\/\/filmfestivaldorf.com\/hr\/wp-json\/wp\/v2\/media?parent=653"}],"wp:term":[{"taxonomy":"category","embeddable":true,"href":"https:\/\/filmfestivaldorf.com\/hr\/wp-json\/wp\/v2\/categories?post=653"},{"taxonomy":"post_tag","embeddable":true,"href":"https:\/\/filmfestivaldorf.com\/hr\/wp-json\/wp\/v2\/tags?post=653"}],"curies":[{"name":"wp","href":"https:\/\/api.w.org\/{rel}","templated":true}]}}