{"id":672,"date":"2012-05-23T08:14:49","date_gmt":"2012-05-23T08:14:49","guid":{"rendered":"https:\/\/filmfestivaldorf.com\/hr\/?p=672"},"modified":"2020-05-23T08:15:16","modified_gmt":"2020-05-23T08:15:16","slug":"projekti-ipa","status":"publish","type":"post","link":"https:\/\/filmfestivaldorf.com\/hr\/2012\/05\/23\/projekti-ipa\/","title":{"rendered":"Projekti IPA"},"content":{"rendered":"<p>&nbsp;<\/p>\n<p>&nbsp;<\/p>\n<p><strong>FILM IT LouD<\/strong><\/p>\n<p>Nositelj projekta &#8211; Cinema City (Novi Sad), partner &#8211; Udruga ljubitelja filma RARE Vinkovci<\/p>\n<p>Projekt traje 12 mjeseci, sadr\u017eava brojne aktivnosti koje \u0107e se odr\u017eavati na svakom od festivala ali i poslije njih.<\/p>\n<p align=\"justify\">Kroz brojne radionice vo\u0111ene iskusnim profesionalcima, masterclass predavanja i prakti\u010dan rad &#8211; film posve\u0107en jednom muzi\u010dkom spektaklu, grupa odabranih mladih filmskih autora iz Srbije i Hrvatske, dobiti \u0107e priliku dokazati svoj talent i produbiti znanje i iskustvo zajedni\u010dkog rada.<\/p>\n<p align=\"justify\">Posjetitelji oba festivala, pri tome, dobiti \u0107e priliku da u\u017eivaju u \u201e<b>Film It LouD<\/b>\u201c filmskim selekcijama, kao i da bolje upoznaju srpsku i hrvatsku glazbenu scenu.<\/p>\n<p>\u201e<b>Film It LouD<\/b>\u201c je osmi\u0161ljen tako da otvori nove mogu\u0107nosti mladima iz svijeta filma i glazbe, da pove\u017ee dvije vrlo zanimljive filmske i glazbene scene, stvaraju\u0107i nove koprodukcijske i kreativne mogu\u0107nosti.<\/p>\n<p>Projekt je financiran sredstvima EU iz pretpristupnih IPA fondova Prekograni\u010dna suradnja Hrvatska-Srbija.<\/p>\n<p style=\"text-align: center;\">\n","protected":false},"excerpt":{"rendered":"<p>&nbsp; &nbsp; FILM IT LouD Nositelj projekta &#8211; Cinema City (Novi Sad), partner &#8211; Udruga ljubitelja filma RARE Vinkovci Projekt traje 12 mjeseci, sadr\u017eava brojne aktivnosti koje \u0107e se odr\u017eavati na svakom od festivala ali i poslije njih. Kroz brojne radionice vo\u0111ene iskusnim profesionalcima, masterclass predavanja i prakti\u010dan rad &#8211; film posve\u0107en jednom muzi\u010dkom spektaklu, [&#8230;]\n","protected":false},"author":1,"featured_media":0,"comment_status":"closed","ping_status":"closed","sticky":false,"template":"","format":"standard","meta":{"_monsterinsights_skip_tracking":false,"_monsterinsights_sitenote_active":false,"_monsterinsights_sitenote_note":"","_monsterinsights_sitenote_category":0,"_links_to":"","_links_to_target":""},"categories":[1],"tags":[],"aioseo_notices":[],"_links":{"self":[{"href":"https:\/\/filmfestivaldorf.com\/hr\/wp-json\/wp\/v2\/posts\/672"}],"collection":[{"href":"https:\/\/filmfestivaldorf.com\/hr\/wp-json\/wp\/v2\/posts"}],"about":[{"href":"https:\/\/filmfestivaldorf.com\/hr\/wp-json\/wp\/v2\/types\/post"}],"author":[{"embeddable":true,"href":"https:\/\/filmfestivaldorf.com\/hr\/wp-json\/wp\/v2\/users\/1"}],"replies":[{"embeddable":true,"href":"https:\/\/filmfestivaldorf.com\/hr\/wp-json\/wp\/v2\/comments?post=672"}],"version-history":[{"count":2,"href":"https:\/\/filmfestivaldorf.com\/hr\/wp-json\/wp\/v2\/posts\/672\/revisions"}],"predecessor-version":[{"id":674,"href":"https:\/\/filmfestivaldorf.com\/hr\/wp-json\/wp\/v2\/posts\/672\/revisions\/674"}],"wp:attachment":[{"href":"https:\/\/filmfestivaldorf.com\/hr\/wp-json\/wp\/v2\/media?parent=672"}],"wp:term":[{"taxonomy":"category","embeddable":true,"href":"https:\/\/filmfestivaldorf.com\/hr\/wp-json\/wp\/v2\/categories?post=672"},{"taxonomy":"post_tag","embeddable":true,"href":"https:\/\/filmfestivaldorf.com\/hr\/wp-json\/wp\/v2\/tags?post=672"}],"curies":[{"name":"wp","href":"https:\/\/api.w.org\/{rel}","templated":true}]}}