{"id":678,"date":"2014-05-23T08:16:08","date_gmt":"2014-05-23T08:16:08","guid":{"rendered":"https:\/\/filmfestivaldorf.com\/hr\/?p=678"},"modified":"2020-05-23T08:16:22","modified_gmt":"2020-05-23T08:16:22","slug":"projekti-rare-hr","status":"publish","type":"post","link":"https:\/\/filmfestivaldorf.com\/hr\/2014\/05\/23\/projekti-rare-hr\/","title":{"rendered":"PROJEKTI RARE &#8211; HR"},"content":{"rendered":"<p><strong><span style=\"text-decoration: underline;\">Provedeni HR projekti<\/span><\/strong><\/p>\n<p>&#8211; &#8220;EDIT &#8211; Internet TV&#8221; \/ Ministarstvo znanosti, obrazovanja i sporta RH (partner O\u0160 Nikole Tesle Mirkovci)\/01.12.2012.-31.05.2013.<\/p>\n<p>&#8211; \u00a0&#8220;EDIT &#8211; C.O.M.I.C.S.&#8221;\/Ministarstvo znanosti, obrazovanja i sporta RH (partner udruga STRIPOS Osijek)\/23.12.2013-31.05.2014.<\/p>\n<p>&#8211; &#8220;EDIT &#8211; Sport&#8221; \/\u00a0Ministarstvo znanosti, obrazovanja i sporta RH\/28.01.2015-31.07.2015.<\/p>\n<p>&#8211; &#8220;Anti\u010dke filmske ve\u010deri&#8221; \/HAVC (partner Gradski muzej Vinkovci i udruga Kinofon iz Zagreba)\/14.7.2013-23.7.2014 &#8211; 16.7.2015.<\/p>\n<p>&#8211; &#8220;Filmski utorak u Centru znanja Vinkovci&#8221; \/ HAVC \/ 1.1.-31.12.2015.<\/p>\n<p>-&#8220;Dani Profesora Baltazara u Vinkovcima&#8221; \/ (Partner Dru\u0161tvo na\u0161a djeca Vinkovci) \/ 2013-2014-2015<\/p>\n<p>&#8211; &#8220;EDIT &#8211; COMICS&#8221;\/Zaklada Kultura nova (partneri &#8211; ACT \u010cakovec, VANIMA Vara\u017edin, Kinofon Zagreb, PU\u017d Slavonski Brod, GOKUL Zabok, STRIPOS Osijek)\/ 01.01.-31.12.2014.<\/p>\n<p><span style=\"text-decoration: underline;\"><strong>U provedbi<\/strong><\/span><\/p>\n<p>-&#8220;EDIT &#8211; COMICS&#8221;\/Zaklada Kultura nova (partneri &#8211; VANIMA Vara\u017edin, UO ANIMA Zagreb, PU\u017d Slavonski Brod, GOKUL Zabok, MAMUZE Koprivnica, EKS Hrvatska Kostajnica, JU Ivanina ku\u0107a bajki Ogulin)\/ 01.01.-31.12.2015.<\/p>\n<p>-&#8220;EDIT &#8211; Fizika&#8221; \/\u00a0Ministarstvo znanosti, obrazovanja i sporta RH\/01.12.2015-30.06.2016.<\/p>\n","protected":false},"excerpt":{"rendered":"<p>Provedeni HR projekti &#8211; &#8220;EDIT &#8211; Internet TV&#8221; \/ Ministarstvo znanosti, obrazovanja i sporta RH (partner O\u0160 Nikole Tesle Mirkovci)\/01.12.2012.-31.05.2013. &#8211; \u00a0&#8220;EDIT &#8211; C.O.M.I.C.S.&#8221;\/Ministarstvo znanosti, obrazovanja i sporta RH (partner udruga STRIPOS Osijek)\/23.12.2013-31.05.2014. &#8211; &#8220;EDIT &#8211; Sport&#8221; \/\u00a0Ministarstvo znanosti, obrazovanja i sporta RH\/28.01.2015-31.07.2015. &#8211; &#8220;Anti\u010dke filmske ve\u010deri&#8221; \/HAVC (partner Gradski muzej Vinkovci i udruga Kinofon [&#8230;]\n","protected":false},"author":1,"featured_media":0,"comment_status":"closed","ping_status":"closed","sticky":false,"template":"","format":"standard","meta":{"_monsterinsights_skip_tracking":false,"_monsterinsights_sitenote_active":false,"_monsterinsights_sitenote_note":"","_monsterinsights_sitenote_category":0,"_links_to":"","_links_to_target":""},"categories":[1],"tags":[],"aioseo_notices":[],"_links":{"self":[{"href":"https:\/\/filmfestivaldorf.com\/hr\/wp-json\/wp\/v2\/posts\/678"}],"collection":[{"href":"https:\/\/filmfestivaldorf.com\/hr\/wp-json\/wp\/v2\/posts"}],"about":[{"href":"https:\/\/filmfestivaldorf.com\/hr\/wp-json\/wp\/v2\/types\/post"}],"author":[{"embeddable":true,"href":"https:\/\/filmfestivaldorf.com\/hr\/wp-json\/wp\/v2\/users\/1"}],"replies":[{"embeddable":true,"href":"https:\/\/filmfestivaldorf.com\/hr\/wp-json\/wp\/v2\/comments?post=678"}],"version-history":[{"count":1,"href":"https:\/\/filmfestivaldorf.com\/hr\/wp-json\/wp\/v2\/posts\/678\/revisions"}],"predecessor-version":[{"id":679,"href":"https:\/\/filmfestivaldorf.com\/hr\/wp-json\/wp\/v2\/posts\/678\/revisions\/679"}],"wp:attachment":[{"href":"https:\/\/filmfestivaldorf.com\/hr\/wp-json\/wp\/v2\/media?parent=678"}],"wp:term":[{"taxonomy":"category","embeddable":true,"href":"https:\/\/filmfestivaldorf.com\/hr\/wp-json\/wp\/v2\/categories?post=678"},{"taxonomy":"post_tag","embeddable":true,"href":"https:\/\/filmfestivaldorf.com\/hr\/wp-json\/wp\/v2\/tags?post=678"}],"curies":[{"name":"wp","href":"https:\/\/api.w.org\/{rel}","templated":true}]}}