{"id":683,"date":"2016-07-23T08:17:15","date_gmt":"2016-07-23T08:17:15","guid":{"rendered":"https:\/\/filmfestivaldorf.com\/hr\/?p=683"},"modified":"2020-05-23T08:17:52","modified_gmt":"2020-05-23T08:17:52","slug":"promocija-knjige-brod-u-boci","status":"publish","type":"post","link":"https:\/\/filmfestivaldorf.com\/hr\/2016\/07\/23\/promocija-knjige-brod-u-boci\/","title":{"rendered":"Promocija knjige \u201eBrod u boci\u201c"},"content":{"rendered":"<div class=\"vc_row wpb_row vc_row-fluid container\" data-skin=\"light\">\n<div class=\"polar-row\">\n<div class=\"wpb_column vc_column_container vc_col-sm-12 polar-border-box\">\n<div class=\"wpb_wrapper\">\n<div class=\"polar_section_header aligncenter polar-content-element polar_section_header_15902218613\">\n<h2 class=\"title uppercase\"><\/h2>\n<div class=\"polar_separator aligncenter polar-style-solid polar-content-element polar_separator_15902218614\">\n<hr class=\"polar-primary-color-border-color\" \/>\n<\/div>\n<\/div>\n<\/div>\n<\/div>\n<\/div>\n<\/div>\n<div class=\"vc_row wpb_row vc_row-fluid container\" data-skin=\"light\">\n<div class=\"polar-row\">\n<div class=\"wpb_column vc_column_container vc_col-sm-6 polar-border-box\">\n<div class=\"wpb_wrapper\">\n<div class=\"polar_image center polar-content-element\">\n<div class=\"polar-image-wrap\"><img class=\"single-image\" title=\"Brod-u-boci-Arsen-Dedic-1\" src=\"https:\/\/filmfestivaldorf.com\/hrv\/wp-content\/uploads\/2016\/08\/Brod-u-boci-Arsen-Dedic-1.jpg\" alt=\"Brod-u-boci-Arsen-Dedic-1\" \/><\/div>\n<\/div>\n<\/div>\n<\/div>\n<div class=\"wpb_column vc_column_container vc_col-sm-6 polar-border-box\">\n<div class=\"wpb_wrapper\">\n<div class=\"polar_column_text polar-content-element\">\n<p>Kultna prva zbirka pjesama i \u0161ansona Arsena Dedi\u0107a objavljena je 1971. godine i\u00a0 do\u017eivjela je 8 izdanja\u2026Nije ju bilo mogu\u0107e nabaviti sve do ove godine i izdanja Rock Portala, koje predstavljamo. Ina\u010de, Arsen je bio gost na DORF festivalu 2009.godine i rado se sje\u0107amo tog dru\u017eenja i nastupa u Vinkovcima.<\/p>\n<\/div>\n<\/div>\n<\/div>\n<\/div>\n<\/div>\n","protected":false},"excerpt":{"rendered":"<p>Kultna prva zbirka pjesama i \u0161ansona Arsena Dedi\u0107a objavljena je 1971. godine i\u00a0 do\u017eivjela je 8 izdanja\u2026Nije ju bilo mogu\u0107e nabaviti sve do ove godine i izdanja Rock Portala, koje predstavljamo. Ina\u010de, Arsen je bio gost na DORF festivalu 2009.godine i rado se sje\u0107amo tog dru\u017eenja i nastupa u Vinkovcima.<\/p>\n","protected":false},"author":1,"featured_media":0,"comment_status":"closed","ping_status":"closed","sticky":false,"template":"","format":"standard","meta":{"_monsterinsights_skip_tracking":false,"_monsterinsights_sitenote_active":false,"_monsterinsights_sitenote_note":"","_monsterinsights_sitenote_category":0,"_links_to":"","_links_to_target":""},"categories":[1],"tags":[],"aioseo_notices":[],"_links":{"self":[{"href":"https:\/\/filmfestivaldorf.com\/hr\/wp-json\/wp\/v2\/posts\/683"}],"collection":[{"href":"https:\/\/filmfestivaldorf.com\/hr\/wp-json\/wp\/v2\/posts"}],"about":[{"href":"https:\/\/filmfestivaldorf.com\/hr\/wp-json\/wp\/v2\/types\/post"}],"author":[{"embeddable":true,"href":"https:\/\/filmfestivaldorf.com\/hr\/wp-json\/wp\/v2\/users\/1"}],"replies":[{"embeddable":true,"href":"https:\/\/filmfestivaldorf.com\/hr\/wp-json\/wp\/v2\/comments?post=683"}],"version-history":[{"count":2,"href":"https:\/\/filmfestivaldorf.com\/hr\/wp-json\/wp\/v2\/posts\/683\/revisions"}],"predecessor-version":[{"id":685,"href":"https:\/\/filmfestivaldorf.com\/hr\/wp-json\/wp\/v2\/posts\/683\/revisions\/685"}],"wp:attachment":[{"href":"https:\/\/filmfestivaldorf.com\/hr\/wp-json\/wp\/v2\/media?parent=683"}],"wp:term":[{"taxonomy":"category","embeddable":true,"href":"https:\/\/filmfestivaldorf.com\/hr\/wp-json\/wp\/v2\/categories?post=683"},{"taxonomy":"post_tag","embeddable":true,"href":"https:\/\/filmfestivaldorf.com\/hr\/wp-json\/wp\/v2\/tags?post=683"}],"curies":[{"name":"wp","href":"https:\/\/api.w.org\/{rel}","templated":true}]}}