{"id":688,"date":"2016-05-23T08:18:54","date_gmt":"2016-05-23T08:18:54","guid":{"rendered":"https:\/\/filmfestivaldorf.com\/hr\/?p=688"},"modified":"2020-05-23T08:19:27","modified_gmt":"2020-05-23T08:19:27","slug":"radionica-radijskog-jinglea","status":"publish","type":"post","link":"https:\/\/filmfestivaldorf.com\/hr\/2016\/05\/23\/radionica-radijskog-jinglea\/","title":{"rendered":"Radionica radijskog jinglea"},"content":{"rendered":"<div class=\"vc_row wpb_row vc_row-fluid container\" data-skin=\"light\">\n<div class=\"polar-row\">\n<div class=\"wpb_column vc_column_container vc_col-sm-12 polar-border-box\">\n<div class=\"wpb_wrapper\">\n<div class=\"polar_section_header aligncenter polar-content-element polar_section_header_15902219533\">\n<h4 class=\"subtitle polar-above polar-primary-color uppercase\">PREDSTAVLJAMO TEHNO OZ<\/h4>\n<h2 class=\"title uppercase\">RADIONICA RADIJSKOG JINGLEA<\/h2>\n<div class=\"polar_separator aligncenter polar-style-solid polar-content-element polar_separator_15902219534\">\n<hr class=\"polar-primary-color-border-color\" \/>\n<\/div>\n<\/div>\n<\/div>\n<\/div>\n<\/div>\n<\/div>\n<div class=\"vc_row wpb_row vc_row-fluid container\" data-skin=\"light\">\n<div class=\"polar-row\">\n<div class=\"wpb_column vc_column_container vc_col-sm-6 polar-border-box\">\n<div class=\"wpb_wrapper\">\n<div class=\"polar_image center polar-content-element\">\n<div class=\"polar-image-wrap\"><img class=\"single-image\" title=\"tehno\" src=\"https:\/\/filmfestivaldorf.com\/hrv\/wp-content\/uploads\/2016\/08\/tehno.jpg\" alt=\"tehno\" \/><\/div>\n<\/div>\n<\/div>\n<\/div>\n<div class=\"wpb_column vc_column_container vc_col-sm-6 polar-border-box\">\n<div class=\"wpb_wrapper\">\n<div class=\"polar_column_text polar-content-element\">\n<p>Agilna ekipa okupljena oko u\u010ditelja informatike Predraga Matka i ekipe iz Radio kluba Ozalj je u nekoliko godina pokazala kako je mogu\u0107e odr\u017eavati korak sa 21.stolje\u0107em i raditi odli\u010dne projekte, bez obzira na ote\u017eavaju\u0107e okolnosti. Mladi roboti\u010dari osvajaju va\u017ene dr\u017eavne nagrade, \u0161kolski internet radio \u201eSlavin glas\u201c je za razvoj medijske kulture mladih od ogromne va\u017enosti. Prije projekcije filma o WFMU radiju, upoznajte cool ekipu i njihove aktivnosti, pridru\u017eite im se kasnije na radionici radijskog jinglea i zabavite dok u\u010dite.<\/p>\n<\/div>\n<\/div>\n<\/div>\n<\/div>\n<\/div>\n","protected":false},"excerpt":{"rendered":"<p>PREDSTAVLJAMO TEHNO OZ RADIONICA RADIJSKOG JINGLEA Agilna ekipa okupljena oko u\u010ditelja informatike Predraga Matka i ekipe iz Radio kluba Ozalj je u nekoliko godina pokazala kako je mogu\u0107e odr\u017eavati korak sa 21.stolje\u0107em i raditi odli\u010dne projekte, bez obzira na ote\u017eavaju\u0107e okolnosti. Mladi roboti\u010dari osvajaju va\u017ene dr\u017eavne nagrade, \u0161kolski internet radio \u201eSlavin glas\u201c je za razvoj [&#8230;]\n","protected":false},"author":1,"featured_media":0,"comment_status":"closed","ping_status":"closed","sticky":false,"template":"","format":"standard","meta":{"_monsterinsights_skip_tracking":false,"_monsterinsights_sitenote_active":false,"_monsterinsights_sitenote_note":"","_monsterinsights_sitenote_category":0,"_links_to":"","_links_to_target":""},"categories":[1],"tags":[],"aioseo_notices":[],"_links":{"self":[{"href":"https:\/\/filmfestivaldorf.com\/hr\/wp-json\/wp\/v2\/posts\/688"}],"collection":[{"href":"https:\/\/filmfestivaldorf.com\/hr\/wp-json\/wp\/v2\/posts"}],"about":[{"href":"https:\/\/filmfestivaldorf.com\/hr\/wp-json\/wp\/v2\/types\/post"}],"author":[{"embeddable":true,"href":"https:\/\/filmfestivaldorf.com\/hr\/wp-json\/wp\/v2\/users\/1"}],"replies":[{"embeddable":true,"href":"https:\/\/filmfestivaldorf.com\/hr\/wp-json\/wp\/v2\/comments?post=688"}],"version-history":[{"count":1,"href":"https:\/\/filmfestivaldorf.com\/hr\/wp-json\/wp\/v2\/posts\/688\/revisions"}],"predecessor-version":[{"id":689,"href":"https:\/\/filmfestivaldorf.com\/hr\/wp-json\/wp\/v2\/posts\/688\/revisions\/689"}],"wp:attachment":[{"href":"https:\/\/filmfestivaldorf.com\/hr\/wp-json\/wp\/v2\/media?parent=688"}],"wp:term":[{"taxonomy":"category","embeddable":true,"href":"https:\/\/filmfestivaldorf.com\/hr\/wp-json\/wp\/v2\/categories?post=688"},{"taxonomy":"post_tag","embeddable":true,"href":"https:\/\/filmfestivaldorf.com\/hr\/wp-json\/wp\/v2\/tags?post=688"}],"curies":[{"name":"wp","href":"https:\/\/api.w.org\/{rel}","templated":true}]}}