{"id":699,"date":"2016-08-01T08:22:20","date_gmt":"2016-08-01T08:22:20","guid":{"rendered":"https:\/\/filmfestivaldorf.com\/hr\/?p=699"},"modified":"2020-05-23T08:22:53","modified_gmt":"2020-05-23T08:22:53","slug":"strip-radionica-ozalj","status":"publish","type":"post","link":"https:\/\/filmfestivaldorf.com\/hr\/2016\/08\/01\/strip-radionica-ozalj\/","title":{"rendered":"Strip radionica Ozalj"},"content":{"rendered":"<div class=\"vc_row wpb_row vc_row-fluid container\" data-skin=\"light\">\n<div class=\"polar-row\">\n<div class=\"wpb_column vc_column_container vc_col-sm-12 polar-border-box\">\n<div class=\"wpb_wrapper\">\n<div class=\"polar_section_header aligncenter polar-content-element polar_section_header_15902221643\">\n<h2 class=\"title uppercase\">STRIP RADIONICA OZALJ<\/h2>\n<div class=\"polar_separator aligncenter polar-style-solid polar-content-element polar_separator_15902221644\">\n<hr class=\"polar-primary-color-border-color\" \/>\n<\/div>\n<\/div>\n<\/div>\n<\/div>\n<\/div>\n<\/div>\n<div class=\"vc_row wpb_row vc_row-fluid container\" data-skin=\"light\">\n<div class=\"polar-row\">\n<div class=\"wpb_column vc_column_container vc_col-sm-6 polar-border-box\">\n<div class=\"wpb_wrapper\">\n<div class=\"polar_image center polar-content-element\">\n<div class=\"polar-image-wrap\"><img class=\"single-image\" title=\"Ozalj04\" src=\"https:\/\/filmfestivaldorf.com\/hrv\/wp-content\/uploads\/2016\/08\/Ozalj04.jpg\" alt=\"Ozalj04\" \/><\/div>\n<\/div>\n<\/div>\n<\/div>\n<div class=\"wpb_column vc_column_container vc_col-sm-6 polar-border-box\">\n<div class=\"wpb_wrapper\">\n<div class=\"polar_column_text polar-content-element\">\n<p>Nakon travanjskog dru\u017eenja i stripa o Slavi Ra\u0161kaj, uz neke nove autore, u Ozlju se priprema nastavak. Glavne uloge: Marko Dje\u0161ka, Jurica Stare\u0161in\u010di\u0107, Maja Duvnjak, Josip Stupi\u0107, Maja Markovi\u0107, Chloe Roux, Ivan Maru\u0161i\u0107, Ana Gezi. Pridru\u017eite se i zabavite u odli\u010dnom dru\u0161tvu, \u010ditajte stripove i posjetite odjel sa stripovima Gradske knji\u017enice Ozalj\u2026Mjesto radnje je kupali\u0161te i Humi\u010dka.<\/p>\n<\/div>\n<\/div>\n<\/div>\n<\/div>\n<\/div>\n","protected":false},"excerpt":{"rendered":"<p>STRIP RADIONICA OZALJ Nakon travanjskog dru\u017eenja i stripa o Slavi Ra\u0161kaj, uz neke nove autore, u Ozlju se priprema nastavak. Glavne uloge: Marko Dje\u0161ka, Jurica Stare\u0161in\u010di\u0107, Maja Duvnjak, Josip Stupi\u0107, Maja Markovi\u0107, Chloe Roux, Ivan Maru\u0161i\u0107, Ana Gezi. Pridru\u017eite se i zabavite u odli\u010dnom dru\u0161tvu, \u010ditajte stripove i posjetite odjel sa stripovima Gradske knji\u017enice Ozalj\u2026Mjesto [&#8230;]\n","protected":false},"author":1,"featured_media":0,"comment_status":"closed","ping_status":"closed","sticky":false,"template":"","format":"standard","meta":{"_monsterinsights_skip_tracking":false,"_monsterinsights_sitenote_active":false,"_monsterinsights_sitenote_note":"","_monsterinsights_sitenote_category":0,"_links_to":"","_links_to_target":""},"categories":[1],"tags":[],"aioseo_notices":[],"_links":{"self":[{"href":"https:\/\/filmfestivaldorf.com\/hr\/wp-json\/wp\/v2\/posts\/699"}],"collection":[{"href":"https:\/\/filmfestivaldorf.com\/hr\/wp-json\/wp\/v2\/posts"}],"about":[{"href":"https:\/\/filmfestivaldorf.com\/hr\/wp-json\/wp\/v2\/types\/post"}],"author":[{"embeddable":true,"href":"https:\/\/filmfestivaldorf.com\/hr\/wp-json\/wp\/v2\/users\/1"}],"replies":[{"embeddable":true,"href":"https:\/\/filmfestivaldorf.com\/hr\/wp-json\/wp\/v2\/comments?post=699"}],"version-history":[{"count":2,"href":"https:\/\/filmfestivaldorf.com\/hr\/wp-json\/wp\/v2\/posts\/699\/revisions"}],"predecessor-version":[{"id":701,"href":"https:\/\/filmfestivaldorf.com\/hr\/wp-json\/wp\/v2\/posts\/699\/revisions\/701"}],"wp:attachment":[{"href":"https:\/\/filmfestivaldorf.com\/hr\/wp-json\/wp\/v2\/media?parent=699"}],"wp:term":[{"taxonomy":"category","embeddable":true,"href":"https:\/\/filmfestivaldorf.com\/hr\/wp-json\/wp\/v2\/categories?post=699"},{"taxonomy":"post_tag","embeddable":true,"href":"https:\/\/filmfestivaldorf.com\/hr\/wp-json\/wp\/v2\/tags?post=699"}],"curies":[{"name":"wp","href":"https:\/\/api.w.org\/{rel}","templated":true}]}}