{"id":705,"date":"2019-08-20T08:30:15","date_gmt":"2019-08-20T08:30:15","guid":{"rendered":"https:\/\/filmfestivaldorf.com\/hr\/?p=705"},"modified":"2020-05-23T08:30:49","modified_gmt":"2020-05-23T08:30:49","slug":"otvorene-7-anticke-filmske-veceri","status":"publish","type":"post","link":"https:\/\/filmfestivaldorf.com\/hr\/2019\/08\/20\/otvorene-7-anticke-filmske-veceri\/","title":{"rendered":"OTVORENE 7.ANTI\u010cKE FILMSKE VE\u010cERI"},"content":{"rendered":"<p><!--more--><\/p>\n<p>U Lapidariju vinkova\u010dkog Gradskog muzeja u ponedjeljak nave\u010der otvorene su 7. Anti\u010dke filmske ve\u010deri, manifestacija na kojoj se predstavlja\u00a0doma\u0107a i svjetska kinematografija posve\u0107ena anti\u010dkim temama, ali i svemu onome \u0161to povezuje film s pro\u0161lo\u0161\u0107u &#8211; posebno bogatom vinkova\u010dkom ba\u0161tinom.<\/p>\n<p>Pro\u010delnik za kulturu grada Vinkovaca Davor Mecanovi\u0107 otvaraju\u0107i manifestaciju izrazio je zadovoljstvo \u0161to Anti\u010dke filmske ve\u010deri pridonose kulturnoj ponudi grada, a u ime organizatora okupljene je pozdravio predsjednik Udruge ljubitelja filma RARE Toni \u0160ari\u0107.<\/p>\n<p>Novost ovogodi\u0161njih Anti\u010dkih filmskih ve\u010deri je nagrada nazvana po istaknutom vinkova\u010dkom znanstveniku i profesoru na zagreba\u010dkoj Arheologiji Stojanu Dimitrijevi\u0107u \u010diji je prvi laureat Goran Devi\u0107, filmski redatelj iz Siska.<\/p>\n<p>\u201ePonosan sam na nagradu koja nosi ime velikog hrvatskog arheologa s kojim, dodu\u0161e kao nesvr\u0161eni student arheologije, dijelim mnoge interese\u201c, rekao je Devi\u0107 kojemu je uru\u010dila Bojana Dimitrijevi\u0107 k\u0107i pokojnog doajena hrvatske arheologije.<\/p>\n<p>Predstavljen je i Devi\u0107ev dokumentarni film \u201eBuffet \u017deljezara\u201c koji govori o atmosferi zadnjih tjedan dana u buffetu kod ulaza u sisa\u010dku \u017eeljezaru pred njegovo kona\u010dno zatvaranje, razgovoru vlasnika buffeta, birtijskim razgovorima, Njema\u010dkoj kao tada\u0161njoj obe\u0107anoj zemlji\u2026<\/p>\n<p>Prva ovogodi\u0161nja Anti\u010dka filmska ve\u010der nastavljena je dokumentarnim filmom \u201eRat Art: Hrvatski neovisni umjetnici\u201c kanadskog redatelja izraelskih korijena Zeva Ashera koji je 1994. i 1995. godine putovao Hrvatskom i bilje\u017eio susrete s ovda\u0161njim umjetnicima, intervjuirao ih, a \u0161to je postalo osnovom njegova prvoga dokumentarnog filma.<\/p>\n<p>Ve\u0107 tradicionalno, po\u010dela je dvodnevna filmska radionica o osnovama filma namijenjena filmskim po\u010detnicima, koju vodi Darko Bu\u0161nja.<\/p>\n<p>Program drugi dan, uz predavanje o aktualnostima u Gradskom muzeju Vinkovci, donosi i vinkova\u010dku premijeru dokumentarno-igranog filma \u201ePrapovijesne no\u0107i Venere i Marsa\u201c, autora Darka Puhari\u0107a nastalog po scenariju arheologa Aleksandra Durmana, svojevrsni hommage Vu\u010dedolskoj kulturi i najstarijem is\u010ditanom prapovijesnom datumu s vu\u010dedolske posude.<\/p>\n<p>Potom \u0107e se u prostoru Lapidarija Gradskog muzeja Vinkovci odr\u017eati glazbeno-filmski kviz kojega je osmislio i vodi redatelj, scenarist, glumac, performer (\u2026) te poznat pub-kviza\u0161 Mario Kova\u010d.<\/p>\n<p>Ovogodi\u0161nje Anti\u010dke filmske ve\u010der dio su Filmskog tjedna u Vinkovcima koji se odr\u017eava od 19. do 24. kolovoza, a unutar kojega \u0107e u srijedu biti otvoren i 13. Festival dokumentarnog rock filma (DORF)<\/p>\n<p>Anti\u010dke filmske ve\u010deri organizira Udruga ljubitelja filma RARE iz Vinkovaca uz potporu Hrvatskog audiovizualnog centra, grada Vinkovaca i Gradskog muzeja Vinkovci.<\/p>\n<p>Foto by Tomislav Bo\u0161njak<\/p>\n<p><a href=\"https:\/\/filmfestivaldorf.com\/hrv\/wp-content\/uploads\/2019\/08\/FB11.jpg\"><img loading=\"lazy\" class=\"alignnone size-medium wp-image-12382\" src=\"https:\/\/filmfestivaldorf.com\/hrv\/wp-content\/uploads\/2019\/08\/FB11-300x200.jpg\" alt=\"\" width=\"300\" height=\"200\" \/><\/a><a href=\"https:\/\/filmfestivaldorf.com\/hrv\/wp-content\/uploads\/2019\/08\/FB12.jpg\"><img loading=\"lazy\" class=\"alignnone size-medium wp-image-12383\" src=\"https:\/\/filmfestivaldorf.com\/hrv\/wp-content\/uploads\/2019\/08\/FB12-300x200.jpg\" alt=\"\" width=\"300\" height=\"200\" \/><\/a><a href=\"https:\/\/filmfestivaldorf.com\/hrv\/wp-content\/uploads\/2019\/08\/FB4.jpg\"><img loading=\"lazy\" class=\"alignnone size-medium wp-image-12384\" src=\"https:\/\/filmfestivaldorf.com\/hrv\/wp-content\/uploads\/2019\/08\/FB4-300x200.jpg\" alt=\"\" width=\"300\" height=\"200\" \/><\/a><a href=\"https:\/\/filmfestivaldorf.com\/hrv\/wp-content\/uploads\/2019\/08\/FB6-Copy.jpg\"><img loading=\"lazy\" class=\"alignnone size-medium wp-image-12380\" src=\"https:\/\/filmfestivaldorf.com\/hrv\/wp-content\/uploads\/2019\/08\/FB6-Copy-300x203.jpg\" alt=\"\" width=\"300\" height=\"203\" \/><\/a><\/p>\n","protected":false},"excerpt":{"rendered":"","protected":false},"author":1,"featured_media":0,"comment_status":"closed","ping_status":"closed","sticky":false,"template":"","format":"standard","meta":{"_monsterinsights_skip_tracking":false,"_monsterinsights_sitenote_active":false,"_monsterinsights_sitenote_note":"","_monsterinsights_sitenote_category":0,"_links_to":"","_links_to_target":""},"categories":[1],"tags":[],"aioseo_notices":[],"_links":{"self":[{"href":"https:\/\/filmfestivaldorf.com\/hr\/wp-json\/wp\/v2\/posts\/705"}],"collection":[{"href":"https:\/\/filmfestivaldorf.com\/hr\/wp-json\/wp\/v2\/posts"}],"about":[{"href":"https:\/\/filmfestivaldorf.com\/hr\/wp-json\/wp\/v2\/types\/post"}],"author":[{"embeddable":true,"href":"https:\/\/filmfestivaldorf.com\/hr\/wp-json\/wp\/v2\/users\/1"}],"replies":[{"embeddable":true,"href":"https:\/\/filmfestivaldorf.com\/hr\/wp-json\/wp\/v2\/comments?post=705"}],"version-history":[{"count":1,"href":"https:\/\/filmfestivaldorf.com\/hr\/wp-json\/wp\/v2\/posts\/705\/revisions"}],"predecessor-version":[{"id":706,"href":"https:\/\/filmfestivaldorf.com\/hr\/wp-json\/wp\/v2\/posts\/705\/revisions\/706"}],"wp:attachment":[{"href":"https:\/\/filmfestivaldorf.com\/hr\/wp-json\/wp\/v2\/media?parent=705"}],"wp:term":[{"taxonomy":"category","embeddable":true,"href":"https:\/\/filmfestivaldorf.com\/hr\/wp-json\/wp\/v2\/categories?post=705"},{"taxonomy":"post_tag","embeddable":true,"href":"https:\/\/filmfestivaldorf.com\/hr\/wp-json\/wp\/v2\/tags?post=705"}],"curies":[{"name":"wp","href":"https:\/\/api.w.org\/{rel}","templated":true}]}}