{"id":707,"date":"2019-07-23T09:17:08","date_gmt":"2019-07-23T09:17:08","guid":{"rendered":"https:\/\/filmfestivaldorf.com\/hr\/?p=707"},"modified":"2020-05-23T09:17:31","modified_gmt":"2020-05-23T09:17:31","slug":"bure-bareta","status":"publish","type":"post","link":"https:\/\/filmfestivaldorf.com\/hr\/2019\/07\/23\/bure-bareta\/","title":{"rendered":"BURE BARETA"},"content":{"rendered":"<figure class=\"featured-media\">\n<div class=\"featured-media-inner section-inner\"><img loading=\"lazy\" class=\"attachment-post-thumbnail size-post-thumbnail wp-post-image\" src=\"https:\/\/filmfestivaldorf.com\/hrv\/wp-content\/uploads\/2019\/08\/bare.jpg\" sizes=\"(max-width: 710px) 100vw, 710px\" srcset=\"https:\/\/filmfestivaldorf.com\/hrv\/wp-content\/uploads\/2019\/08\/bare.jpg 710w, https:\/\/filmfestivaldorf.com\/hrv\/wp-content\/uploads\/2019\/08\/bare-300x203.jpg 300w\" alt=\"\" width=\"710\" height=\"480\" \/><\/div>\n<\/figure>\n<div class=\"post-inner thin \">\n<div class=\"entry-content\">\n<p>R: Robert Bubalo, Mario Vukadin, Renato Tonkovi\u0107 (Hrvatska\/BiH\/Austrija)<\/p>\n<p>P: Olimp, One Sand, Kadar, Croatia Records, 2019<\/p>\n<p>T: 50\u2032<\/p>\n<p>Glazbeni dokumentarac snimljen za samo 80 minuta: Goran Bare zavaljen u stolici govori o djetinjstvu, odrastanju i zrelosti, o ljubavi, Trumpu i alergiji na ambroziju, o tome za\u0161to mu je uvreda kad ga nazovu rocker i o mnogo\u010demu drugom \u2013 o \u010demu do sada nije govorio. I sve to za\u010dinjeno \u017eestokim \u201cte\u0161kim bojama\u201d\u2026Hrvatska premijera. (Foto \u00a9 Sini\u0161a Han\u010di\u0107 1998)<\/p>\n<\/div>\n<\/div>\n<div class=\"section-inner\">\n<div class=\"post-meta-wrapper post-meta-edit-link-wrapper\">\n<ul class=\"post-meta\">\n<li class=\"post-edit meta-wrapper\"><\/li>\n<\/ul>\n<\/div>\n<\/div>\n","protected":false},"excerpt":{"rendered":"<p>R: Robert Bubalo, Mario Vukadin, Renato Tonkovi\u0107 (Hrvatska\/BiH\/Austrija) P: Olimp, One Sand, Kadar, Croatia Records, 2019 T: 50\u2032 Glazbeni dokumentarac snimljen za samo 80 minuta: Goran Bare zavaljen u stolici govori o djetinjstvu, odrastanju i zrelosti, o ljubavi, Trumpu i alergiji na ambroziju, o tome za\u0161to mu je uvreda kad ga nazovu rocker i o [&#8230;]\n","protected":false},"author":1,"featured_media":0,"comment_status":"closed","ping_status":"closed","sticky":false,"template":"","format":"standard","meta":{"_monsterinsights_skip_tracking":false,"_monsterinsights_sitenote_active":false,"_monsterinsights_sitenote_note":"","_monsterinsights_sitenote_category":0,"_links_to":"","_links_to_target":""},"categories":[1],"tags":[],"aioseo_notices":[],"_links":{"self":[{"href":"https:\/\/filmfestivaldorf.com\/hr\/wp-json\/wp\/v2\/posts\/707"}],"collection":[{"href":"https:\/\/filmfestivaldorf.com\/hr\/wp-json\/wp\/v2\/posts"}],"about":[{"href":"https:\/\/filmfestivaldorf.com\/hr\/wp-json\/wp\/v2\/types\/post"}],"author":[{"embeddable":true,"href":"https:\/\/filmfestivaldorf.com\/hr\/wp-json\/wp\/v2\/users\/1"}],"replies":[{"embeddable":true,"href":"https:\/\/filmfestivaldorf.com\/hr\/wp-json\/wp\/v2\/comments?post=707"}],"version-history":[{"count":1,"href":"https:\/\/filmfestivaldorf.com\/hr\/wp-json\/wp\/v2\/posts\/707\/revisions"}],"predecessor-version":[{"id":708,"href":"https:\/\/filmfestivaldorf.com\/hr\/wp-json\/wp\/v2\/posts\/707\/revisions\/708"}],"wp:attachment":[{"href":"https:\/\/filmfestivaldorf.com\/hr\/wp-json\/wp\/v2\/media?parent=707"}],"wp:term":[{"taxonomy":"category","embeddable":true,"href":"https:\/\/filmfestivaldorf.com\/hr\/wp-json\/wp\/v2\/categories?post=707"},{"taxonomy":"post_tag","embeddable":true,"href":"https:\/\/filmfestivaldorf.com\/hr\/wp-json\/wp\/v2\/tags?post=707"}],"curies":[{"name":"wp","href":"https:\/\/api.w.org\/{rel}","templated":true}]}}