{"id":725,"date":"2019-06-27T09:29:48","date_gmt":"2019-06-27T09:29:48","guid":{"rendered":"https:\/\/filmfestivaldorf.com\/hr\/?p=725"},"modified":"2020-05-23T09:30:11","modified_gmt":"2020-05-23T09:30:11","slug":"boom-a-film-about-the-sonics","status":"publish","type":"post","link":"https:\/\/filmfestivaldorf.com\/hr\/2019\/06\/27\/boom-a-film-about-the-sonics\/","title":{"rendered":"BOOM! \u2013 A film about The Sonics"},"content":{"rendered":"<figure class=\"featured-media\">\n<div class=\"featured-media-inner section-inner medium\"><img loading=\"lazy\" class=\"attachment-post-thumbnail size-post-thumbnail wp-post-image\" src=\"https:\/\/filmfestivaldorf.com\/hrv\/wp-content\/uploads\/2019\/06\/boom.jpg\" sizes=\"(max-width: 710px) 100vw, 710px\" srcset=\"https:\/\/filmfestivaldorf.com\/hrv\/wp-content\/uploads\/2019\/06\/boom.jpg 710w, https:\/\/filmfestivaldorf.com\/hrv\/wp-content\/uploads\/2019\/06\/boom-300x203.jpg 300w\" alt=\"\" width=\"710\" height=\"480\" \/><\/div>\n<\/figure>\n<div class=\"post-inner thin \">\n<div class=\"entry-content\">\n<p>R: Jordan Albertsen (SAD)<\/p>\n<p>P: Jordan Albertsen,Brian Scott Robinson, 2018<\/p>\n<p>T: 84\u2032<\/p>\n<p><strong>TRAILER\u00a0<\/strong><a href=\"https:\/\/vimeo.com\/285892720\">https:\/\/vimeo.com\/285892720<\/a><\/p>\n<p>Najva\u017eniji band \u2013 u povijesti mo\u0107nog garage punk zvuka \u2013 The Sonics, napokon su dobili svoj dokumentarac. Redatelj je ispri\u010dao svoju osobnu pri\u010du, kronolo\u0161ki postavio okvir u kojem se sve doga\u0111alo, uz uklju\u010divanje nikad ispri\u010dane pri\u010de o fascinantnom&amp;preva\u017enom Buck Ornsbyju. Ne propustite saznati sve o uzbudljivoj glazbi i ekipi, nevjerojatnoj nedavnoj povratni\u010dkoj turneji i \u2013 u\u017eivajte s nama u Lapidariju, poja\u010dat \u0107emo dosta, ba\u0161 kako su i Sonicsi u studiju. Hrvatska premijera.<\/p>\n<p><iframe loading=\"lazy\" src=\"https:\/\/player.vimeo.com\/video\/285892720\" width=\"640\" height=\"360\" frameborder=\"0\" allowfullscreen=\"allowfullscreen\" data-origwidth=\"640\" data-origheight=\"360\" data-mce-fragment=\"1\"><\/iframe><\/p>\n<\/div>\n<\/div>\n","protected":false},"excerpt":{"rendered":"<p>R: Jordan Albertsen (SAD) P: Jordan Albertsen,Brian Scott Robinson, 2018 T: 84\u2032 TRAILER\u00a0https:\/\/vimeo.com\/285892720 Najva\u017eniji band \u2013 u povijesti mo\u0107nog garage punk zvuka \u2013 The Sonics, napokon su dobili svoj dokumentarac. Redatelj je ispri\u010dao svoju osobnu pri\u010du, kronolo\u0161ki postavio okvir u kojem se sve doga\u0111alo, uz uklju\u010divanje nikad ispri\u010dane pri\u010de o fascinantnom&amp;preva\u017enom Buck Ornsbyju. Ne propustite [&#8230;]\n","protected":false},"author":1,"featured_media":0,"comment_status":"closed","ping_status":"closed","sticky":false,"template":"","format":"standard","meta":{"_monsterinsights_skip_tracking":false,"_monsterinsights_sitenote_active":false,"_monsterinsights_sitenote_note":"","_monsterinsights_sitenote_category":0,"_links_to":"","_links_to_target":""},"categories":[1],"tags":[],"aioseo_notices":[],"_links":{"self":[{"href":"https:\/\/filmfestivaldorf.com\/hr\/wp-json\/wp\/v2\/posts\/725"}],"collection":[{"href":"https:\/\/filmfestivaldorf.com\/hr\/wp-json\/wp\/v2\/posts"}],"about":[{"href":"https:\/\/filmfestivaldorf.com\/hr\/wp-json\/wp\/v2\/types\/post"}],"author":[{"embeddable":true,"href":"https:\/\/filmfestivaldorf.com\/hr\/wp-json\/wp\/v2\/users\/1"}],"replies":[{"embeddable":true,"href":"https:\/\/filmfestivaldorf.com\/hr\/wp-json\/wp\/v2\/comments?post=725"}],"version-history":[{"count":1,"href":"https:\/\/filmfestivaldorf.com\/hr\/wp-json\/wp\/v2\/posts\/725\/revisions"}],"predecessor-version":[{"id":726,"href":"https:\/\/filmfestivaldorf.com\/hr\/wp-json\/wp\/v2\/posts\/725\/revisions\/726"}],"wp:attachment":[{"href":"https:\/\/filmfestivaldorf.com\/hr\/wp-json\/wp\/v2\/media?parent=725"}],"wp:term":[{"taxonomy":"category","embeddable":true,"href":"https:\/\/filmfestivaldorf.com\/hr\/wp-json\/wp\/v2\/categories?post=725"},{"taxonomy":"post_tag","embeddable":true,"href":"https:\/\/filmfestivaldorf.com\/hr\/wp-json\/wp\/v2\/tags?post=725"}],"curies":[{"name":"wp","href":"https:\/\/api.w.org\/{rel}","templated":true}]}}