{"id":729,"date":"2019-06-26T09:30:55","date_gmt":"2019-06-26T09:30:55","guid":{"rendered":"https:\/\/filmfestivaldorf.com\/hr\/?p=729"},"modified":"2020-05-23T09:31:16","modified_gmt":"2020-05-23T09:31:16","slug":"times-of-great-depression","status":"publish","type":"post","link":"https:\/\/filmfestivaldorf.com\/hr\/2019\/06\/26\/times-of-great-depression\/","title":{"rendered":"TIMES OF GREAT DEPRESSION"},"content":{"rendered":"<figure class=\"featured-media\">\n<div class=\"featured-media-inner section-inner\"><img loading=\"lazy\" class=\"attachment-post-thumbnail size-post-thumbnail wp-post-image\" src=\"https:\/\/filmfestivaldorf.com\/hrv\/wp-content\/uploads\/2019\/06\/adam.jpg\" sizes=\"(max-width: 710px) 100vw, 710px\" srcset=\"https:\/\/filmfestivaldorf.com\/hrv\/wp-content\/uploads\/2019\/06\/adam.jpg 710w, https:\/\/filmfestivaldorf.com\/hrv\/wp-content\/uploads\/2019\/06\/adam-300x203.jpg 300w\" alt=\"\" width=\"710\" height=\"480\" \/><\/div>\n<\/figure>\n<div class=\"post-inner thin \">\n<div class=\"entry-content\">\n<p><span id=\"more-12219\"><\/span><br \/>\nR: Vladimir Gojun (Hrvatska)<br \/>\nP: Nukleus film,2018<br \/>\nT: 62\u2032<\/p>\n<p><iframe loading=\"lazy\" src=\"https:\/\/www.youtube.com\/embed\/d3JkXQeULzk\" width=\"560\" height=\"315\" frameborder=\"0\" allowfullscreen=\"allowfullscreen\" data-origwidth=\"560\" data-origheight=\"315\" data-mce-fragment=\"1\"><\/iframe><\/p>\n<p>Radi li se o dje\u010daku na kojeg je ba\u010dena vje\u010dna kletva ili o besposlenom i nenadahnutom umjetniku koji se neuspje\u0161no bori s vlastitim demonima? Skrivaju\u0107i se po zamra\u010denim kutcima zadimljenih klubova, on se ispovjeda objektivu i pritom ni\u017ee mantri\u010dne misli o beskrajnoj tuzi i usamljenosti, te nesigurnostima koje dostojanstveno dijeli sa svijetom. U prvom redateljskom radu Vladimira Gojuna upoznajte Adama Semijalca, sjajnog glazbenika, poznatijeg kao Bebe na vole.<\/p>\n<\/div>\n<\/div>\n","protected":false},"excerpt":{"rendered":"<p>R: Vladimir Gojun (Hrvatska) P: Nukleus film,2018 T: 62\u2032 Radi li se o dje\u010daku na kojeg je ba\u010dena vje\u010dna kletva ili o besposlenom i nenadahnutom umjetniku koji se neuspje\u0161no bori s vlastitim demonima? Skrivaju\u0107i se po zamra\u010denim kutcima zadimljenih klubova, on se ispovjeda objektivu i pritom ni\u017ee mantri\u010dne misli o beskrajnoj tuzi i usamljenosti, te [&#8230;]\n","protected":false},"author":1,"featured_media":0,"comment_status":"closed","ping_status":"closed","sticky":false,"template":"","format":"standard","meta":{"_monsterinsights_skip_tracking":false,"_monsterinsights_sitenote_active":false,"_monsterinsights_sitenote_note":"","_monsterinsights_sitenote_category":0,"_links_to":"","_links_to_target":""},"categories":[1],"tags":[],"aioseo_notices":[],"_links":{"self":[{"href":"https:\/\/filmfestivaldorf.com\/hr\/wp-json\/wp\/v2\/posts\/729"}],"collection":[{"href":"https:\/\/filmfestivaldorf.com\/hr\/wp-json\/wp\/v2\/posts"}],"about":[{"href":"https:\/\/filmfestivaldorf.com\/hr\/wp-json\/wp\/v2\/types\/post"}],"author":[{"embeddable":true,"href":"https:\/\/filmfestivaldorf.com\/hr\/wp-json\/wp\/v2\/users\/1"}],"replies":[{"embeddable":true,"href":"https:\/\/filmfestivaldorf.com\/hr\/wp-json\/wp\/v2\/comments?post=729"}],"version-history":[{"count":1,"href":"https:\/\/filmfestivaldorf.com\/hr\/wp-json\/wp\/v2\/posts\/729\/revisions"}],"predecessor-version":[{"id":730,"href":"https:\/\/filmfestivaldorf.com\/hr\/wp-json\/wp\/v2\/posts\/729\/revisions\/730"}],"wp:attachment":[{"href":"https:\/\/filmfestivaldorf.com\/hr\/wp-json\/wp\/v2\/media?parent=729"}],"wp:term":[{"taxonomy":"category","embeddable":true,"href":"https:\/\/filmfestivaldorf.com\/hr\/wp-json\/wp\/v2\/categories?post=729"},{"taxonomy":"post_tag","embeddable":true,"href":"https:\/\/filmfestivaldorf.com\/hr\/wp-json\/wp\/v2\/tags?post=729"}],"curies":[{"name":"wp","href":"https:\/\/api.w.org\/{rel}","templated":true}]}}