{"id":733,"date":"2019-06-25T09:32:00","date_gmt":"2019-06-25T09:32:00","guid":{"rendered":"https:\/\/filmfestivaldorf.com\/hr\/?p=733"},"modified":"2020-05-23T09:32:30","modified_gmt":"2020-05-23T09:32:30","slug":"7-anticke-filmske-veceri","status":"publish","type":"post","link":"https:\/\/filmfestivaldorf.com\/hr\/2019\/06\/25\/7-anticke-filmske-veceri\/","title":{"rendered":"7.ANTI\u010cKE FILMSKE VE\u010cERI"},"content":{"rendered":"<figure class=\"featured-media\">\n<div class=\"featured-media-inner section-inner\"><img loading=\"lazy\" class=\"attachment-post-thumbnail size-post-thumbnail wp-post-image\" src=\"https:\/\/filmfestivaldorf.com\/hrv\/wp-content\/uploads\/2019\/06\/prapovijesna-venera-Copy.jpg\" sizes=\"(max-width: 710px) 100vw, 710px\" srcset=\"https:\/\/filmfestivaldorf.com\/hrv\/wp-content\/uploads\/2019\/06\/prapovijesna-venera-Copy.jpg 710w, https:\/\/filmfestivaldorf.com\/hrv\/wp-content\/uploads\/2019\/06\/prapovijesna-venera-Copy-300x203.jpg 300w\" alt=\"\" width=\"710\" height=\"480\" \/><\/div>\n<\/figure>\n<div class=\"post-inner thin \">\n<div class=\"entry-content\">\n<p>Novost na ovogodi\u0161njim 7.Anti\u010dkim filmskim ve\u010derima je nagrada nazvana po pokojnom vinkova\u010dkom intelektualcu i arheologu prof.dr.\u00a0<strong>Stojanu Dimitrijevi\u0107u<\/strong>, ina\u010de velikom filmofilu. Prvi dobitnik nagrade za doprinos filmu i arheologiji \u201eStojan Dimitrijevi\u0107\u201c je hrvatski autor dokumentarnih filmova\u00a0<strong>Goran Devi\u0107,<\/strong>\u00a0iz Siska.<\/p>\n<p><a href=\"https:\/\/filmfestivaldorf.com\/hrv\/wp-content\/uploads\/2019\/06\/devic19-281118.jpg\"><img loading=\"lazy\" class=\"alignnone size-medium wp-image-12208\" src=\"https:\/\/filmfestivaldorf.com\/hrv\/wp-content\/uploads\/2019\/06\/devic19-281118-300x200.jpg\" sizes=\"(max-width: 300px) 100vw, 300px\" srcset=\"https:\/\/filmfestivaldorf.com\/hrv\/wp-content\/uploads\/2019\/06\/devic19-281118-300x200.jpg 300w, https:\/\/filmfestivaldorf.com\/hrv\/wp-content\/uploads\/2019\/06\/devic19-281118-768x512.jpg 768w, https:\/\/filmfestivaldorf.com\/hrv\/wp-content\/uploads\/2019\/06\/devic19-281118-1024x683.jpg 1024w, https:\/\/filmfestivaldorf.com\/hrv\/wp-content\/uploads\/2019\/06\/devic19-281118-720x480.jpg 720w, https:\/\/filmfestivaldorf.com\/hrv\/wp-content\/uploads\/2019\/06\/devic19-281118.jpg 1260w\" alt=\"\" width=\"300\" height=\"200\" \/><\/a><\/p>\n<p>Nagradu je izradio\u00a0<em>Miro \u017dupa<\/em>, kipar i strip autor iz Splita a uru\u010dit \u0107e ju\u00a0<em>Bojana Dimitrijevi\u0107<\/em>, k\u0107erka prof.Dimitrijevi\u0107a.<\/p>\n<p>Na otvaranju \u0107e biti prikazan dokumentarni film Gorana Devi\u0107a\u00a0<strong>\u201eBuffet \u017deljezara\u201c<\/strong>\u00a0(Petnaesta umjetnost, 2017).<\/p>\n<p>Nakon toga, na programu je iznimno va\u017ean dokumentarni film, koji je snimio \u2013 na\u017ealost \u2013 prerano preminuli kanadski glazbenik i filma\u0161\u00a0<strong>Zev Asher<\/strong>. On je tijekom 1994.-95. u par navrata posjetio Hrvatsku, kao glazbenik, putuju\u0107i diljem zemlje dokumentirao je i intervjuirao doma\u0107e umjetnike, dizajnere, glazbene producente, redatelje\u2026 s kojima se susreo. Ovi intervjui postali su temelj za njegov prvi dokumentarni film\u00a0<strong>\u201eRat Art: hrvatski neovisni umjetnici\u201c<\/strong>\u00a0 (Box Trot Films, 1997) \u2013 neobi\u010dno\u00a0 va\u017ean dokument neovisne scene, u kontekstu dru\u0161tva u ratu. Digitaliziranu VHS kopiju filma prikazujemo ljubazno\u0161\u0107u\u00a0<em>Instituta za suvremenu umjetnost iz Zagreba<\/em>.<\/p>\n<p><a href=\"https:\/\/filmfestivaldorf.com\/hrv\/wp-content\/uploads\/2019\/06\/RAtrt-photo.jpg\"><img loading=\"lazy\" class=\"alignnone size-medium wp-image-12209\" src=\"https:\/\/filmfestivaldorf.com\/hrv\/wp-content\/uploads\/2019\/06\/RAtrt-photo-211x300.jpg\" sizes=\"(max-width: 211px) 100vw, 211px\" srcset=\"https:\/\/filmfestivaldorf.com\/hrv\/wp-content\/uploads\/2019\/06\/RAtrt-photo-211x300.jpg 211w, https:\/\/filmfestivaldorf.com\/hrv\/wp-content\/uploads\/2019\/06\/RAtrt-photo.jpg 600w\" alt=\"\" width=\"211\" height=\"300\" \/><\/a><\/p>\n<p>Ve\u0107 tradicionalno, u okviru EDIT programa organizirana je\u00a0<strong>dvodnevna filmska radionica\u00a0<em>Osnove filma<\/em><\/strong>, koju vodi\u00a0<em>Darko Bu\u0161nja<\/em>, redatelj i monta\u017eer iz Vinkovaca. Sudjelovanje je besplatno, a namijenjena je po\u010detnicima, broj polaznika je ograni\u010den na 10. Odr\u017eava se svaki dan od 18:00 sati u Lapidariju Gradskog muzeja Vinkovci.<\/p>\n<p>Drugi dan po\u010dinje uvijek zanimljivim predstavljanjem novosti iz Gradskog muzeja Vinkovci \u2013 odli\u010dna\u00a0 prigoda za upoznavanje iz prve ruke sa superva\u017enim otkri\u0107ima i projektima koje ekipa iz Muzeja provodi. Novosti iz prve ruke donosi ravnatelj\u00a0<strong>Hrvoje Vuli\u0107<\/strong>, dipl.arh.<\/p>\n<p>U programu \u0107e biti prikazan \u2013 premijerno u Vinkovcima \u2013 novi rad autora\u00a0<em>Darka Puhari\u0107a<\/em>\u00a0po scenariju prof.\u00a0<em>Aleksandra Durmana<\/em>\u00a0\u201e<strong>Prapovijesna no\u0107\u00a0<\/strong><strong>Venere i Marsa\u201c<\/strong>\u00a0(Design Studio D, 2018.). Ne propustite ovaj dokumentarno-igrani film koji prikazuje najstariji to\u010dno odre\u0111en datum iz prapovijesti Vu\u010dedolske kulture, is\u010ditan sa kerami\u010dke posude prona\u0111ene na lokalitetu\u00a0<em>Vu\u010dedol<\/em>. Posuda prikazuje to\u010dan datum ulaska planeta Venere i Marsa u zvije\u017e\u0111e Plejade 2886 g. pr.Krista, te je zbog tog doga\u0111aja na nebu, \u017ertvovano sedam \u017eena i jedan mu\u0161karac (Mars, Venera i \u0161est Plejada). Cijeli obred \u017ertvovanja kao i doga\u0111aji na nebu zorno su prikazani u filmu kroz animacije i igrane scene.\u00a0Film je prikazan i nagra\u0111en na brojnim festivalima u Hrvatskoj i inozemstvu.<\/p>\n<p><a href=\"https:\/\/filmfestivaldorf.com\/hrv\/wp-content\/uploads\/2019\/06\/afv_cover-2019_martin.jpg\"><img loading=\"lazy\" class=\"alignnone wp-image-12212\" src=\"https:\/\/filmfestivaldorf.com\/hrv\/wp-content\/uploads\/2019\/06\/afv_cover-2019_martin-300x114.jpg\" sizes=\"(max-width: 384px) 100vw, 384px\" srcset=\"https:\/\/filmfestivaldorf.com\/hrv\/wp-content\/uploads\/2019\/06\/afv_cover-2019_martin-300x114.jpg 300w, https:\/\/filmfestivaldorf.com\/hrv\/wp-content\/uploads\/2019\/06\/afv_cover-2019_martin-768x292.jpg 768w, https:\/\/filmfestivaldorf.com\/hrv\/wp-content\/uploads\/2019\/06\/afv_cover-2019_martin-1024x390.jpg 1024w, https:\/\/filmfestivaldorf.com\/hrv\/wp-content\/uploads\/2019\/06\/afv_cover-2019_martin-720x274.jpg 720w\" alt=\"\" width=\"384\" height=\"146\" \/><\/a><\/p>\n<p>Premijerno, kao voditelj i autor glazbeno-filmskog kviza, u Vinkovcima \u0107e ponovo s nama biti kviza\u0161\u00a0<strong>Mario Kova\u010d \u2013\u00a0<\/strong>poznati redatelj, performer, DJ, glumac, doktor znanosti, scenarist, \u0161ahist, strastveni pub kviza\u0161<strong>.\u00a0<\/strong>Prijavite se na vrijeme za njegov kviz, u ekipi 2 do 4 \u010dlana, nema kotizacija.<\/p>\n<p>&nbsp;<\/p>\n<p>Podsje\u0107amo, zagrijavanje i uvod u ovogodi\u0161nji Filmski tjedan u Vinkovcima odr\u017eat \u0107e se\u00a0<strong>u subotu 17.8.<\/strong>\u00a0u Lapidariju GMV. Na programu je projekcija sjajnog filma slovenske redateljice Petre Seli\u0161kar\u00a0<strong>\u201eMoj svijet je naopa\u010dke\u201c<\/strong>\u00a0<em>(Petra Pan Film Production, 2016)<\/em>\u00a0\u2013 zanimljive kombinacije \u017eivih izvedbi vode\u0107ih alternativnih glazbenika svijeta\u00a0<em>(Hugo Race, Chris Eckman, John Parish, Toma\u017e Pengov, Josipa Lisac, Bernays Propaganda\u2026)\u00a0<\/em>koji sviraju Je\u017eekove pjesme i njegovih nevjerojatnih arhivskih materijala, koji su nastajali od 1960-ih do 1980-ih.\u00a0<strong>Je\u017eek<\/strong>\u00a0je bio popularan slovenski glumac, svevremenski pisac i jedinstven performer; publiku je zadr\u017eao \u010dak i kao zatvorenik, kao osoba koja je uvijek \u017eivjela na rubu, pjesnik i, iznad svega, majstor pjesme.<\/p>\n<p>Poslije projekcije nastupit \u0107e\u00a0<strong>Franto Frantic<\/strong>, u Lapidariju gledamo njegov show\u00a0<em>Something completely frantic!<\/em>\u00a0\u2013 impresivan nastup u kojem odu\u0161evljava u 28 uloga: svira, ple\u0161e, pla\u010de, nasmijava nas i tjera na razmi\u0161ljanje. Jednu od najvru\u0107ih doma\u0107ih one-man atrakcija, izvo\u0111a\u010da u naponu kreativne snage, premijerno predstavljamo, u intro ve\u010deri 17.8.<\/p>\n<p>Program 7.Anti\u010dkih filmskih ve\u010deri organizira Udruga ljubitelja filma RARE uz potporu\u00a0<em>Hrvatskog audiovizualnog centra i Grada Vinkovci<\/em>.<\/p>\n<p>13.Festival dokumentarnog rock filma organizira Udruga ljubitelja filma RARE uz potporu\u00a0<em>Hrvatskog audiovizualnog centra, Grada Vinkovci i Vukovarsko-srijemske \u017eupanije<\/em>. Partneri su\u00a0<em>Gradski muzej Vinkovci, Austrijski kulturni forum i NEXE grupa.<\/em><\/p>\n<p>&nbsp;<\/p>\n<p><strong><u>RASPORED 7.ANTI\u010cKE FILMSKE VE\u010cERI<\/u><\/strong><\/p>\n<p><strong><u>19.8. (ponedjeljak)<\/u><\/strong><\/p>\n<p>18:00 FILMSKA RADIONICA\u00a0<em>Osnove filma, prvi dan<\/em><\/p>\n<p>20:30\u00a0<strong>SVE\u010cANO OTVORENJE + NAGRADA\/GORAN DEVI\u0106<\/strong><\/p>\n<p>20:45\u00a0<strong>BUFFET \u017dELJEZARA<\/strong>, 61\u2032<\/p>\n<p>21:45\u00a0<strong>RAT ART: HRVATSKI NEOVISNI UMJETNICI,\u00a0<\/strong>50\u2032<\/p>\n<p><strong>\u00a0<\/strong><\/p>\n<p><strong><u>20.8. (utorak)<\/u><\/strong><\/p>\n<p>18:00\u00a0<strong>FILMSKA RADIONICA<\/strong>\u00a0<em>Osnove filma, drugi dan<\/em><\/p>\n<p>19:00\u00a0<strong>PREDAVANJE<\/strong>\u00a0\u2013 Novosti iz GMV<\/p>\n<p>20:00\u00a0<strong>PRAPOVIJESNE NO\u0106I VENERE I MARSA,<\/strong>\u00a032\u2032<\/p>\n<p>21:00\u00a0<strong>GLAZBENO-FILMSKI KVIZ BY MARIO KOVA\u010c<\/strong><\/p>\n<p>&nbsp;<\/p>\n<p><strong><u>Goran Devi\u0107 info<\/u><\/strong><\/p>\n<p><em>Studirao je arheologiju i pravo. Godine 2008. diplomirao je filmsku i TV re\u017eiju na zagreba\u010dkoj Akademiji dramske umjetnosti, gdje danas radi kao docent na Diplomskom studiju re\u017eije dokumentarnog filma. Autor je dokumentarnih filmova (<\/em><em>\u00a0\u201cUvozne vrane\u201d, \u201cNemam ti \u0161ta re\u0107\u2019 lijepo\u201d, \u201cSretna zemlja\u201d, \u201cPoplava\u201c, \u201cDvije pe\u0107i za udarnika Josipa Trojka\u201d, \u201eBuffet \u017deljezara\u201c, \u201eU ime RH\u201c, \u201eNa vodi\u201c\u2026)n<\/em><em>agra\u0111ivanih na festivalima u Puli, Cottbusu, Prizrenu, Pragu, Sarajevu, Oberhausenu, Neubrandenburgu, Mariboru, Motovunu i Zagrebu.<\/em><em>\u00a0Film \u201cCrnci\u201d (2009) koji je sure\u017eirao sa Zvonimirom Juri\u0107em i za koji je nagra\u0111en Zlatnom Arenom za re\u017eiju, njegov je prvi dugometra\u017eni igrani film.<\/em><\/p>\n<\/div>\n<\/div>\n","protected":false},"excerpt":{"rendered":"<p>Novost na ovogodi\u0161njim 7.Anti\u010dkim filmskim ve\u010derima je nagrada nazvana po pokojnom vinkova\u010dkom intelektualcu i arheologu prof.dr.\u00a0Stojanu Dimitrijevi\u0107u, ina\u010de velikom filmofilu. Prvi dobitnik nagrade za doprinos filmu i arheologiji \u201eStojan Dimitrijevi\u0107\u201c je hrvatski autor dokumentarnih filmova\u00a0Goran Devi\u0107,\u00a0iz Siska. Nagradu je izradio\u00a0Miro \u017dupa, kipar i strip autor iz Splita a uru\u010dit \u0107e ju\u00a0Bojana Dimitrijevi\u0107, k\u0107erka prof.Dimitrijevi\u0107a. Na [&#8230;]\n","protected":false},"author":1,"featured_media":0,"comment_status":"closed","ping_status":"closed","sticky":false,"template":"","format":"standard","meta":{"_monsterinsights_skip_tracking":false,"_monsterinsights_sitenote_active":false,"_monsterinsights_sitenote_note":"","_monsterinsights_sitenote_category":0,"_links_to":"","_links_to_target":""},"categories":[1],"tags":[],"aioseo_notices":[],"_links":{"self":[{"href":"https:\/\/filmfestivaldorf.com\/hr\/wp-json\/wp\/v2\/posts\/733"}],"collection":[{"href":"https:\/\/filmfestivaldorf.com\/hr\/wp-json\/wp\/v2\/posts"}],"about":[{"href":"https:\/\/filmfestivaldorf.com\/hr\/wp-json\/wp\/v2\/types\/post"}],"author":[{"embeddable":true,"href":"https:\/\/filmfestivaldorf.com\/hr\/wp-json\/wp\/v2\/users\/1"}],"replies":[{"embeddable":true,"href":"https:\/\/filmfestivaldorf.com\/hr\/wp-json\/wp\/v2\/comments?post=733"}],"version-history":[{"count":1,"href":"https:\/\/filmfestivaldorf.com\/hr\/wp-json\/wp\/v2\/posts\/733\/revisions"}],"predecessor-version":[{"id":734,"href":"https:\/\/filmfestivaldorf.com\/hr\/wp-json\/wp\/v2\/posts\/733\/revisions\/734"}],"wp:attachment":[{"href":"https:\/\/filmfestivaldorf.com\/hr\/wp-json\/wp\/v2\/media?parent=733"}],"wp:term":[{"taxonomy":"category","embeddable":true,"href":"https:\/\/filmfestivaldorf.com\/hr\/wp-json\/wp\/v2\/categories?post=733"},{"taxonomy":"post_tag","embeddable":true,"href":"https:\/\/filmfestivaldorf.com\/hr\/wp-json\/wp\/v2\/tags?post=733"}],"curies":[{"name":"wp","href":"https:\/\/api.w.org\/{rel}","templated":true}]}}