{"id":741,"date":"2019-06-23T09:34:02","date_gmt":"2019-06-23T09:34:02","guid":{"rendered":"https:\/\/filmfestivaldorf.com\/hr\/?p=741"},"modified":"2020-05-23T09:34:19","modified_gmt":"2020-05-23T09:34:19","slug":"izlozba-fotografija-igor-coko","status":"publish","type":"post","link":"https:\/\/filmfestivaldorf.com\/hr\/2019\/06\/23\/izlozba-fotografija-igor-coko\/","title":{"rendered":"IZLO\u017dBA FOTOGRAFIJA \u2013 Igor \u010coko"},"content":{"rendered":"<figure class=\"featured-media\">\n<div class=\"featured-media-inner section-inner medium\"><img loading=\"lazy\" class=\"attachment-post-thumbnail size-post-thumbnail wp-post-image\" src=\"https:\/\/filmfestivaldorf.com\/hrv\/wp-content\/uploads\/2019\/06\/off-dorf-coko.jpg\" sizes=\"(max-width: 710px) 100vw, 710px\" srcset=\"https:\/\/filmfestivaldorf.com\/hrv\/wp-content\/uploads\/2019\/06\/off-dorf-coko.jpg 710w, https:\/\/filmfestivaldorf.com\/hrv\/wp-content\/uploads\/2019\/06\/off-dorf-coko-300x203.jpg 300w\" alt=\"\" width=\"710\" height=\"480\" \/><\/div>\n<\/figure>\n<div class=\"post-inner thin \">\n<div class=\"entry-content\">\n<p><strong>\u2013 Igor \u010coko (Srbija)@galerija Slavka Kopa\u010da, otvorenje 19.8. u 19:00 sati<\/strong><\/p>\n<p>U Vinkovcima sa izlo\u017ebom \u201cIza re\u0161etaka\u201dpredstavljamo sjajnog autora nagra\u0111ivanih fotografija, nekada i urednika underground web-zinea Ispod zemlje \u2026Igor \u010coko ro\u0111en je 1975.godine u Kninu. \u017divi i radi u Beogradu. Po obrazovanju je diplomirani etnolog-antropolog. Iz perspektive vizualnog antropologa, kroz dokumentarnu i uli\u010dnu fotografiju istra\u017euje senzibilitet ljudi, uli\u010dnog \u017eivota i \u017eivota stigmatiziranih grupa i \u2013 osvaja brojne nagrade za to.<br \/>\nAutor je tiskanih knjiga fotografija \u201cSubverzivna estetika ulice: Prizori rasko\u0161ne stvarnosti\u201d, \u201cIza re\u0161etaka: \u017divot osu\u0111enika iz Okru\u017enog zatvora u Beogradu\u201d i \u201cKaraburma, moj geto\u201d.<br \/>\nVi\u0161e o autoru saznajte na\u00a0<a href=\"http:\/\/www.igorcoko.net\/\" target=\"_blank\" rel=\"noopener noreferrer\">www.igorcoko.net<\/a><br \/>\nIzlo\u017eba je otvorena do 24.8.<\/p>\n<\/div>\n<\/div>\n","protected":false},"excerpt":{"rendered":"<p>\u2013 Igor \u010coko (Srbija)@galerija Slavka Kopa\u010da, otvorenje 19.8. u 19:00 sati U Vinkovcima sa izlo\u017ebom \u201cIza re\u0161etaka\u201dpredstavljamo sjajnog autora nagra\u0111ivanih fotografija, nekada i urednika underground web-zinea Ispod zemlje \u2026Igor \u010coko ro\u0111en je 1975.godine u Kninu. \u017divi i radi u Beogradu. Po obrazovanju je diplomirani etnolog-antropolog. Iz perspektive vizualnog antropologa, kroz dokumentarnu i uli\u010dnu fotografiju istra\u017euje [&#8230;]\n","protected":false},"author":1,"featured_media":0,"comment_status":"closed","ping_status":"closed","sticky":false,"template":"","format":"standard","meta":{"_monsterinsights_skip_tracking":false,"_monsterinsights_sitenote_active":false,"_monsterinsights_sitenote_note":"","_monsterinsights_sitenote_category":0,"_links_to":"","_links_to_target":""},"categories":[1],"tags":[],"aioseo_notices":[],"_links":{"self":[{"href":"https:\/\/filmfestivaldorf.com\/hr\/wp-json\/wp\/v2\/posts\/741"}],"collection":[{"href":"https:\/\/filmfestivaldorf.com\/hr\/wp-json\/wp\/v2\/posts"}],"about":[{"href":"https:\/\/filmfestivaldorf.com\/hr\/wp-json\/wp\/v2\/types\/post"}],"author":[{"embeddable":true,"href":"https:\/\/filmfestivaldorf.com\/hr\/wp-json\/wp\/v2\/users\/1"}],"replies":[{"embeddable":true,"href":"https:\/\/filmfestivaldorf.com\/hr\/wp-json\/wp\/v2\/comments?post=741"}],"version-history":[{"count":1,"href":"https:\/\/filmfestivaldorf.com\/hr\/wp-json\/wp\/v2\/posts\/741\/revisions"}],"predecessor-version":[{"id":742,"href":"https:\/\/filmfestivaldorf.com\/hr\/wp-json\/wp\/v2\/posts\/741\/revisions\/742"}],"wp:attachment":[{"href":"https:\/\/filmfestivaldorf.com\/hr\/wp-json\/wp\/v2\/media?parent=741"}],"wp:term":[{"taxonomy":"category","embeddable":true,"href":"https:\/\/filmfestivaldorf.com\/hr\/wp-json\/wp\/v2\/categories?post=741"},{"taxonomy":"post_tag","embeddable":true,"href":"https:\/\/filmfestivaldorf.com\/hr\/wp-json\/wp\/v2\/tags?post=741"}],"curies":[{"name":"wp","href":"https:\/\/api.w.org\/{rel}","templated":true}]}}