{"id":743,"date":"2019-06-21T09:34:26","date_gmt":"2019-06-21T09:34:26","guid":{"rendered":"https:\/\/filmfestivaldorf.com\/hr\/?p=743"},"modified":"2020-05-23T09:34:51","modified_gmt":"2020-05-23T09:34:51","slug":"intro-dan-17-8-najava","status":"publish","type":"post","link":"https:\/\/filmfestivaldorf.com\/hr\/2019\/06\/21\/intro-dan-17-8-najava\/","title":{"rendered":"INTRO DAN 17.8. \u2013 najava"},"content":{"rendered":"<figure class=\"featured-media\">\n<div class=\"featured-media-inner section-inner\"><img loading=\"lazy\" class=\"attachment-post-thumbnail size-post-thumbnail wp-post-image\" src=\"https:\/\/filmfestivaldorf.com\/hrv\/wp-content\/uploads\/2019\/06\/FRANto-frantic.jpg\" sizes=\"(max-width: 710px) 100vw, 710px\" srcset=\"https:\/\/filmfestivaldorf.com\/hrv\/wp-content\/uploads\/2019\/06\/FRANto-frantic.jpg 710w, https:\/\/filmfestivaldorf.com\/hrv\/wp-content\/uploads\/2019\/06\/FRANto-frantic-300x203.jpg 300w\" alt=\"\" width=\"710\" height=\"480\" \/><\/div>\n<\/figure>\n<div class=\"post-inner thin \">\n<div class=\"entry-content\">\n<p>Zagrijavanje i uvod u ovogodi\u0161nji Filmski tjedan u Vinkovcima odr\u017eat \u0107e se u subotu 17.8. u Lapidariju GMV. Projekcija sjajnog filma slovenske redateljice Petre Seli\u0161kar\u00a0<strong>\u201eMoj svijet je naopa\u010dke\u201c<\/strong>\u00a0<em>(Petra Pan Film Production, 2016)<\/em>\u00a0u selekciji Tajna povijest rocka, zanimljiva je kombinacija \u017eivih izvedbi vode\u0107ih alternativnih glazbenika svijeta\u00a0<em>(Hugo Race, Chris Eckman, John Parish, Toma\u017e Pengov, Josipa Lisac, Bernays Propaganda\u2026)\u00a0<\/em>koji sviraju Je\u017eekove pjesme i njegovih nevjerojatnih arhivskih materijala, koji su nastajali od 1960-ih do 1980-ih.\u00a0<strong>Je\u017eek<\/strong>\u00a0je bio popularan glumac, svevremenski pisac i jedinstven performer; publiku je zadr\u017eao \u010dak i kao zatvorenik, kao osoba koja je uvijek \u017eivjela na rubu, pjesnik i, iznad svega, majstor pjesme. Svijet kojeg opisuje nije se mnogo promijenio u 30 godina; jo\u0161 je uvijek naopa\u010dke i upoznajemo ga kroz glazbeno putovanje koje polazi od \u201cone man band\u201d majstora klasi\u010dne gitare do orkestra od 60 glazbenika.\u00a0Nedavno je objavljen i\u00a0<em>soundtrack LP<\/em>\u00a0u izdanju zagreba\u010dkog PDV records, koji \u0107e biti predstavljen u Vinkovcima. Poslije projekcije nastupit \u0107e\u00a0<strong>Franto Frantic<\/strong>, u Lapidariju gledamo njegov show\u00a0<em>Something completely frantic!<\/em>\u00a0\u2013 impresivan nastup u kojem odu\u0161evljava u 28 uloga: svira, ple\u0161e, pla\u010de, nasmijava nas i tjera na razmi\u0161ljanje. Jednu od najvru\u0107ih doma\u0107ih one-man atrakcija, izvo\u0111a\u010da u naponu kreativne snage, premijerno&amp;ponosno predstavljamo slavonskoj publici u uvodnom\/intro danu.<\/p>\n<p>U okviru\u00a0<strong>OFF DORF<\/strong>\u00a0programa, u Vinkovcima \u0107e biti predstavljen nagra\u0111ivani fotograf\u00a0<strong>Igor \u010coko<\/strong>\u00a0iz Srbije, a otvorenje\u00a0<em>izlo\u017ebe fotografija \u201cIza re\u0161etaka\u201d<\/em>\u00a0je u Galeriji Slavka Kopa\u010da 19.8. od 19:00 sati. Igor \u010coko ro\u0111en je 1975.godine u Kninu. \u017divi i radi u Beogradu. Po obrazovanju je diplomirani etnolog-antropolog. Iz perspektive vizualnog antropologa, kroz dokumentarnu i uli\u010dnu fotografiju istra\u017euje senzibilitet ljudi, uli\u010dnog \u017eivota i \u017eivota stigmatiziranih grupa.<\/p>\n<p>Osim izlo\u017ebe fotografija, premijerno \u0107e u Vinkovcima 23.8. biti odr\u017eana promocija knjige\u00a0<em>\u201eJazz Beat \u2013 o utjecaju jazza na djela Beat generacije i obrnuto\u201c<\/em>\u00a0(Ex Libris, 2017)\u00a0<strong>Voje \u0160indoli\u0107a<\/strong>, prevoditelja, pjesnika, novinara, ina\u010de i pro\u0161logodi\u0161njeg dobitnika DORF nagrade za \u017eivotno djelo. \u00a0Impresivan ritam ure\u0111ivanja i objavljivanja posljednjih godina toliko nam va\u017ene literature (koja kod nas niti ne postoji, zapravo), uspjesi kod kritike i \u010ditatelja, pouzdan su dokaz da vitalni Vojo \u0160indoli\u0107 ima jo\u0161 puno toga za re\u0107i i jo\u0161 puno vrata za otvoriti\u2026<\/p>\n<p>Ponovo na DORF iz Be\u010da dolaze sjajni DJ dvojac\u00a0<strong>Stefan Skorepa<\/strong>\u00a0i\u00a0<strong>Dieter Pfeiler<\/strong>. Ovom prigodom \u0107e nastupiti u centru Vinkovaca, na zatvaranju festivala 24.8. te premijerno predstaviti i svoj dokumentarni glazbeni film o be\u010dkoj soul sceni\u00a0<em>\u201e45 Revolutions per Minute\u201c.\u00a0<\/em>Njihovo gostovanje realiziramo u suradnji sa\u00a0<em>Austrijskim kulturnim forumom<\/em>.<\/p>\n<p>Premijerno, kao voditelj i autor glazbeno-filmskog kviza u Vinkovcima \u0107e ponovo s nama biti poznati kviza\u0161\u00a0<strong>Mario Kova\u010d u utorak 20.8..<\/strong><\/p>\n<p>&nbsp;<\/p>\n<p>Podsje\u0107amo, o najboljem DORF filmu u regionalnoj konkurenciji odlu\u010dit \u0107e\u00a0<strong>Miroslav Sikavica<\/strong>\u00a0(redatelj i autor pro\u0161logodi\u0161njeg pobjedni\u010dkog DORF filma, predsjednik \u017eirija),\u00a0<strong>Matej Me\u0161trovi\u0107<\/strong>\u00a0(glazbenik) i\u00a0<strong>Marina Paulenka<\/strong>\u00a0(fotografkinja, umjetni\u010dka direktorica festivala Organ Vida).<\/p>\n<p>Nagradu za \u017eivotno djelo DORF ove godine dodjeljuje\u00a0<strong>Slobodanu \u0160ijanu<\/strong>, srpskom filmskom redatelju, vizuelnom umjetniku i publicisti i piscu, \u010diji su kultni filmovi (\u201eKo to tamo peva\u201c, \u201eMaratonci tr\u010de po\u010dasni krug\u201c, \u201eDavitelj protiv davitelja\u201c\u2026) obilje\u017eili \u017eivote (i tulume) nekoliko generacija i \u2013 naravno \u2013 cijelu DORF ekipu.<\/p>\n<p>Posebno DORF priznanje za doprinos undergroundu ove godine primit \u0107e Antonije Pu\u0161i\u0107, poznatiji kao\u00a0<strong>Rambo Amadeus<\/strong>.<\/p>\n<p>Za unikatne nagrade laureatima na ovogodi\u0161njem festivalu i ove godine zadu\u017een je genijalni splitski kipar&amp;strip autor\u00a0<strong>Miro \u017dupa<\/strong>.<\/p>\n<p>Autor ovogodi\u0161njeg DORF designa je nagra\u0111ivani mladi autor\u00a0<strong>Martin Peranovi\u0107<\/strong>\u00a0iz Otoka.<\/p>\n<p>&nbsp;<\/p>\n<p>Novost na ovogodi\u0161njim 7.Anti\u010dkim filmskim ve\u010derima je nagrada nazvana po pokojnom vinkova\u010dkom intelektualcu i arheologu prof.dr.\u00a0<strong>Stojanu Dimitrijevi\u0107u<\/strong>, ina\u010de velikom filmofilu. Prvi dobitnik nagrade za doprinos filmu i arheologiji \u201eStojan Dimitrijevi\u0107\u201c je hrvatski autor dokumentarnih filmova\u00a0<strong>Goran Devi\u0107,<\/strong>\u00a0iz Siska.<\/p>\n<p>&nbsp;<\/p>\n<p>13.Festival dokumentarnog rock filma organizira Udruga ljubitelja filma RARE uz potporu\u00a0<em>Hrvatskog audiovizualnog centra, Grada Vinkovci i Vukovarsko-srijemske \u017eupanije<\/em>. Partneri su\u00a0<em>Gradski muzej Vinkovci, Austrijski kulturni forum i NEXE grupa.<\/em><\/p>\n<p>Program 7.Anti\u010dkih filmskih ve\u010deri organizira Udruga ljubitelja filma RARE uz potporu\u00a0<em>Hrvatskog audiovizualnog centra i Grada Vinkovci<\/em>.<\/p>\n<\/div>\n<\/div>\n","protected":false},"excerpt":{"rendered":"<p>Zagrijavanje i uvod u ovogodi\u0161nji Filmski tjedan u Vinkovcima odr\u017eat \u0107e se u subotu 17.8. u Lapidariju GMV. Projekcija sjajnog filma slovenske redateljice Petre Seli\u0161kar\u00a0\u201eMoj svijet je naopa\u010dke\u201c\u00a0(Petra Pan Film Production, 2016)\u00a0u selekciji Tajna povijest rocka, zanimljiva je kombinacija \u017eivih izvedbi vode\u0107ih alternativnih glazbenika svijeta\u00a0(Hugo Race, Chris Eckman, John Parish, Toma\u017e Pengov, Josipa Lisac, Bernays [&#8230;]\n","protected":false},"author":1,"featured_media":0,"comment_status":"closed","ping_status":"closed","sticky":false,"template":"","format":"standard","meta":{"_monsterinsights_skip_tracking":false,"_monsterinsights_sitenote_active":false,"_monsterinsights_sitenote_note":"","_monsterinsights_sitenote_category":0,"_links_to":"","_links_to_target":""},"categories":[1],"tags":[],"aioseo_notices":[],"_links":{"self":[{"href":"https:\/\/filmfestivaldorf.com\/hr\/wp-json\/wp\/v2\/posts\/743"}],"collection":[{"href":"https:\/\/filmfestivaldorf.com\/hr\/wp-json\/wp\/v2\/posts"}],"about":[{"href":"https:\/\/filmfestivaldorf.com\/hr\/wp-json\/wp\/v2\/types\/post"}],"author":[{"embeddable":true,"href":"https:\/\/filmfestivaldorf.com\/hr\/wp-json\/wp\/v2\/users\/1"}],"replies":[{"embeddable":true,"href":"https:\/\/filmfestivaldorf.com\/hr\/wp-json\/wp\/v2\/comments?post=743"}],"version-history":[{"count":1,"href":"https:\/\/filmfestivaldorf.com\/hr\/wp-json\/wp\/v2\/posts\/743\/revisions"}],"predecessor-version":[{"id":744,"href":"https:\/\/filmfestivaldorf.com\/hr\/wp-json\/wp\/v2\/posts\/743\/revisions\/744"}],"wp:attachment":[{"href":"https:\/\/filmfestivaldorf.com\/hr\/wp-json\/wp\/v2\/media?parent=743"}],"wp:term":[{"taxonomy":"category","embeddable":true,"href":"https:\/\/filmfestivaldorf.com\/hr\/wp-json\/wp\/v2\/categories?post=743"},{"taxonomy":"post_tag","embeddable":true,"href":"https:\/\/filmfestivaldorf.com\/hr\/wp-json\/wp\/v2\/tags?post=743"}],"curies":[{"name":"wp","href":"https:\/\/api.w.org\/{rel}","templated":true}]}}