{"id":751,"date":"2019-05-11T14:34:19","date_gmt":"2019-05-11T14:34:19","guid":{"rendered":"https:\/\/filmfestivaldorf.com\/hr\/?p=751"},"modified":"2020-05-23T14:35:03","modified_gmt":"2020-05-23T14:35:03","slug":"off-dorf-igor-coko","status":"publish","type":"post","link":"https:\/\/filmfestivaldorf.com\/hr\/2019\/05\/11\/off-dorf-igor-coko\/","title":{"rendered":"OFF DORF \u2013 IGOR \u010cOKO"},"content":{"rendered":"<figure class=\"featured-media\">\n<div class=\"featured-media-inner section-inner\"><img loading=\"lazy\" class=\"attachment-post-thumbnail size-post-thumbnail wp-post-image\" src=\"https:\/\/filmfestivaldorf.com\/hrv\/wp-content\/uploads\/2019\/05\/coko4-Copy.jpg\" sizes=\"(max-width: 710px) 100vw, 710px\" srcset=\"https:\/\/filmfestivaldorf.com\/hrv\/wp-content\/uploads\/2019\/05\/coko4-Copy.jpg 710w, https:\/\/filmfestivaldorf.com\/hrv\/wp-content\/uploads\/2019\/05\/coko4-Copy-300x203.jpg 300w\" alt=\"\" width=\"710\" height=\"480\" \/><\/div>\n<\/figure>\n<div class=\"post-inner thin \">\n<div class=\"entry-content\">\n<p>OFF DORF 2019<\/p>\n<p>U Vinkovcima sa izlo\u017ebom \u201cIza re\u0161etaka\u201dpredstavljamo sjajnog autora nagra\u0111ivanih fotografija, nekada i urednika underground web-zinea Ispod zemlje \u2026<\/p>\n<p><a href=\"https:\/\/filmfestivaldorf.com\/hrv\/wp-content\/uploads\/2019\/05\/coko3.jpg\"><img loading=\"lazy\" class=\"alignnone size-medium wp-image-12161\" src=\"https:\/\/filmfestivaldorf.com\/hrv\/wp-content\/uploads\/2019\/05\/coko3-300x180.jpg\" sizes=\"(max-width: 300px) 100vw, 300px\" srcset=\"https:\/\/filmfestivaldorf.com\/hrv\/wp-content\/uploads\/2019\/05\/coko3-300x180.jpg 300w, https:\/\/filmfestivaldorf.com\/hrv\/wp-content\/uploads\/2019\/05\/coko3.jpg 600w\" alt=\"\" width=\"300\" height=\"180\" \/><\/a><\/p>\n<p>Igor \u010coko ro\u0111en je 1975.godine u Kninu. \u017divi i radi u Beogradu. Po obrazovanju je diplomirani etnolog-antropolog. Iz perspektive vizualnog antropologa, kroz dokumentarnu i uli\u010dnu fotografiju istra\u017euje senzibilitet ljudi, uli\u010dnog \u017eivota i \u017eivota stigmatiziranih grupa.<\/p>\n<p>Autor je tiskanih knjiga fotografija \u201cSubverzivna estetika ulice: Prizori rasko\u0161ne stvarnosti\u201d, \u201cIza re\u0161etaka: \u017divot osu\u0111enika iz Okru\u017enog zatvora u Beogradu\u201d i \u201cKaraburma, moj geto\u201d.<\/p>\n<p>Vi\u0161e o autoru saznajte na\u00a0<a href=\"http:\/\/www.igorcoko.net\/\">www.igorcoko.net<\/a><\/p>\n<div id=\"gallery-1\" class=\"gallery galleryid-12158 gallery-columns-3 gallery-size-thumbnail\">\n<figure class=\"gallery-item\">\n<div class=\"gallery-icon landscape\"><a href=\"https:\/\/filmfestivaldorf.com\/hrv\/2019\/05\/12\/off-dorf-igor-coko\/coko1\/\"><img loading=\"lazy\" class=\"attachment-thumbnail size-thumbnail\" src=\"https:\/\/filmfestivaldorf.com\/hrv\/wp-content\/uploads\/2019\/05\/coko1-150x150.jpg\" alt=\"\" width=\"150\" height=\"150\" aria-describedby=\"gallery-1-12159\" \/><\/a><\/div><figcaption id=\"gallery-1-12159\" class=\"wp-caption-text gallery-caption\">Igor Coko<\/figcaption><\/figure>\n<figure class=\"gallery-item\">\n<div class=\"gallery-icon landscape\"><a href=\"https:\/\/filmfestivaldorf.com\/hrv\/2019\/05\/12\/off-dorf-igor-coko\/coko2\/\"><img loading=\"lazy\" class=\"attachment-thumbnail size-thumbnail\" src=\"https:\/\/filmfestivaldorf.com\/hrv\/wp-content\/uploads\/2019\/05\/coko2-150x150.jpg\" alt=\"\" width=\"150\" height=\"150\" aria-describedby=\"gallery-1-12160\" \/><\/a><\/div><figcaption id=\"gallery-1-12160\" class=\"wp-caption-text gallery-caption\">Igor Coko<\/figcaption><\/figure>\n<figure class=\"gallery-item\">\n<div class=\"gallery-icon landscape\"><a href=\"https:\/\/filmfestivaldorf.com\/hrv\/2019\/05\/12\/off-dorf-igor-coko\/coko4\/\"><img loading=\"lazy\" class=\"attachment-thumbnail size-thumbnail\" src=\"https:\/\/filmfestivaldorf.com\/hrv\/wp-content\/uploads\/2019\/05\/coko4-150x150.jpg\" alt=\"\" width=\"150\" height=\"150\" aria-describedby=\"gallery-1-12162\" \/><\/a><\/div><figcaption id=\"gallery-1-12162\" class=\"wp-caption-text gallery-caption\">Igor Coko<\/figcaption><\/figure>\n<figure class=\"gallery-item\">\n<div class=\"gallery-icon landscape\"><a href=\"https:\/\/filmfestivaldorf.com\/hrv\/2019\/05\/12\/off-dorf-igor-coko\/coko5\/\"><img loading=\"lazy\" class=\"attachment-thumbnail size-thumbnail\" src=\"https:\/\/filmfestivaldorf.com\/hrv\/wp-content\/uploads\/2019\/05\/coko5-150x150.jpg\" alt=\"\" width=\"150\" height=\"150\" aria-describedby=\"gallery-1-12163\" \/><\/a><\/div><figcaption id=\"gallery-1-12163\" class=\"wp-caption-text gallery-caption\">Igor Coko<\/figcaption><\/figure>\n<figure class=\"gallery-item\">\n<div class=\"gallery-icon landscape\"><a href=\"https:\/\/filmfestivaldorf.com\/hrv\/2019\/05\/12\/off-dorf-igor-coko\/coko6\/\"><img loading=\"lazy\" class=\"attachment-thumbnail size-thumbnail\" src=\"https:\/\/filmfestivaldorf.com\/hrv\/wp-content\/uploads\/2019\/05\/coko6-150x150.jpg\" alt=\"\" width=\"150\" height=\"150\" aria-describedby=\"gallery-1-12164\" \/><\/a><\/div><figcaption id=\"gallery-1-12164\" class=\"wp-caption-text gallery-caption\">Igor Coko<\/figcaption><\/figure>\n<figure class=\"gallery-item\">\n<div class=\"gallery-icon landscape\"><a href=\"https:\/\/filmfestivaldorf.com\/hrv\/2019\/05\/12\/off-dorf-igor-coko\/coko7\/\"><img loading=\"lazy\" class=\"attachment-thumbnail size-thumbnail\" src=\"https:\/\/filmfestivaldorf.com\/hrv\/wp-content\/uploads\/2019\/05\/coko7-150x150.jpg\" alt=\"\" width=\"150\" height=\"150\" aria-describedby=\"gallery-1-12165\" \/><\/a><\/div><figcaption id=\"gallery-1-12165\" class=\"wp-caption-text gallery-caption\">Igor Coko<\/figcaption><\/figure>\n<figure class=\"gallery-item\">\n<div class=\"gallery-icon landscape\"><a href=\"https:\/\/filmfestivaldorf.com\/hrv\/2019\/05\/12\/off-dorf-igor-coko\/coko8\/\"><img loading=\"lazy\" class=\"attachment-thumbnail size-thumbnail\" src=\"https:\/\/filmfestivaldorf.com\/hrv\/wp-content\/uploads\/2019\/05\/coko8-150x150.jpg\" alt=\"\" width=\"150\" height=\"150\" aria-describedby=\"gallery-1-12166\" \/><\/a><\/div><figcaption id=\"gallery-1-12166\" class=\"wp-caption-text gallery-caption\">Igor Coko<\/figcaption><\/figure>\n<figure class=\"gallery-item\">\n<div class=\"gallery-icon landscape\"><a href=\"https:\/\/filmfestivaldorf.com\/hrv\/2019\/05\/12\/off-dorf-igor-coko\/coko9\/\"><img loading=\"lazy\" class=\"attachment-thumbnail size-thumbnail\" src=\"https:\/\/filmfestivaldorf.com\/hrv\/wp-content\/uploads\/2019\/05\/coko9-150x150.jpg\" alt=\"\" width=\"150\" height=\"150\" aria-describedby=\"gallery-1-12167\" \/><\/a><\/div><figcaption id=\"gallery-1-12167\" class=\"wp-caption-text gallery-caption\">Igor Coko<\/figcaption><\/figure>\n<\/div>\n<\/div>\n<\/div>\n","protected":false},"excerpt":{"rendered":"<p>OFF DORF 2019 U Vinkovcima sa izlo\u017ebom \u201cIza re\u0161etaka\u201dpredstavljamo sjajnog autora nagra\u0111ivanih fotografija, nekada i urednika underground web-zinea Ispod zemlje \u2026 Igor \u010coko ro\u0111en je 1975.godine u Kninu. \u017divi i radi u Beogradu. Po obrazovanju je diplomirani etnolog-antropolog. Iz perspektive vizualnog antropologa, kroz dokumentarnu i uli\u010dnu fotografiju istra\u017euje senzibilitet ljudi, uli\u010dnog \u017eivota i \u017eivota stigmatiziranih [&#8230;]\n","protected":false},"author":1,"featured_media":0,"comment_status":"closed","ping_status":"closed","sticky":false,"template":"","format":"standard","meta":{"_monsterinsights_skip_tracking":false,"_monsterinsights_sitenote_active":false,"_monsterinsights_sitenote_note":"","_monsterinsights_sitenote_category":0,"_links_to":"","_links_to_target":""},"categories":[1],"tags":[],"aioseo_notices":[],"_links":{"self":[{"href":"https:\/\/filmfestivaldorf.com\/hr\/wp-json\/wp\/v2\/posts\/751"}],"collection":[{"href":"https:\/\/filmfestivaldorf.com\/hr\/wp-json\/wp\/v2\/posts"}],"about":[{"href":"https:\/\/filmfestivaldorf.com\/hr\/wp-json\/wp\/v2\/types\/post"}],"author":[{"embeddable":true,"href":"https:\/\/filmfestivaldorf.com\/hr\/wp-json\/wp\/v2\/users\/1"}],"replies":[{"embeddable":true,"href":"https:\/\/filmfestivaldorf.com\/hr\/wp-json\/wp\/v2\/comments?post=751"}],"version-history":[{"count":1,"href":"https:\/\/filmfestivaldorf.com\/hr\/wp-json\/wp\/v2\/posts\/751\/revisions"}],"predecessor-version":[{"id":752,"href":"https:\/\/filmfestivaldorf.com\/hr\/wp-json\/wp\/v2\/posts\/751\/revisions\/752"}],"wp:attachment":[{"href":"https:\/\/filmfestivaldorf.com\/hr\/wp-json\/wp\/v2\/media?parent=751"}],"wp:term":[{"taxonomy":"category","embeddable":true,"href":"https:\/\/filmfestivaldorf.com\/hr\/wp-json\/wp\/v2\/categories?post=751"},{"taxonomy":"post_tag","embeddable":true,"href":"https:\/\/filmfestivaldorf.com\/hr\/wp-json\/wp\/v2\/tags?post=751"}],"curies":[{"name":"wp","href":"https:\/\/api.w.org\/{rel}","templated":true}]}}