{"id":756,"date":"2019-04-23T14:36:28","date_gmt":"2019-04-23T14:36:28","guid":{"rendered":"https:\/\/filmfestivaldorf.com\/hr\/?p=756"},"modified":"2020-05-23T14:37:19","modified_gmt":"2020-05-23T14:37:19","slug":"dorf-2019-ziri","status":"publish","type":"post","link":"https:\/\/filmfestivaldorf.com\/hr\/2019\/04\/23\/dorf-2019-ziri\/","title":{"rendered":"DORF 2019 \u017dIRI"},"content":{"rendered":"<figure class=\"featured-media\">\n<div class=\"featured-media-inner section-inner\"><img loading=\"lazy\" class=\"attachment-post-thumbnail size-post-thumbnail wp-post-image\" src=\"https:\/\/filmfestivaldorf.com\/hrv\/wp-content\/uploads\/2019\/04\/ziri-M-Sikavica.jpg\" sizes=\"(max-width: 710px) 100vw, 710px\" srcset=\"https:\/\/filmfestivaldorf.com\/hrv\/wp-content\/uploads\/2019\/04\/ziri-M-Sikavica.jpg 710w, https:\/\/filmfestivaldorf.com\/hrv\/wp-content\/uploads\/2019\/04\/ziri-M-Sikavica-300x203.jpg 300w\" alt=\"\" width=\"710\" height=\"480\" \/><\/div>\n<\/figure>\n<div class=\"post-inner thin \">\n<div class=\"entry-content\">\n<p>Ovogodi\u0161njim \u017eirijem predsjeda pro\u0161logodi\u0161nji laureat Miroslav Sikavica, a s njim u dru\u0161tvu su jo\u0161 fotografkinja Marina Paulenka i glazbenik Matej Me\u0161trovi\u0107. Oni \u0107e odlu\u010diti kome \u0107e pripasti laskava titula ovogodi\u0161njeg najboljeg filma u regionalnoj konkurenciji i novo remek-djelo Mire\u00a0 \u017dupe.<\/p>\n<\/div>\n<\/div>\n","protected":false},"excerpt":{"rendered":"<p>Ovogodi\u0161njim \u017eirijem predsjeda pro\u0161logodi\u0161nji laureat Miroslav Sikavica, a s njim u dru\u0161tvu su jo\u0161 fotografkinja Marina Paulenka i glazbenik Matej Me\u0161trovi\u0107. Oni \u0107e odlu\u010diti kome \u0107e pripasti laskava titula ovogodi\u0161njeg najboljeg filma u regionalnoj konkurenciji i novo remek-djelo Mire\u00a0 \u017dupe.<\/p>\n","protected":false},"author":1,"featured_media":0,"comment_status":"closed","ping_status":"closed","sticky":false,"template":"","format":"standard","meta":{"_monsterinsights_skip_tracking":false,"_monsterinsights_sitenote_active":false,"_monsterinsights_sitenote_note":"","_monsterinsights_sitenote_category":0,"_links_to":"","_links_to_target":""},"categories":[1],"tags":[],"aioseo_notices":[],"_links":{"self":[{"href":"https:\/\/filmfestivaldorf.com\/hr\/wp-json\/wp\/v2\/posts\/756"}],"collection":[{"href":"https:\/\/filmfestivaldorf.com\/hr\/wp-json\/wp\/v2\/posts"}],"about":[{"href":"https:\/\/filmfestivaldorf.com\/hr\/wp-json\/wp\/v2\/types\/post"}],"author":[{"embeddable":true,"href":"https:\/\/filmfestivaldorf.com\/hr\/wp-json\/wp\/v2\/users\/1"}],"replies":[{"embeddable":true,"href":"https:\/\/filmfestivaldorf.com\/hr\/wp-json\/wp\/v2\/comments?post=756"}],"version-history":[{"count":1,"href":"https:\/\/filmfestivaldorf.com\/hr\/wp-json\/wp\/v2\/posts\/756\/revisions"}],"predecessor-version":[{"id":757,"href":"https:\/\/filmfestivaldorf.com\/hr\/wp-json\/wp\/v2\/posts\/756\/revisions\/757"}],"wp:attachment":[{"href":"https:\/\/filmfestivaldorf.com\/hr\/wp-json\/wp\/v2\/media?parent=756"}],"wp:term":[{"taxonomy":"category","embeddable":true,"href":"https:\/\/filmfestivaldorf.com\/hr\/wp-json\/wp\/v2\/categories?post=756"},{"taxonomy":"post_tag","embeddable":true,"href":"https:\/\/filmfestivaldorf.com\/hr\/wp-json\/wp\/v2\/tags?post=756"}],"curies":[{"name":"wp","href":"https:\/\/api.w.org\/{rel}","templated":true}]}}