{"id":760,"date":"2019-04-28T14:56:21","date_gmt":"2019-04-28T14:56:21","guid":{"rendered":"https:\/\/filmfestivaldorf.com\/hr\/?p=760"},"modified":"2020-05-23T14:57:32","modified_gmt":"2020-05-23T14:57:32","slug":"marina-paulenka","status":"publish","type":"post","link":"https:\/\/filmfestivaldorf.com\/hr\/2019\/04\/28\/marina-paulenka\/","title":{"rendered":"MARINA PAULENKA"},"content":{"rendered":"<figure class=\"featured-media\">\n<div class=\"featured-media-inner section-inner medium\"><img loading=\"lazy\" class=\"attachment-post-thumbnail size-post-thumbnail wp-post-image\" src=\"https:\/\/filmfestivaldorf.com\/hrv\/wp-content\/uploads\/2019\/04\/ziri-marina.jpg\" sizes=\"(max-width: 710px) 100vw, 710px\" srcset=\"https:\/\/filmfestivaldorf.com\/hrv\/wp-content\/uploads\/2019\/04\/ziri-marina.jpg 710w, https:\/\/filmfestivaldorf.com\/hrv\/wp-content\/uploads\/2019\/04\/ziri-marina-300x203.jpg 300w\" alt=\"\" width=\"710\" height=\"480\" \/><\/div>\n<\/figure>\n<div class=\"post-inner thin \">\n<div class=\"entry-content\">\n<p>fotografkinja, kustosica te osniva\u010dica i umjetni\u010dka direktorica Me\u0111unarodnog festivala fotografije Organ Vida i fotografske organizacije Organ Vida.<br \/>\nZavr\u0161ila je diplomski studij fotografije na ADU u Zagrebu i diplomski studij grafi\u010dkog dizajna na Grafi\u010dkom fakultetu u Zagrebu.<br \/>\n\u010clanica je Hrvatskog dru\u0161tva samostalnih umjetnika. Paulenka je me\u0111unarodna nominatorica, \u010dlanica \u017eirija, edukatorica i recenzentica portfelja u brojnim institucijama i festivalima (PLAT(T)FORM Foomuseum Wintethur, Joop Swart Masterclass, Les Rencontres d\u2019Arles, FORMAT Festival, Trijenale fotografije Hamburg\u2026). U svojoj dvojnoj ulozi kao fotografkinja i festivalska direktorica imala je priliku i zadovoljstvo raditi na brojnim izlo\u017ebama, susretati umjetnike i sudjelovati u brojnim me\u0111unarodnim diskusijama i konferencijama o aktualnim zbivanjima u suvremenoj fotografiji u svijetu.<\/p>\n<\/div>\n<\/div>\n","protected":false},"excerpt":{"rendered":"<p>fotografkinja, kustosica te osniva\u010dica i umjetni\u010dka direktorica Me\u0111unarodnog festivala fotografije Organ Vida i fotografske organizacije Organ Vida. Zavr\u0161ila je diplomski studij fotografije na ADU u Zagrebu i diplomski studij grafi\u010dkog dizajna na Grafi\u010dkom fakultetu u Zagrebu. \u010clanica je Hrvatskog dru\u0161tva samostalnih umjetnika. Paulenka je me\u0111unarodna nominatorica, \u010dlanica \u017eirija, edukatorica i recenzentica portfelja u brojnim institucijama [&#8230;]\n","protected":false},"author":1,"featured_media":0,"comment_status":"closed","ping_status":"closed","sticky":false,"template":"","format":"standard","meta":{"_monsterinsights_skip_tracking":false,"_monsterinsights_sitenote_active":false,"_monsterinsights_sitenote_note":"","_monsterinsights_sitenote_category":0,"_links_to":"","_links_to_target":""},"categories":[1],"tags":[],"aioseo_notices":[],"_links":{"self":[{"href":"https:\/\/filmfestivaldorf.com\/hr\/wp-json\/wp\/v2\/posts\/760"}],"collection":[{"href":"https:\/\/filmfestivaldorf.com\/hr\/wp-json\/wp\/v2\/posts"}],"about":[{"href":"https:\/\/filmfestivaldorf.com\/hr\/wp-json\/wp\/v2\/types\/post"}],"author":[{"embeddable":true,"href":"https:\/\/filmfestivaldorf.com\/hr\/wp-json\/wp\/v2\/users\/1"}],"replies":[{"embeddable":true,"href":"https:\/\/filmfestivaldorf.com\/hr\/wp-json\/wp\/v2\/comments?post=760"}],"version-history":[{"count":1,"href":"https:\/\/filmfestivaldorf.com\/hr\/wp-json\/wp\/v2\/posts\/760\/revisions"}],"predecessor-version":[{"id":761,"href":"https:\/\/filmfestivaldorf.com\/hr\/wp-json\/wp\/v2\/posts\/760\/revisions\/761"}],"wp:attachment":[{"href":"https:\/\/filmfestivaldorf.com\/hr\/wp-json\/wp\/v2\/media?parent=760"}],"wp:term":[{"taxonomy":"category","embeddable":true,"href":"https:\/\/filmfestivaldorf.com\/hr\/wp-json\/wp\/v2\/categories?post=760"},{"taxonomy":"post_tag","embeddable":true,"href":"https:\/\/filmfestivaldorf.com\/hr\/wp-json\/wp\/v2\/tags?post=760"}],"curies":[{"name":"wp","href":"https:\/\/api.w.org\/{rel}","templated":true}]}}