{"id":764,"date":"2019-04-18T14:58:58","date_gmt":"2019-04-18T14:58:58","guid":{"rendered":"https:\/\/filmfestivaldorf.com\/hr\/?p=764"},"modified":"2020-05-23T14:59:44","modified_gmt":"2020-05-23T14:59:44","slug":"filmski-tjedan-u-vinkovcima-2019","status":"publish","type":"post","link":"https:\/\/filmfestivaldorf.com\/hr\/2019\/04\/18\/filmski-tjedan-u-vinkovcima-2019\/","title":{"rendered":"FILMSKI TJEDAN U VINKOVCIMA 2019"},"content":{"rendered":"<figure class=\"featured-media\">\n<div class=\"featured-media-inner section-inner\"><img loading=\"lazy\" class=\"attachment-post-thumbnail size-post-thumbnail wp-post-image\" src=\"https:\/\/filmfestivaldorf.com\/hrv\/wp-content\/uploads\/2019\/04\/DORF-1-sonics-Copy.jpg\" sizes=\"(max-width: 710px) 100vw, 710px\" srcset=\"https:\/\/filmfestivaldorf.com\/hrv\/wp-content\/uploads\/2019\/04\/DORF-1-sonics-Copy.jpg 710w, https:\/\/filmfestivaldorf.com\/hrv\/wp-content\/uploads\/2019\/04\/DORF-1-sonics-Copy-300x203.jpg 300w\" alt=\"\" width=\"710\" height=\"480\" \/><\/div>\n<\/figure>\n<div class=\"post-inner thin \">\n<div class=\"entry-content\">\n<p>Udruga ljubitelja filma RARE iz Vinkovaca i tre\u0107u godinu zaredom pripremila je bogat filmski program u Lapidariju Gradskog muzeja u Vinkovcima. Povezivanjem programa 7.Anti\u010dkih filmskih ve\u010deri i 13.Festivala dokumentarnog rock filma slavonski ljubitelji dokumentarnih filmova u tjednu od 19. do 24.kolovoza u\u017eivati \u0107e u projekcijama recentne filmske produkcije uz popratni program.<\/p>\n<p>Ovogodi\u0161nji DORF otvara ekskluzivna regionalna premijera \u2013 projekcija filma o kultnom sastavu iz Seattlea\u00a0<strong>\u201e Boom! A Film about the Sonics\u201c<\/strong>\u00a0(2018.), autora Jordana Albertsena (SAD)!!<\/p>\n<p>Dugo o\u010dekivana pri\u010da o bandu koji je utjecao na cijeli \u017eanr, svirao uzbudljivi rock and roll i postavio temelje punk rock eksplozije prikazana je u emotivnoj posveti autora, koji ih je pratio 10 godina. U filmu su prikazani impresivni materijali, izjave nadahnutih sugovornika (Mudhoney, Pearl Jam, Jack Endino\u2026) uz kronolo\u0161ki prikaz vrlo kratke karijere. Dobili smo film koji odli\u010dno pokazuje za\u0161to su Sonics toliko va\u017ean band, film koji zavr\u0161ava sa neo\u010dekivanom reunion svjetskom turnejom, novim studijskim albumom i \u2013 davno zaslu\u017eenim jednoglasnim priznanjem za njihovu neobuzdanu i divlju glazbu, koja i danas zvu\u010di svje\u017ee i opasno.<\/p>\n<p>&nbsp;<\/p>\n<p>O najboljem DORF filmu u regionalnoj konkurenciji odlu\u010dit \u0107e\u00a0<strong>Miroslav Sikavica<\/strong>\u00a0(redatelj i autor pro\u0161logodi\u0161njeg pobjedni\u010dkog DORF filma, predsjednik \u017eirija),\u00a0<strong>Matej Me\u0161trovi\u0107<\/strong>\u00a0(glazbenik) i\u00a0<strong>Marina Paulenka<\/strong>\u00a0(fotografkinja, umjetni\u010dka direktorica festivala Organ Vida).<\/p>\n<p>Podsje\u0107amo,\u00a0<em>natje\u010daj za prijave<\/em>\u00a0je otvoren do 1.5., a prijavnica i vi\u0161e detalja nalaze se na festivalskoj stranici\u00a0<a href=\"http:\/\/www.filmfestivaldorf.com\/\">www.filmfestivaldorf.com<\/a>\u00a0.<\/p>\n<p>U okviru\u00a0<strong>OFF DORF<\/strong>\u00a0programa, u Vinkovcima \u0107e biti predstavljen nagra\u0111ivani fotograf\u00a0<strong>Igor \u010coko<\/strong>\u00a0iz Srbije, a osim izlo\u017ebe fotografija pripremljene su promocije knjiga. U suradnji sa Austrijskim kulturnim forumom iz Be\u010da ponovo na DORF dolaze sjajni DJ dvojac\u00a0<strong>Stefan Skorepa<\/strong>\u00a0i\u00a0<strong>Dieter Pfeiler<\/strong>. U sje\u0107anju su njihovi uzbudljivi nastupi u Rijeci i Zagrebu od prije nekoliko godina, kada su ovi \u010dlanovi be\u010dkog kolektiva\u00a0<strong><em>Beatzentrale<\/em><\/strong>\u00a0svojim raspojasanim setom vintage soul i funk plesnih bisera pu\u0161tanih sa singlica napravili \u00a0DORF tulum za pam\u0107enje. Ovom prigodom \u0107e premijerno predstaviti i svoj dokumentarni glazbeni film o be\u010dkoj soul sceni\u00a0<em>\u201e45 Revolutions per Minute\u201c.<\/em><\/p>\n<p>Za unikatne nagrade laureatima na ovogodi\u0161njem festivalu i ove godine zadu\u017een je genijalni splitski kipar&amp;strip autor\u00a0<strong>Miro \u017dupa<\/strong>.<\/p>\n<p>Autor ovogodi\u0161njeg DORF designa je nagra\u0111ivani mladi autor\u00a0<strong>Martin Peranovi\u0107<\/strong>\u00a0iz Otoka.<\/p>\n<\/div>\n<\/div>\n","protected":false},"excerpt":{"rendered":"<p>Udruga ljubitelja filma RARE iz Vinkovaca i tre\u0107u godinu zaredom pripremila je bogat filmski program u Lapidariju Gradskog muzeja u Vinkovcima. Povezivanjem programa 7.Anti\u010dkih filmskih ve\u010deri i 13.Festivala dokumentarnog rock filma slavonski ljubitelji dokumentarnih filmova u tjednu od 19. do 24.kolovoza u\u017eivati \u0107e u projekcijama recentne filmske produkcije uz popratni program. Ovogodi\u0161nji DORF otvara ekskluzivna [&#8230;]\n","protected":false},"author":1,"featured_media":0,"comment_status":"closed","ping_status":"closed","sticky":false,"template":"","format":"standard","meta":{"_monsterinsights_skip_tracking":false,"_monsterinsights_sitenote_active":false,"_monsterinsights_sitenote_note":"","_monsterinsights_sitenote_category":0,"_links_to":"","_links_to_target":""},"categories":[1],"tags":[],"aioseo_notices":[],"_links":{"self":[{"href":"https:\/\/filmfestivaldorf.com\/hr\/wp-json\/wp\/v2\/posts\/764"}],"collection":[{"href":"https:\/\/filmfestivaldorf.com\/hr\/wp-json\/wp\/v2\/posts"}],"about":[{"href":"https:\/\/filmfestivaldorf.com\/hr\/wp-json\/wp\/v2\/types\/post"}],"author":[{"embeddable":true,"href":"https:\/\/filmfestivaldorf.com\/hr\/wp-json\/wp\/v2\/users\/1"}],"replies":[{"embeddable":true,"href":"https:\/\/filmfestivaldorf.com\/hr\/wp-json\/wp\/v2\/comments?post=764"}],"version-history":[{"count":1,"href":"https:\/\/filmfestivaldorf.com\/hr\/wp-json\/wp\/v2\/posts\/764\/revisions"}],"predecessor-version":[{"id":765,"href":"https:\/\/filmfestivaldorf.com\/hr\/wp-json\/wp\/v2\/posts\/764\/revisions\/765"}],"wp:attachment":[{"href":"https:\/\/filmfestivaldorf.com\/hr\/wp-json\/wp\/v2\/media?parent=764"}],"wp:term":[{"taxonomy":"category","embeddable":true,"href":"https:\/\/filmfestivaldorf.com\/hr\/wp-json\/wp\/v2\/categories?post=764"},{"taxonomy":"post_tag","embeddable":true,"href":"https:\/\/filmfestivaldorf.com\/hr\/wp-json\/wp\/v2\/tags?post=764"}],"curies":[{"name":"wp","href":"https:\/\/api.w.org\/{rel}","templated":true}]}}