{"id":770,"date":"2018-09-08T15:02:05","date_gmt":"2018-09-08T15:02:05","guid":{"rendered":"https:\/\/filmfestivaldorf.com\/hr\/?p=770"},"modified":"2020-05-23T15:03:05","modified_gmt":"2020-05-23T15:03:05","slug":"dorf-2018-nagrada-sareni-ducan","status":"publish","type":"post","link":"https:\/\/filmfestivaldorf.com\/hr\/2018\/09\/08\/dorf-2018-nagrada-sareni-ducan\/","title":{"rendered":"DORF 2018 NAGRADA \u0160ARENI DU\u0106AN"},"content":{"rendered":"<figure class=\"featured-media\">\n<div class=\"featured-media-inner section-inner\"><img loading=\"lazy\" class=\"attachment-post-thumbnail size-post-thumbnail wp-post-image\" src=\"https:\/\/filmfestivaldorf.com\/hrv\/wp-content\/uploads\/2018\/09\/nagrada-sareni-ducan-Copy.jpg\" sizes=\"(max-width: 710px) 100vw, 710px\" srcset=\"https:\/\/filmfestivaldorf.com\/hrv\/wp-content\/uploads\/2018\/09\/nagrada-sareni-ducan-Copy.jpg 710w, https:\/\/filmfestivaldorf.com\/hrv\/wp-content\/uploads\/2018\/09\/nagrada-sareni-ducan-Copy-300x203.jpg 300w\" alt=\"\" width=\"710\" height=\"480\" \/><\/div>\n<\/figure>\n<div class=\"post-inner thin \">\n<div class=\"entry-content\">\n<p>U Koprivnici,na 3.Viniliji, u usbotu 8.9. prigodno je uru\u010dena ovogodisnja DORF nagrada za doprinos undergroundu.<\/p>\n<p>Primio ju je Kruno Jajeti\u0107, a nagrada je djelo Mire \u017dupe.<\/p>\n<\/div>\n<\/div>\n","protected":false},"excerpt":{"rendered":"<p>U Koprivnici,na 3.Viniliji, u usbotu 8.9. prigodno je uru\u010dena ovogodisnja DORF nagrada za doprinos undergroundu. Primio ju je Kruno Jajeti\u0107, a nagrada je djelo Mire \u017dupe.<\/p>\n","protected":false},"author":1,"featured_media":0,"comment_status":"closed","ping_status":"closed","sticky":false,"template":"","format":"standard","meta":{"_monsterinsights_skip_tracking":false,"_monsterinsights_sitenote_active":false,"_monsterinsights_sitenote_note":"","_monsterinsights_sitenote_category":0,"_links_to":"","_links_to_target":""},"categories":[1],"tags":[],"aioseo_notices":[],"_links":{"self":[{"href":"https:\/\/filmfestivaldorf.com\/hr\/wp-json\/wp\/v2\/posts\/770"}],"collection":[{"href":"https:\/\/filmfestivaldorf.com\/hr\/wp-json\/wp\/v2\/posts"}],"about":[{"href":"https:\/\/filmfestivaldorf.com\/hr\/wp-json\/wp\/v2\/types\/post"}],"author":[{"embeddable":true,"href":"https:\/\/filmfestivaldorf.com\/hr\/wp-json\/wp\/v2\/users\/1"}],"replies":[{"embeddable":true,"href":"https:\/\/filmfestivaldorf.com\/hr\/wp-json\/wp\/v2\/comments?post=770"}],"version-history":[{"count":1,"href":"https:\/\/filmfestivaldorf.com\/hr\/wp-json\/wp\/v2\/posts\/770\/revisions"}],"predecessor-version":[{"id":771,"href":"https:\/\/filmfestivaldorf.com\/hr\/wp-json\/wp\/v2\/posts\/770\/revisions\/771"}],"wp:attachment":[{"href":"https:\/\/filmfestivaldorf.com\/hr\/wp-json\/wp\/v2\/media?parent=770"}],"wp:term":[{"taxonomy":"category","embeddable":true,"href":"https:\/\/filmfestivaldorf.com\/hr\/wp-json\/wp\/v2\/categories?post=770"},{"taxonomy":"post_tag","embeddable":true,"href":"https:\/\/filmfestivaldorf.com\/hr\/wp-json\/wp\/v2\/tags?post=770"}],"curies":[{"name":"wp","href":"https:\/\/api.w.org\/{rel}","templated":true}]}}