{"id":774,"date":"2018-08-25T15:04:23","date_gmt":"2018-08-25T15:04:23","guid":{"rendered":"https:\/\/filmfestivaldorf.com\/hr\/?p=774"},"modified":"2020-05-23T15:05:03","modified_gmt":"2020-05-23T15:05:03","slug":"zavrsetak-12-dorf-vinkovci","status":"publish","type":"post","link":"https:\/\/filmfestivaldorf.com\/hr\/2018\/08\/25\/zavrsetak-12-dorf-vinkovci\/","title":{"rendered":"ZAVR\u0160ETAK 12.DORF VINKOVCI"},"content":{"rendered":"<figure class=\"featured-media\">\n<div class=\"featured-media-inner section-inner\"><img loading=\"lazy\" class=\"attachment-post-thumbnail size-post-thumbnail wp-post-image\" src=\"https:\/\/filmfestivaldorf.com\/hrv\/wp-content\/uploads\/2018\/08\/barbershop1-Copy.jpeg\" sizes=\"(max-width: 710px) 100vw, 710px\" srcset=\"https:\/\/filmfestivaldorf.com\/hrv\/wp-content\/uploads\/2018\/08\/barbershop1-Copy.jpeg 710w, https:\/\/filmfestivaldorf.com\/hrv\/wp-content\/uploads\/2018\/08\/barbershop1-Copy-300x203.jpeg 300w\" alt=\"\" width=\"710\" height=\"480\" \/><\/div>\n<\/figure>\n<div class=\"post-inner thin \">\n<div class=\"entry-content\">\n<p>Zakljucni dio ovogodisnjeg DORFa.. S nama je veceras veleposlanice Irske gdja Olive Hempenstall, a ispred filma Glasnije od oruzja stigla je Neda Frank, producentica. Nagradu za najfilm ce uruciti Sinisa Labrovic. Pridruzite nam se veceras, jos veceras u lapidariju u centru grada.<\/p>\n<p>Veceras najprije od 20:30 gledamo kratki film o kultnom dublinskom barbershopu, prikazan na brojnim festivalima. U drustvu nam je gdja Olive Hermpenstal\u00a0<a class=\"profileLink\" href=\"https:\/\/www.facebook.com\/Embassy-of-Ireland-Croatia-831971830194578\/?fref=mentions&amp;__xts__%5B0%5D=68.ARDMsvf_6sUqhYIIq-my9M5H6mqsbxcB0-K7t3olZnh3gSlf0xwSZilK6MSVodTCO0aD32Kyl05qJLizB5e3crAv0fE0Aa1x-17nnJsMk1sgw5TXGQet1yUzjazi_73GP7iHHkk&amp;__tn__=K-R\" data-hovercard=\"\/ajax\/hovercard\/page.php?id=831971830194578&amp;extragetparams=%7B%22fref%22%3A%22mentions%22%7D\" data-hovercard-prefer-more-content-show=\"1\">Embassy of Ireland Croatia<\/a>, a i\u00a0<a class=\"profileLink\" href=\"https:\/\/www.facebook.com\/BarberShopSpanic\/?fref=mentions&amp;__xts__%5B0%5D=68.ARDMsvf_6sUqhYIIq-my9M5H6mqsbxcB0-K7t3olZnh3gSlf0xwSZilK6MSVodTCO0aD32Kyl05qJLizB5e3crAv0fE0Aa1x-17nnJsMk1sgw5TXGQet1yUzjazi_73GP7iHHkk&amp;__tn__=K-R\" data-hovercard=\"\/ajax\/hovercard\/page.php?id=242590526154789&amp;extragetparams=%7B%22fref%22%3A%22mentions%22%7D\" data-hovercard-prefer-more-content-show=\"1\">Barbershop Spanic<\/a>\u00a0ce nam se pridruziti\u2026<\/p>\n<p>Nakon toga, gledamo premijerno kratki film \u201cHannah Williams in Tokyo\u201d, o seriji koncerata mlade britanske soul pjevacice<\/p>\n<p>Na kraju gledamo odlican dokumentarni film o ulozi glazbe u Domovinskom ratu \u201cGlasnije od oru\u017eja\u201d, autora Miroslava Sikavice. Film \u0107e predstaviti Neda Frank, iz producentskog tima.<\/p>\n<p>Potom slijedi progla\u0161enje najboljeg 12.DORF filma u regionalnoj konkurenciji, a to \u0107e objaviti Sini\u0161a Labrovi\u0107, \u010dlan ovogodi\u0161njeg \u017eirija.<\/p>\n<p>Vidimo se od 20:30 sati, a najbolje svratite prije, da ne kazete poslije da vam nismo rekli:-)<\/p>\n<p><a href=\"https:\/\/filmfestivaldorf.com\/hrv\/wp-content\/uploads\/2018\/08\/gif-za-fb_vinkovci_3_korigirano.gif\"><img loading=\"lazy\" class=\"alignnone size-medium wp-image-12057\" src=\"https:\/\/filmfestivaldorf.com\/hrv\/wp-content\/uploads\/2018\/08\/gif-za-fb_vinkovci_3_korigirano-300x198.gif\" sizes=\"(max-width: 300px) 100vw, 300px\" srcset=\"https:\/\/filmfestivaldorf.com\/hrv\/wp-content\/uploads\/2018\/08\/gif-za-fb_vinkovci_3_korigirano-300x198.gif 300w, https:\/\/filmfestivaldorf.com\/hrv\/wp-content\/uploads\/2018\/08\/gif-za-fb_vinkovci_3_korigirano-768x508.gif 768w, https:\/\/filmfestivaldorf.com\/hrv\/wp-content\/uploads\/2018\/08\/gif-za-fb_vinkovci_3_korigirano-1024x677.gif 1024w, https:\/\/filmfestivaldorf.com\/hrv\/wp-content\/uploads\/2018\/08\/gif-za-fb_vinkovci_3_korigirano-720x476.gif 720w\" alt=\"\" width=\"300\" height=\"198\" \/><\/a><\/p>\n<\/div>\n<\/div>\n","protected":false},"excerpt":{"rendered":"<p>Zakljucni dio ovogodisnjeg DORFa.. S nama je veceras veleposlanice Irske gdja Olive Hempenstall, a ispred filma Glasnije od oruzja stigla je Neda Frank, producentica. Nagradu za najfilm ce uruciti Sinisa Labrovic. Pridruzite nam se veceras, jos veceras u lapidariju u centru grada. Veceras najprije od 20:30 gledamo kratki film o kultnom dublinskom barbershopu, prikazan na [&#8230;]\n","protected":false},"author":1,"featured_media":0,"comment_status":"closed","ping_status":"closed","sticky":false,"template":"","format":"standard","meta":{"_monsterinsights_skip_tracking":false,"_monsterinsights_sitenote_active":false,"_monsterinsights_sitenote_note":"","_monsterinsights_sitenote_category":0,"_links_to":"","_links_to_target":""},"categories":[1],"tags":[],"aioseo_notices":[],"_links":{"self":[{"href":"https:\/\/filmfestivaldorf.com\/hr\/wp-json\/wp\/v2\/posts\/774"}],"collection":[{"href":"https:\/\/filmfestivaldorf.com\/hr\/wp-json\/wp\/v2\/posts"}],"about":[{"href":"https:\/\/filmfestivaldorf.com\/hr\/wp-json\/wp\/v2\/types\/post"}],"author":[{"embeddable":true,"href":"https:\/\/filmfestivaldorf.com\/hr\/wp-json\/wp\/v2\/users\/1"}],"replies":[{"embeddable":true,"href":"https:\/\/filmfestivaldorf.com\/hr\/wp-json\/wp\/v2\/comments?post=774"}],"version-history":[{"count":1,"href":"https:\/\/filmfestivaldorf.com\/hr\/wp-json\/wp\/v2\/posts\/774\/revisions"}],"predecessor-version":[{"id":775,"href":"https:\/\/filmfestivaldorf.com\/hr\/wp-json\/wp\/v2\/posts\/774\/revisions\/775"}],"wp:attachment":[{"href":"https:\/\/filmfestivaldorf.com\/hr\/wp-json\/wp\/v2\/media?parent=774"}],"wp:term":[{"taxonomy":"category","embeddable":true,"href":"https:\/\/filmfestivaldorf.com\/hr\/wp-json\/wp\/v2\/categories?post=774"},{"taxonomy":"post_tag","embeddable":true,"href":"https:\/\/filmfestivaldorf.com\/hr\/wp-json\/wp\/v2\/tags?post=774"}],"curies":[{"name":"wp","href":"https:\/\/api.w.org\/{rel}","templated":true}]}}