{"id":780,"date":"2018-08-20T15:07:05","date_gmt":"2018-08-20T15:07:05","guid":{"rendered":"https:\/\/filmfestivaldorf.com\/hr\/?p=780"},"modified":"2020-05-23T15:07:56","modified_gmt":"2020-05-23T15:07:56","slug":"pocinju-6-anticke-filmske-veceri","status":"publish","type":"post","link":"https:\/\/filmfestivaldorf.com\/hr\/2018\/08\/20\/pocinju-6-anticke-filmske-veceri\/","title":{"rendered":"PO\u010cINJU 6.ANTI\u010cKE FILMSKE VE\u010cERI"},"content":{"rendered":"<figure class=\"featured-media\">\n<div class=\"featured-media-inner section-inner\"><img loading=\"lazy\" class=\"attachment-post-thumbnail size-post-thumbnail wp-post-image\" src=\"https:\/\/filmfestivaldorf.com\/hrv\/wp-content\/uploads\/2018\/08\/anticke-pingvin-banner-page-002-Copy.jpg\" sizes=\"(max-width: 710px) 100vw, 710px\" srcset=\"https:\/\/filmfestivaldorf.com\/hrv\/wp-content\/uploads\/2018\/08\/anticke-pingvin-banner-page-002-Copy.jpg 710w, https:\/\/filmfestivaldorf.com\/hrv\/wp-content\/uploads\/2018\/08\/anticke-pingvin-banner-page-002-Copy-300x203.jpg 300w\" alt=\"\" width=\"710\" height=\"480\" \/><\/div>\n<\/figure>\n<div class=\"post-inner thin \">\n<div class=\"entry-content\">\n<p>::<span id=\"more-12046\"><\/span><\/p>\n<p>Ve\u0107 \u0161estu godinu, u suradnji sa Gradskim muzejom Vinkovci \u2013 u lapidariju od 20-22.8. posjetitelji mogu pratiti projekcije filmova, glazbeno-filmski kviz, a organizirana je i dvodnevna filmska radionica.<\/p>\n<p>U fokusu ovog izdanja je vinkova\u010dki radio, a tom prigodom nakon projekcije filma organiziran je i razgovor sa autorom Vedranom \u0160uvakom i voditeljima Milanom Lazarevi\u0107em i Dubravkom Matakovi\u0107em. \u0160uvakov studentski rad, kratki dokumentarni film \u201c\u017divjeti VK\u201d je jedini dokument kultne emisije \u201cZbilja znanosnih bespu\u0107a\u201d, na uga\u0161enom radiju VFM. Osim toga, premijerno gledamo dokumentarni film \u201cScream for me Sarajevo\u201d, autora Tarika Hod\u017ei\u0107a (BiH), o kultnom koncertu Brucea Dickinsona 1994. u Sarajevu pod opsadom.\u00a0 U utorak je na programu film iznena\u0111enja.<\/p>\n<p>U popratnom programu organizirana je dvodnevna filmska radionica, koju vodi Darko Bu\u0161nja, svi zainteresirani mogu doci u utorak i srijedu od 18:00 sati u lapidarij. Tradicionalni glazbeno-filmski kviz na programu je u srijedu u 19:30 sati. Hrvoje vuli\u0107 iz Gradskog muzeja odr\u017eat \u0107e predavanje u utorak u 19:30 sati o zbirci anti\u010dkog srebra.<\/p>\n<p>LAPIDARIJ GRADSKOG MUZEJA VINKOVCI<br \/>\n20.8. (ponedjeljak)<br \/>\n20:30 Sve\u010dano otvorenje<br \/>\n20:40 \u201eScream for me Sarajevo\u201c, dokumentarni film<br \/>\n22:00 DJ Siky\/Na\u0161a stvar<br \/>\n21.8. (utorak)<br \/>\n18:00 Filmska radionica<br \/>\n20:30 Film iznena\u0111enja<br \/>\n22.8. (srijeda)<br \/>\n18:00 Filmska radionica<br \/>\n19:30 Glazbeno-filmski kviz<br \/>\n20:30 \u201e\u017divjeti VK\u201c, dokumentarni film Vedrana \u0160uvaka<br \/>\n+ razgovor o vinkova\u010dkim radijskim postajama<\/p>\n<p>22:00 DJ Zolja<\/p>\n<\/div>\n<\/div>\n","protected":false},"excerpt":{"rendered":"<p>:: Ve\u0107 \u0161estu godinu, u suradnji sa Gradskim muzejom Vinkovci \u2013 u lapidariju od 20-22.8. posjetitelji mogu pratiti projekcije filmova, glazbeno-filmski kviz, a organizirana je i dvodnevna filmska radionica. U fokusu ovog izdanja je vinkova\u010dki radio, a tom prigodom nakon projekcije filma organiziran je i razgovor sa autorom Vedranom \u0160uvakom i voditeljima Milanom Lazarevi\u0107em i [&#8230;]\n","protected":false},"author":1,"featured_media":0,"comment_status":"closed","ping_status":"closed","sticky":false,"template":"","format":"standard","meta":{"_monsterinsights_skip_tracking":false,"_monsterinsights_sitenote_active":false,"_monsterinsights_sitenote_note":"","_monsterinsights_sitenote_category":0,"_links_to":"","_links_to_target":""},"categories":[1],"tags":[],"aioseo_notices":[],"_links":{"self":[{"href":"https:\/\/filmfestivaldorf.com\/hr\/wp-json\/wp\/v2\/posts\/780"}],"collection":[{"href":"https:\/\/filmfestivaldorf.com\/hr\/wp-json\/wp\/v2\/posts"}],"about":[{"href":"https:\/\/filmfestivaldorf.com\/hr\/wp-json\/wp\/v2\/types\/post"}],"author":[{"embeddable":true,"href":"https:\/\/filmfestivaldorf.com\/hr\/wp-json\/wp\/v2\/users\/1"}],"replies":[{"embeddable":true,"href":"https:\/\/filmfestivaldorf.com\/hr\/wp-json\/wp\/v2\/comments?post=780"}],"version-history":[{"count":1,"href":"https:\/\/filmfestivaldorf.com\/hr\/wp-json\/wp\/v2\/posts\/780\/revisions"}],"predecessor-version":[{"id":781,"href":"https:\/\/filmfestivaldorf.com\/hr\/wp-json\/wp\/v2\/posts\/780\/revisions\/781"}],"wp:attachment":[{"href":"https:\/\/filmfestivaldorf.com\/hr\/wp-json\/wp\/v2\/media?parent=780"}],"wp:term":[{"taxonomy":"category","embeddable":true,"href":"https:\/\/filmfestivaldorf.com\/hr\/wp-json\/wp\/v2\/categories?post=780"},{"taxonomy":"post_tag","embeddable":true,"href":"https:\/\/filmfestivaldorf.com\/hr\/wp-json\/wp\/v2\/tags?post=780"}],"curies":[{"name":"wp","href":"https:\/\/api.w.org\/{rel}","templated":true}]}}